{"id":55115,"date":"2024-10-25T15:50:07","date_gmt":"2024-10-25T18:50:07","guid":{"rendered":"https:\/\/www.greenpeace.org\/brasil\/?p=55115"},"modified":"2024-11-01T10:17:55","modified_gmt":"2024-11-01T13:17:55","slug":"jovens-do-sul-global-unem-forcas-por-justica-climatica-em-acampamento-na-tanzania","status":"publish","type":"post","link":"https:\/\/www.greenpeace.org\/brasil\/blog\/jovens-do-sul-global-unem-forcas-por-justica-climatica-em-acampamento-na-tanzania\/","title":{"rendered":"Jovens do Sul Global unem for\u00e7as por justi\u00e7a clim\u00e1tica em Acampamento na Tanz\u00e2nia"},"content":{"rendered":"\n<h4 class=\"wp-block-heading\">No encontro, uma rede se forma para compartilhar lutas, construir alian\u00e7as e tra\u00e7ar estrat\u00e9gias de enfrentamento \u00e0 crise clim\u00e1tica e \u00e0s desigualdades<\/h4>\n\n<figure class=\"wp-block-image size-large is-resized\"><img loading=\"lazy\" decoding=\"async\" width=\"1024\" height=\"683\" src=\"https:\/\/www.greenpeace.org\/static\/planet4-brasil-stateless\/2024\/10\/d7c321fc-photo-credit_-magsman-media-1024x683.jpeg\" alt=\"\" class=\"wp-image-55116\" style=\"width:736px;height:auto\" srcset=\"https:\/\/www.greenpeace.org\/static\/planet4-brasil-stateless\/2024\/10\/d7c321fc-photo-credit_-magsman-media-1024x683.jpeg 1024w, https:\/\/www.greenpeace.org\/static\/planet4-brasil-stateless\/2024\/10\/d7c321fc-photo-credit_-magsman-media-300x200.jpeg 300w, https:\/\/www.greenpeace.org\/static\/planet4-brasil-stateless\/2024\/10\/d7c321fc-photo-credit_-magsman-media-768x512.jpeg 768w, https:\/\/www.greenpeace.org\/static\/planet4-brasil-stateless\/2024\/10\/d7c321fc-photo-credit_-magsman-media-1536x1025.jpeg 1536w, https:\/\/www.greenpeace.org\/static\/planet4-brasil-stateless\/2024\/10\/d7c321fc-photo-credit_-magsman-media-510x340.jpeg 510w\" sizes=\"auto, (max-width: 1024px) 100vw, 1024px\" \/><figcaption class=\"wp-element-caption\">Acampamento Global de Justi\u00e7a Clim\u00e1tica, na Tanz\u00e2nia, outubro de 2024. Foto: Magsman Media <\/figcaption><\/figure>\n\n<p>Este texto \u00e9 sobre uma jornada que nos levou n\u00e3o apenas a cruzar o Oceano Atl\u00e2ntico, mas a atravessar o continente africano at\u00e9 bem perto do Oceano \u00cdndico. O destino final? O<strong> Acampamento Global de Justi\u00e7a Clim\u00e1tica<\/strong>, na Tanz\u00e2nia, no cora\u00e7\u00e3o da \u00c1frica Subsaariana, onde 300 jovens ativistas do Sul Global se reuniram para compartilhar hist\u00f3rias, construir alian\u00e7as e trocar experi\u00eancias. <strong>Apesar das dist\u00e2ncias geogr\u00e1ficas, as lutas que nos unem mostram o quanto temos em comum na busca por um futuro mais justo, resiliente e sustent\u00e1vel.<\/strong><\/p>\n\n<p>Entre os dias 8 e 12 de outubro de 2024, a delega\u00e7\u00e3o do Greenpeace Brasil participou desse encontro na cidade de Arusha. A viagem de alguns membros da delega\u00e7\u00e3o incluiu at\u00e9 quatro voos e mais de 24 horas de deslocamento, em meio a muitas expectativas e ansiedades.<\/p>\n\n<figure class=\"wp-block-image size-large\"><img loading=\"lazy\" decoding=\"async\" width=\"768\" height=\"1024\" src=\"https:\/\/www.greenpeace.org\/static\/planet4-brasil-stateless\/2024\/10\/9718a554-terceiro-1-768x1024.jpeg\" alt=\"\" class=\"wp-image-55121\" srcset=\"https:\/\/www.greenpeace.org\/static\/planet4-brasil-stateless\/2024\/10\/9718a554-terceiro-1-768x1024.jpeg 768w, https:\/\/www.greenpeace.org\/static\/planet4-brasil-stateless\/2024\/10\/9718a554-terceiro-1-225x300.jpeg 225w, https:\/\/www.greenpeace.org\/static\/planet4-brasil-stateless\/2024\/10\/9718a554-terceiro-1-1152x1536.jpeg 1152w, https:\/\/www.greenpeace.org\/static\/planet4-brasil-stateless\/2024\/10\/9718a554-terceiro-1-1536x2048.jpeg 1536w, https:\/\/www.greenpeace.org\/static\/planet4-brasil-stateless\/2024\/10\/9718a554-terceiro-1-1025x1366.jpeg 1025w, https:\/\/www.greenpeace.org\/static\/planet4-brasil-stateless\/2024\/10\/9718a554-terceiro-1-255x340.jpeg 255w, https:\/\/www.greenpeace.org\/static\/planet4-brasil-stateless\/2024\/10\/9718a554-terceiro-1-scaled.jpeg 1920w\" sizes=\"auto, (max-width: 768px) 100vw, 768px\" \/><figcaption class=\"wp-element-caption\">Delega\u00e7\u00e3o brasileira do Greenpeace Brasil no Aeroporto de Guarulhos, em S\u00e3o Paulo, momentos antes de embarcar para o Acampamento Global de Justi\u00e7a Clim\u00e1tica, na Tanz\u00e2nia. Outubro de 2024.<\/figcaption><\/figure>\n\n<p>Nosso primeiro encontro aconteceu ainda no Brasil, no aeroporto de Guarulhos, onde representantes de todas as regi\u00f5es do pa\u00eds se reuniram para embarcar. Voamos primeiro para Doha, no Catar, depois para Zanzibar, uma ilha da Tanz\u00e2nia, e finalmente, Arusha, o destino final.<\/p>\n\n<p>O Acampamento foi criado para reunir jovens que est\u00e3o na linha de frente da crise clim\u00e1tica, permitindo que juntos articulem a\u00e7\u00f5es e pressionem l\u00edderes globais e corpora\u00e7\u00f5es para reduzir emiss\u00f5es, promover medidas de adapta\u00e7\u00e3o e exigir repara\u00e7\u00f5es pelos danos sofridos pelas comunidades menos respons\u00e1veis pela crise, mas as mais afetadas.<\/p>\n\n<p>A imagem mais forte que me vem \u00e0 mente sobre todos esses dias \u00e9 a de uma grande teia, forte, complexa, com tramas por vezes sim\u00e9tricas ou assim\u00e9tricas, mas precisas, desenhadas para acolher toda a diversidade que se entrela\u00e7a em sua estrutura. Sua for\u00e7a n\u00e3o est\u00e1 apenas na apar\u00eancia, mas na capacidade de segurar o que, a princ\u00edpio, parece imposs\u00edvel: as dores, os desafios e os sonhos compartilhados que se unem para (re)tecer o presente e desenhar um futuro que resiste e responde ao impacto mais avassalador das mudan\u00e7as clim\u00e1ticas, garantindo direitos a quem \u00e9 ou foi mais impactado, com recursos suficientes para sua resili\u00eancia e manuten\u00e7\u00e3o do bem viver.<\/p>\n\n<figure class=\"wp-block-image size-large\"><img loading=\"lazy\" decoding=\"async\" width=\"1024\" height=\"683\" src=\"https:\/\/www.greenpeace.org\/static\/planet4-brasil-stateless\/2024\/10\/abbd043c-photo-credit_-magsman-media-2-1024x683.jpeg\" alt=\"\" class=\"wp-image-55119\" srcset=\"https:\/\/www.greenpeace.org\/static\/planet4-brasil-stateless\/2024\/10\/abbd043c-photo-credit_-magsman-media-2-1024x683.jpeg 1024w, https:\/\/www.greenpeace.org\/static\/planet4-brasil-stateless\/2024\/10\/abbd043c-photo-credit_-magsman-media-2-300x200.jpeg 300w, https:\/\/www.greenpeace.org\/static\/planet4-brasil-stateless\/2024\/10\/abbd043c-photo-credit_-magsman-media-2-768x512.jpeg 768w, https:\/\/www.greenpeace.org\/static\/planet4-brasil-stateless\/2024\/10\/abbd043c-photo-credit_-magsman-media-2-1536x1025.jpeg 1536w, https:\/\/www.greenpeace.org\/static\/planet4-brasil-stateless\/2024\/10\/abbd043c-photo-credit_-magsman-media-2-510x340.jpeg 510w\" sizes=\"auto, (max-width: 1024px) 100vw, 1024px\" \/><figcaption class=\"wp-element-caption\">Feira de troca de experi\u00eancias durante o Acampamento Global de Justi\u00e7a Clim\u00e1tica, na Tanz\u00e2nia, em outubro de 2024. Foto: Magsman Media <\/figcaption><\/figure>\n\n<h3 class=\"wp-block-heading\"><strong>O dia a dia de um acampamento clim\u00e1tico<\/strong><\/h3>\n\n<p>Os dias come\u00e7avam com um caf\u00e9 da manh\u00e3 repleto de oportunidades. Era o momento de conhecer novas pessoas, mergulhar em suas hist\u00f3rias, discutir projetos e desafios, e compartilhar contatos que muitas vezes resultaram em novas amizades.<\/p>\n\n<p>Depois do caf\u00e9, os jovens de mais de 100 pa\u00edses se reuniam em salas para debater temas de interesse, como <strong>COP (Confer\u00eancia do Clima da ONU), g\u00eanero e clima, &#8220;justi\u00e7a clim\u00e1tica, conflito e desmilitariza\u00e7\u00e3o&#8221;, transi\u00e7\u00e3o energ\u00e9tica, adapta\u00e7\u00e3o e resili\u00eancia, e polui\u00e7\u00e3o por pl\u00e1stico.<\/strong> O dia era preenchido com oficinas, palestras e trocas de experi\u00eancias que fomentavam um ambiente de aprendizado constante.<\/p>\n\n<figure class=\"wp-block-image size-large\"><img loading=\"lazy\" decoding=\"async\" width=\"1024\" height=\"768\" src=\"https:\/\/www.greenpeace.org\/static\/planet4-brasil-stateless\/2024\/10\/464e412e-whatsapp-image-2024-10-19-at-07.48.14-1-1024x768.jpeg\" alt=\"\" class=\"wp-image-55120\" srcset=\"https:\/\/www.greenpeace.org\/static\/planet4-brasil-stateless\/2024\/10\/464e412e-whatsapp-image-2024-10-19-at-07.48.14-1-1024x768.jpeg 1024w, https:\/\/www.greenpeace.org\/static\/planet4-brasil-stateless\/2024\/10\/464e412e-whatsapp-image-2024-10-19-at-07.48.14-1-300x225.jpeg 300w, https:\/\/www.greenpeace.org\/static\/planet4-brasil-stateless\/2024\/10\/464e412e-whatsapp-image-2024-10-19-at-07.48.14-1-768x576.jpeg 768w, https:\/\/www.greenpeace.org\/static\/planet4-brasil-stateless\/2024\/10\/464e412e-whatsapp-image-2024-10-19-at-07.48.14-1-1536x1152.jpeg 1536w, https:\/\/www.greenpeace.org\/static\/planet4-brasil-stateless\/2024\/10\/464e412e-whatsapp-image-2024-10-19-at-07.48.14-1-2048x1536.jpeg 2048w, https:\/\/www.greenpeace.org\/static\/planet4-brasil-stateless\/2024\/10\/464e412e-whatsapp-image-2024-10-19-at-07.48.14-1-1821x1366.jpeg 1821w, https:\/\/www.greenpeace.org\/static\/planet4-brasil-stateless\/2024\/10\/464e412e-whatsapp-image-2024-10-19-at-07.48.14-1-453x340.jpeg 453w\" sizes=\"auto, (max-width: 1024px) 100vw, 1024px\" \/><figcaption class=\"wp-element-caption\">Delega\u00e7\u00e3o brasileira do Greenpeace Brasil no Acampamento Global de Justi\u00e7a Clim\u00e1tica, na Tanz\u00e2nia, em outubro de 2024.  Da esquerda pra direita, na frente, Camila Doretto, do Greenpeace Brasil, Bruno Thomazi Zanette, do coletivo Eco Pelo Clima (RS),  Mateus Fernandes, comunicador e ativista clim\u00e1tico de Guarulhos (SP), Janderson Souza, do Time de Ativistas do Greenpeace Manaus e Tamires de Oliveira, do Grupo de Volunt\u00e1rios do Greenpeace Brasil em Jo\u00e3o Pessoa (PB). Na fileira de tr\u00e1s, da esquerda pra direita, Rafael Ferraz e Rodrigo Jesus, do Greenpeace Brasil,  Ana Rosa Cyrus, de Bel\u00e9m e representante do Engajamundo, Nat\u00e1lia Mapu\u00e1, de Bel\u00e9m e representante da Coopera\u00e7\u00e3o da Juventude Amaz\u00f4nida para o Desenvolvimento Sustent\u00e1vel (COJOVEM) e Sally Freitas, jovem ind\u00edgena ativista do povo Guarani Nhandeva, do Mato Grosso do Sul,.<\/figcaption><\/figure>\n\n<h3 class=\"wp-block-heading\"><strong>Delega\u00e7\u00e3o Brasileira do Greenpeace Brasil<\/strong><\/h3>\n\n<p>A delega\u00e7\u00e3o brasileira do Greenpeace Brasil, composta por representantes da campanha de Justi\u00e7a Clim\u00e1tica e do time de Mobiliza\u00e7\u00e3o de Comunidades da organiza\u00e7\u00e3o, volunt\u00e1rios e jovens ativistas de diferentes regi\u00f5es do pa\u00eds, levou a diversidade do nosso pa\u00eds para compartilhar prioridades sob a \u00f3tica da Justi\u00e7a Clim\u00e1tica. Eles e elas colocaram o Brasil no centro das discuss\u00f5es globais sobre adapta\u00e7\u00e3o clim\u00e1tica e uma transi\u00e7\u00e3o energ\u00e9tica justa.<\/p>\n\n<p>Em um painel sobre a COP 30, a Confer\u00eancia do Clima da ONU, os jovens brasileiros discutiram os impactos do evento tanto para a cidade sede do evento, Bel\u00e9m, no Par\u00e1, quanto para os ativistas clim\u00e1ticos de favelas e territ\u00f3rios ind\u00edgenas de outras regi\u00f5es que se preparam para o encontro mundial. <\/p>\n\n<p>Participaram do debate Nat\u00e1lia Mapu\u00e1, da Coopera\u00e7\u00e3o da Juventude Amaz\u00f4nida para o Desenvolvimento Sustent\u00e1vel (COJOVEM), Ana Rosa Cyrus, do Engajamundo, ambas de Bel\u00e9m, Mateus Fernandes, comunicador e ativista clim\u00e1tico morador de Tabo\u00e3o, um bairro perif\u00e9rico de Guarulhos, na regi\u00e3o metropolitana de S\u00e3o Paulo, Sally Freitas, jovem ind\u00edgena ativista do povo Guarani Nhandeva, do Mato Grosso do Sul, comunicadora da Apib e da Assembleia Geral do povo Kaiow\u00e1 e Guarani, Bruno Thomazi Zanette, do coletivo Eco Pelo Clima, do Rio Grande do Sul, e Mikaelle Farias, de Jo\u00e3o Pessoa (PB), representante do Fridays For Futures e da Palmares Lab.<\/p>\n\n<figure class=\"wp-block-image size-large\"><img loading=\"lazy\" decoding=\"async\" width=\"1024\" height=\"769\" src=\"https:\/\/www.greenpeace.org\/static\/planet4-brasil-stateless\/2024\/10\/fb6755bb-whatsapp-image-2024-10-25-at-15.30.42-1024x769.jpeg\" alt=\"\" class=\"wp-image-55122\" srcset=\"https:\/\/www.greenpeace.org\/static\/planet4-brasil-stateless\/2024\/10\/fb6755bb-whatsapp-image-2024-10-25-at-15.30.42-1024x769.jpeg 1024w, https:\/\/www.greenpeace.org\/static\/planet4-brasil-stateless\/2024\/10\/fb6755bb-whatsapp-image-2024-10-25-at-15.30.42-300x225.jpeg 300w, https:\/\/www.greenpeace.org\/static\/planet4-brasil-stateless\/2024\/10\/fb6755bb-whatsapp-image-2024-10-25-at-15.30.42-768x577.jpeg 768w, https:\/\/www.greenpeace.org\/static\/planet4-brasil-stateless\/2024\/10\/fb6755bb-whatsapp-image-2024-10-25-at-15.30.42-453x340.jpeg 453w, https:\/\/www.greenpeace.org\/static\/planet4-brasil-stateless\/2024\/10\/fb6755bb-whatsapp-image-2024-10-25-at-15.30.42.jpeg 1156w\" sizes=\"auto, (max-width: 1024px) 100vw, 1024px\" \/><\/figure>\n\n<p>A juventude trouxe um olhar cr\u00edtico sobre a presen\u00e7a massiva e crescente de lobistas petroleiros nas confer\u00eancias do clima e alertou para o fato dos recentes flertes do governo brasileiro com a explora\u00e7\u00e3o de petr\u00f3leo na Foz do Amazonas. Al\u00e9m disso, Nat\u00e1lia Mapu\u00e1 enfatizou a import\u00e2ncia de ocupar esses espa\u00e7os com lideran\u00e7as que realmente est\u00e3o na linha de frente da crise clim\u00e1tica, como as comunidades locais, especialmente ind\u00edgenas e amaz\u00f4nidas.<\/p>\n\n<p>Ana Rosa Cyrus alertou para o fato de que o Sul Global precisa aproveitar essa oportunidade da COP no Brasil questionando e pressionando diretamente as estruturas de poder. &#8220;A ONU n\u00e3o vai se moldar pra gente. Nossa grande oportunidade agora \u00e9 tentar hackear esse processo por dentro. Por que n\u00e3o podemos aproveitar essa chance para que os nossos sejam l\u00edderes desse processo?&#8221;, pontua.<\/p>\n\n<p>\u201cA oportunidade est\u00e1 em abrir esses espa\u00e7os para uma representa\u00e7\u00e3o genu\u00edna, garantindo que o protagonismo esteja com aqueles que mais sofrem as consequ\u00eancias da crise e n\u00e3o com os que lucram com ela\u201d, complementa.<\/p>\n<div data-hydrate=\"planet4-blocks\/gallery\" data-attributes=\"{&quot;attributes&quot;:{&quot;multiple_image&quot;:&quot;55123,55124&quot;,&quot;image_data&quot;:[{&quot;url&quot;:&quot;https:\\\/\\\/www.greenpeace.org\\\/static\\\/planet4-brasil-stateless\\\/2024\\\/10\\\/0cb8caf1-img_9291-scaled.jpg&quot;,&quot;focalPoint&quot;:{&quot;x&quot;:0.5,&quot;y&quot;:0.5},&quot;id&quot;:55123},{&quot;url&quot;:&quot;https:\\\/\\\/www.greenpeace.org\\\/static\\\/planet4-brasil-stateless\\\/2024\\\/10\\\/93f0213b-img_6201_jpg-scaled.jpg&quot;,&quot;focalPoint&quot;:{&quot;x&quot;:0.5,&quot;y&quot;:0.5},&quot;id&quot;:55124}],&quot;gallery_block_style&quot;:0,&quot;gallery_block_title&quot;:&quot;&quot;,&quot;gallery_block_description&quot;:&quot;&quot;,&quot;gallery_block_focus_points&quot;:&quot;&quot;,&quot;images&quot;:[{&quot;image_src&quot;:&quot;https:\\\/\\\/www.greenpeace.org\\\/static\\\/planet4-brasil-stateless\\\/2024\\\/10\\\/0cb8caf1-img_9291-scaled.jpg&quot;,&quot;image_srcset&quot;:&quot;https:\\\/\\\/www.greenpeace.org\\\/static\\\/planet4-brasil-stateless\\\/2024\\\/10\\\/0cb8caf1-img_9291-scaled.jpg 2560w, https:\\\/\\\/www.greenpeace.org\\\/static\\\/planet4-brasil-stateless\\\/2024\\\/10\\\/0cb8caf1-img_9291-300x194.jpg 300w, https:\\\/\\\/www.greenpeace.org\\\/static\\\/planet4-brasil-stateless\\\/2024\\\/10\\\/0cb8caf1-img_9291-1024x663.jpg 1024w, https:\\\/\\\/www.greenpeace.org\\\/static\\\/planet4-brasil-stateless\\\/2024\\\/10\\\/0cb8caf1-img_9291-768x497.jpg 768w, https:\\\/\\\/www.greenpeace.org\\\/static\\\/planet4-brasil-stateless\\\/2024\\\/10\\\/0cb8caf1-img_9291-1536x995.jpg 1536w, https:\\\/\\\/www.greenpeace.org\\\/static\\\/planet4-brasil-stateless\\\/2024\\\/10\\\/0cb8caf1-img_9291-2048x1326.jpg 2048w, https:\\\/\\\/www.greenpeace.org\\\/static\\\/planet4-brasil-stateless\\\/2024\\\/10\\\/0cb8caf1-img_9291-510x330.jpg 510w&quot;,&quot;image_sizes&quot;:false,&quot;alt_text&quot;:&quot;&quot;,&quot;caption&quot;:&quot;Mateus Fernandes, comunicador perif\\u00e9rico e ativista clim\\u00e1tico morador de Guarulhos, na regi\\u00e3o metropolitana de S\\u00e3o Paulo durante sua oficina no Acampamento Global de Justi\\u00e7a Clim\\u00e1tica, na Tanz\\u00e2nia,&quot;,&quot;focus_image&quot;:&quot;&quot;,&quot;credits&quot;:&quot;&quot;},{&quot;image_src&quot;:&quot;https:\\\/\\\/www.greenpeace.org\\\/static\\\/planet4-brasil-stateless\\\/2024\\\/10\\\/93f0213b-img_6201_jpg-scaled.jpg&quot;,&quot;image_srcset&quot;:&quot;https:\\\/\\\/www.greenpeace.org\\\/static\\\/planet4-brasil-stateless\\\/2024\\\/10\\\/93f0213b-img_6201_jpg-scaled.jpg 2560w, https:\\\/\\\/www.greenpeace.org\\\/static\\\/planet4-brasil-stateless\\\/2024\\\/10\\\/93f0213b-img_6201_jpg-300x225.jpg 300w, https:\\\/\\\/www.greenpeace.org\\\/static\\\/planet4-brasil-stateless\\\/2024\\\/10\\\/93f0213b-img_6201_jpg-1024x768.jpg 1024w, https:\\\/\\\/www.greenpeace.org\\\/static\\\/planet4-brasil-stateless\\\/2024\\\/10\\\/93f0213b-img_6201_jpg-768x576.jpg 768w, https:\\\/\\\/www.greenpeace.org\\\/static\\\/planet4-brasil-stateless\\\/2024\\\/10\\\/93f0213b-img_6201_jpg-1536x1152.jpg 1536w, https:\\\/\\\/www.greenpeace.org\\\/static\\\/planet4-brasil-stateless\\\/2024\\\/10\\\/93f0213b-img_6201_jpg-2048x1536.jpg 2048w, https:\\\/\\\/www.greenpeace.org\\\/static\\\/planet4-brasil-stateless\\\/2024\\\/10\\\/93f0213b-img_6201_jpg-1821x1366.jpg 1821w, https:\\\/\\\/www.greenpeace.org\\\/static\\\/planet4-brasil-stateless\\\/2024\\\/10\\\/93f0213b-img_6201_jpg-453x340.jpg 453w&quot;,&quot;image_sizes&quot;:false,&quot;alt_text&quot;:&quot;&quot;,&quot;caption&quot;:&quot;Tamires de Oliveira, de Jo\\u00e3o Pessoa (PB), no Acampamento Global de Justi\\u00e7a Clim\\u00e1tica, na Tanz\\u00e2nia, &quot;,&quot;focus_image&quot;:&quot;&quot;,&quot;credits&quot;:&quot;&quot;}]}}\"><section class=\"block carousel-wrap \"><\/section><\/div>\n<p>Tamires de Oliveira, do Grupo de Volunt\u00e1rios do Greenpeace Brasil em Jo\u00e3o Pessoa, e Mateus Fernandes, ativista e comunicador de S\u00e3o Paulo, conduziram oficinas sobre \u201c<strong>Ativismo Socioambiental e Seguran\u00e7a Alimentar: Estrat\u00e9gias para a Sustentabilidade e Resili\u00eancia Comunit\u00e1ria\u201d<\/strong> e <strong>\u201cEstrat\u00e9gias de Mobiliza\u00e7\u00e3o e Incid\u00eancia em Pol\u00edticas P\u00fablicas Latino-Americanas\u201d<\/strong>, respectivamente.<\/p>\n\n<p>Tamires apresentou a iniciativa de uma horta comunit\u00e1ria em seu territ\u00f3rio, a Horta Comunit\u00e1ria do Timb\u00f3, que tem como objetivo n\u00e3o s\u00f3 o cultivo de alimentos como forma de fortalecer a resili\u00eancia local, mas tamb\u00e9m de promover o empoderamento da juventude e o fortalecimento da comunidade.<\/p>\n\n<p><strong>\u201cAs conex\u00f5es que tenho feito t\u00eam me chamado muita aten\u00e7\u00e3o porque me tiram do meu lugar e me colocam em outro, onde consigo compreender outras realidades e at\u00e9 enxergar um pouco da minha dentro de contextos que pareciam t\u00e3o diferentes at\u00e9 ent\u00e3o. Isso tem sido, para mim, fant\u00e1stico e desafiador tamb\u00e9m\u201d<\/strong>, comenta Tamires.<\/p>\n\n<p>Mateus, por sua vez, conduziu sua oficina incentivando participantes de diversos pa\u00edses a identificar os principais problemas e vulnerabilidades causados pela crise clim\u00e1tica na Am\u00e9rica Latina. Juntos, os participantes exploraram solu\u00e7\u00f5es colaborativas, culminando em um forte sentimento de identidade compartilhada ao perceberem a semelhan\u00e7a entre desafios e solu\u00e7\u00f5es.<\/p>\n\n<p><strong>&#8220;Compartilhar minha hist\u00f3ria de vida, ocupar esse espa\u00e7o, me trouxe in\u00fameros conhecimentos sobre outras lutas, mas, principalmente, sobre o que podemos fazer enquanto povos da Am\u00e9rica Latina. \u00c9 importante ressaltar que o enfrentamento da crise clim\u00e1tica \u00e9 um desafio coletivo que exige uni\u00e3o e aprendizado com outras comunidades, principalmente as mais afetadas no Sul Global&#8221;<\/strong>, compartilha Mateus, que foi respons\u00e1vel pela cobertura do Acampamento para as Redes Sociais do Greenpeace Brasil.<\/p>\n\n<figure class=\"wp-block-image size-large\"><img loading=\"lazy\" decoding=\"async\" width=\"1024\" height=\"683\" src=\"https:\/\/www.greenpeace.org\/static\/planet4-brasil-stateless\/2024\/10\/123240d1-photo-credit_-magsman-media-3-1024x683.jpeg\" alt=\"\" class=\"wp-image-55125\" srcset=\"https:\/\/www.greenpeace.org\/static\/planet4-brasil-stateless\/2024\/10\/123240d1-photo-credit_-magsman-media-3-1024x683.jpeg 1024w, https:\/\/www.greenpeace.org\/static\/planet4-brasil-stateless\/2024\/10\/123240d1-photo-credit_-magsman-media-3-300x200.jpeg 300w, https:\/\/www.greenpeace.org\/static\/planet4-brasil-stateless\/2024\/10\/123240d1-photo-credit_-magsman-media-3-768x512.jpeg 768w, https:\/\/www.greenpeace.org\/static\/planet4-brasil-stateless\/2024\/10\/123240d1-photo-credit_-magsman-media-3-1536x1025.jpeg 1536w, https:\/\/www.greenpeace.org\/static\/planet4-brasil-stateless\/2024\/10\/123240d1-photo-credit_-magsman-media-3-510x340.jpeg 510w\" sizes=\"auto, (max-width: 1024px) 100vw, 1024px\" \/><figcaption class=\"wp-element-caption\">Acampamento Global de Justi\u00e7a Clim\u00e1tica, na Tanz\u00e2nia, outubro de 2024. Foto: Magsman Media<\/figcaption><\/figure>\n\n<p><strong>Justi\u00e7a clim\u00e1tica j\u00e1!<\/strong><\/p>\n\n<p>O Sul Global \u00e9 uma das regi\u00f5es mais vulner\u00e1veis \u00e0s mudan\u00e7as clim\u00e1ticas e sofre com os impactos diariamente. Existe uma injusti\u00e7a hist\u00f3rica: os pa\u00edses e comunidades que menos contribu\u00edram para o problema s\u00e3o os que mais sofrem. As na\u00e7\u00f5es do Norte Global n\u00e3o reduziram suas emiss\u00f5es como deveriam e nem enviaram recursos para que os pa\u00edses mais afetados se adaptassem \u00e0s mudan\u00e7as clim\u00e1ticas. Eventos internacionais como a COP29 e COP30 s\u00e3o essenciais para avan\u00e7ar nessas quest\u00f5es. Pessoas, governos e empresas precisam agir, pois todos temos um papel nessa mudan\u00e7a. <\/p>\n\n<p>A mudan\u00e7a sist\u00e9mica e uma transforma\u00e7\u00e3o real e significativa s\u00f3 \u00e9 poss\u00edvel se nos unirmos, cobrarmos e pressionarmos expondo os maiores respons\u00e1veis pela crise mundial do clima que vem provocando mortes. S\u00f3 com uni\u00e3o conseguiremos promover uma transforma\u00e7\u00e3o significativa.<\/p>\n\n<p><\/p>\n","protected":false},"excerpt":{"rendered":"<p>No encontro, uma rede se forma para compartilhar lutas, construir alian\u00e7as e tra\u00e7ar estrat\u00e9gias de enfrentamento \u00e0 crise clim\u00e1tica e \u00e0s desigualdades<\/p>\n","protected":false},"author":67,"featured_media":55116,"comment_status":"open","ping_status":"closed","sticky":false,"template":"","format":"standard","meta":{"ep_exclude_from_search":false,"p4_og_title":"","p4_og_description":"","p4_og_image":"","p4_og_image_id":"","p4_seo_canonical_url":"","p4_campaign_name":"","p4_local_project":"","p4_basket_name":"","p4_department":"","footnotes":""},"categories":[48],"tags":[42,23],"p4-page-type":[16],"class_list":["post-55115","post","type-post","status-publish","format-standard","has-post-thumbnail","hentry","category-justica-climatica","tag-justica-climatica","tag-mobilizacao","p4-page-type-blog"],"_links":{"self":[{"href":"https:\/\/www.greenpeace.org\/brasil\/wp-json\/wp\/v2\/posts\/55115","targetHints":{"allow":["GET"]}}],"collection":[{"href":"https:\/\/www.greenpeace.org\/brasil\/wp-json\/wp\/v2\/posts"}],"about":[{"href":"https:\/\/www.greenpeace.org\/brasil\/wp-json\/wp\/v2\/types\/post"}],"author":[{"embeddable":true,"href":"https:\/\/www.greenpeace.org\/brasil\/wp-json\/wp\/v2\/users\/67"}],"replies":[{"embeddable":true,"href":"https:\/\/www.greenpeace.org\/brasil\/wp-json\/wp\/v2\/comments?post=55115"}],"version-history":[{"count":16,"href":"https:\/\/www.greenpeace.org\/brasil\/wp-json\/wp\/v2\/posts\/55115\/revisions"}],"predecessor-version":[{"id":55145,"href":"https:\/\/www.greenpeace.org\/brasil\/wp-json\/wp\/v2\/posts\/55115\/revisions\/55145"}],"wp:featuredmedia":[{"embeddable":true,"href":"https:\/\/www.greenpeace.org\/brasil\/wp-json\/wp\/v2\/media\/55116"}],"wp:attachment":[{"href":"https:\/\/www.greenpeace.org\/brasil\/wp-json\/wp\/v2\/media?parent=55115"}],"wp:term":[{"taxonomy":"category","embeddable":true,"href":"https:\/\/www.greenpeace.org\/brasil\/wp-json\/wp\/v2\/categories?post=55115"},{"taxonomy":"post_tag","embeddable":true,"href":"https:\/\/www.greenpeace.org\/brasil\/wp-json\/wp\/v2\/tags?post=55115"},{"taxonomy":"p4-page-type","embeddable":true,"href":"https:\/\/www.greenpeace.org\/brasil\/wp-json\/wp\/v2\/p4-page-type?post=55115"}],"curies":[{"name":"wp","href":"https:\/\/api.w.org\/{rel}","templated":true}]}}