{"id":55273,"date":"2024-11-11T08:35:55","date_gmt":"2024-11-11T11:35:55","guid":{"rendered":"https:\/\/www.greenpeace.org\/brasil\/?p=55273"},"modified":"2024-11-16T13:11:39","modified_gmt":"2024-11-16T16:11:39","slug":"cop29-o-financiamento-climatico-no-centro-das-discussoes","status":"publish","type":"post","link":"https:\/\/www.greenpeace.org\/brasil\/blog\/cop29-o-financiamento-climatico-no-centro-das-discussoes\/","title":{"rendered":"COP29: o financiamento clim\u00e1tico no centro das discuss\u00f5es"},"content":{"rendered":"\n<h4 class=\"wp-block-heading\"><strong>Entenda a import\u00e2ncia dos temas discutidos na 29\u00aa Confer\u00eancia do Clima, que come\u00e7a hoje em Baku, no Azerbaij\u00e3o&nbsp;<\/strong><\/h4>\n\n<figure class=\"wp-block-image size-large\"><img loading=\"lazy\" decoding=\"async\" width=\"1024\" height=\"683\" src=\"https:\/\/www.greenpeace.org\/static\/planet4-brasil-stateless\/2024\/11\/4717c287-01jcdeef3fv8d2er2mzrffkk4x-1024x683.jpg\" alt=\"\" class=\"wp-image-55274\" srcset=\"https:\/\/www.greenpeace.org\/static\/planet4-brasil-stateless\/2024\/11\/4717c287-01jcdeef3fv8d2er2mzrffkk4x-1024x683.jpg 1024w, https:\/\/www.greenpeace.org\/static\/planet4-brasil-stateless\/2024\/11\/4717c287-01jcdeef3fv8d2er2mzrffkk4x-300x200.jpg 300w, https:\/\/www.greenpeace.org\/static\/planet4-brasil-stateless\/2024\/11\/4717c287-01jcdeef3fv8d2er2mzrffkk4x-768x512.jpg 768w, https:\/\/www.greenpeace.org\/static\/planet4-brasil-stateless\/2024\/11\/4717c287-01jcdeef3fv8d2er2mzrffkk4x-1536x1024.jpg 1536w, https:\/\/www.greenpeace.org\/static\/planet4-brasil-stateless\/2024\/11\/4717c287-01jcdeef3fv8d2er2mzrffkk4x-2048x1366.jpg 2048w, https:\/\/www.greenpeace.org\/static\/planet4-brasil-stateless\/2024\/11\/4717c287-01jcdeef3fv8d2er2mzrffkk4x-510x340.jpg 510w\" sizes=\"auto, (max-width: 1024px) 100vw, 1024px\" \/><figcaption class=\"wp-element-caption\">As negocia\u00e7\u00f5es da COP29 se iniciam nesta segunda-feira (11) (Foto: UN)<\/figcaption><\/figure>\n\n<p>De um lado, pa\u00edses ricos respons\u00e1veis pelas emiss\u00f5es que <strong>agravam o aquecimento do planeta <\/strong>e que, ainda assim, seguem lucrando com os combust\u00edveis f\u00f3sseis. Do outro, pa\u00edses em desenvolvimento com as popula\u00e7\u00f5es que t\u00eam suas casas, vidas e cidades impactadas pelos eventos extremos, e que, apesar de menos contribu\u00edrem para a crise do clima, pagam seu pre\u00e7o. <\/p>\n\n<p>No meio disso,<strong> o dinheiro <\/strong>&#8211; protagonista das discuss\u00f5es dos l\u00edderes globais pelas pr\u00f3ximas duas semanas na <strong><a href=\"https:\/\/cop29.az\/en\/home\" data-type=\"link\" data-id=\"https:\/\/cop29.az\/en\/home\">29\u00aa Confer\u00eancia do Clima da ONU<\/a><\/strong> em Baku, no Azerbaij\u00e3o.<\/p>\n\n<p>As negocia\u00e7\u00f5es da COP29, que se iniciam nesta segunda (11), t\u00eam como foco o chamado financiamento clim\u00e1tico &#8211; os valores e formas com que o dinheiro destinado \u00e0s a\u00e7\u00f5es clim\u00e1ticas s\u00e3o repassados entre os pa\u00edses.<\/p>\n\n<p>O atual compromisso financeiro de US$ 100 bilh\u00f5es anuais para apoiar pa\u00edses em desenvolvimento na mitiga\u00e7\u00e3o e adapta\u00e7\u00e3o \u00e0s mudan\u00e7as clim\u00e1ticas, se mostra insuficiente diante da gravidade dos eventos clim\u00e1ticos extremos. Por isso, a expectativa \u00e9 que os l\u00edderes determinem uma <strong>nova meta global para o financiamento clim\u00e1tico,<\/strong> chamada de NCQG, sigla em ingl\u00eas para <em>New Collective Quantified Goal<\/em> (Novo Objetivo Coletivo Quantificado).<\/p>\n\n<p>O custo da ina\u00e7\u00e3o da ind\u00fastria f\u00f3ssil e dos governos aumenta dia ap\u00f3s dia, assim como a temperatura do planeta. Segundo a ONU,<strong> a necessidade de financiamento para adapta\u00e7\u00e3o gira em torno de US$ 387 bilh\u00f5es ao ano,<\/strong> valor de 10 a 18 vezes maior que o financiamento atual.<\/p>\n\n<div class=\"wp-block-buttons is-content-justification-center is-layout-flex wp-container-core-buttons-is-layout-16018d1d wp-block-buttons-is-layout-flex\">\n<div class=\"wp-block-button is-style-cta\"><a class=\"wp-block-button__link has-white-color has-blue-green-800-background-color has-text-color has-background has-link-color has-text-align-center wp-element-button\" href=\"https:\/\/www.greenpeace.org\/brasil\/apoie\/crise-ambiental-climatica\/\">PARTICIPE DO ABAIXO-ASSINADO: PRECISAMOS ENFRENTAR O CAOS CLIM\u00c1TICO!<\/a><\/div>\n<\/div>\n\n<p>Quando se trata do or\u00e7amento para reconstru\u00e7\u00e3o e repara\u00e7\u00e3o, as cifras giram em torno de, pelo menos, US$ 400 bilh\u00f5es por ano. E, como em um efeito domin\u00f3, caso as cidades n\u00e3o sejam adaptadas para a nova realidade do clima, esse segundo custo ser\u00e1 ainda maior.<\/p>\n\n<p><strong>O Greenpeace defende que a defini\u00e7\u00e3o do novo objetivo de financiamento seja de no m\u00ednimo US$ 1 trilh\u00e3o de d\u00f3lares ao ano<\/strong>, e que, al\u00e9m de robusto, seja p\u00fablico e inclua metas de adapta\u00e7\u00e3o e de Perdas e Danos. <strong><a href=\"https:\/\/www.greenpeace.org\/static\/planet4-brasil-stateless\/2024\/11\/c39e2ebc-demandas-do-greenpeace-na-cop29-poluidores-climaticos.pdf\" data-type=\"link\" data-id=\"https:\/\/www.greenpeace.org\/static\/planet4-brasil-stateless\/2024\/11\/c39e2ebc-demandas-do-greenpeace-na-cop29-poluidores-climaticos.pdf\">Confira nossas demandas para a COP29 aqui.<\/a><\/strong><\/p>\n\n<figure class=\"wp-block-image size-large\"><img loading=\"lazy\" decoding=\"async\" width=\"1024\" height=\"767\" src=\"https:\/\/www.greenpeace.org\/static\/planet4-brasil-stateless\/2024\/11\/ab202d68-gp0su0uws_medium-res-with-credit-line-1200px-1024x767.jpg\" alt=\"\" class=\"wp-image-55282\" srcset=\"https:\/\/www.greenpeace.org\/static\/planet4-brasil-stateless\/2024\/11\/ab202d68-gp0su0uws_medium-res-with-credit-line-1200px-1024x767.jpg 1024w, https:\/\/www.greenpeace.org\/static\/planet4-brasil-stateless\/2024\/11\/ab202d68-gp0su0uws_medium-res-with-credit-line-1200px-300x225.jpg 300w, https:\/\/www.greenpeace.org\/static\/planet4-brasil-stateless\/2024\/11\/ab202d68-gp0su0uws_medium-res-with-credit-line-1200px-768x575.jpg 768w, https:\/\/www.greenpeace.org\/static\/planet4-brasil-stateless\/2024\/11\/ab202d68-gp0su0uws_medium-res-with-credit-line-1200px-454x340.jpg 454w, https:\/\/www.greenpeace.org\/static\/planet4-brasil-stateless\/2024\/11\/ab202d68-gp0su0uws_medium-res-with-credit-line-1200px.jpg 1200w\" sizes=\"auto, (max-width: 1024px) 100vw, 1024px\" \/><figcaption class=\"wp-element-caption\">Imagens do impacto e destrui\u00e7\u00e3o de casas e estruturas causadas pela cheia do Rio Taquari no munic\u00edpio de Arroio do Meio no Rio Grande do Sul ap\u00f3s as grandes chuvas que acometeram o estado em maio deste ano. <div class=\"credit icon-left\"> \u00a9 Fernanda Ligabue\/Greenpeace<\/div><\/figcaption><\/figure>\n\n<h3 class=\"wp-block-heading\"><strong>Quem polui, tem que pagar!<\/strong><\/h3>\n\n<p><br>Dados do Global Stocktake \u2013 um balan\u00e7o global da ONU entregue na COP28 &#8211; registram que para termos um clima mais seguro, as emiss\u00f5es globais de gases de efeito estufa devem ser reduzidas em cerca de 43% at\u00e9 2030 e 60% at\u00e9 2035.<\/p>\n\n<p>N\u00e3o h\u00e1 outro caminho: para limitar o aquecimento global a 1,5 \u00b0C, de acordo com o estabelecido no Acordo de Paris, \u00e9 urgente uma transi\u00e7\u00e3o energ\u00e9tica justa, inclusiva e popular.<\/p>\n\n<p>O<strong> primeiro passo para garantirmos justi\u00e7a clim\u00e1tica \u00e9 fazer com que os grandes poluidores clim\u00e1ticos paguem essa conta.<\/strong> Quem polui e lucra \u00e0s custas do bem-estar do planeta, deve pagar para que a humanidade tenha a possibilidade de um futuro saud\u00e1vel e n\u00e3o viva a pior face da crise do clima.<\/p>\n\n<p>Por isso,  na COP29, os l\u00edderes globais devem acordar a taxa\u00e7\u00e3o e a elimina\u00e7\u00e3o de subs\u00eddios aos poluidores dos combust\u00edveis f\u00f3sseis, e criar mecanismos de financiamento para que eles paguem diretamente por a\u00e7\u00f5es clim\u00e1ticas. Este \u00e9 um princ\u00edp\u00edo que, na vis\u00e3o do Greenpeace, n\u00e3o pode ficar de fora da nova NCQG.<\/p>\n\n<figure class=\"wp-block-image size-large\"><img loading=\"lazy\" decoding=\"async\" width=\"1024\" height=\"683\" src=\"https:\/\/www.greenpeace.org\/static\/planet4-brasil-stateless\/2024\/11\/db69c131-gp0su2hys_medium-res-with-credit-line-1200px-1024x683.jpg\" alt=\"\" class=\"wp-image-55288\" srcset=\"https:\/\/www.greenpeace.org\/static\/planet4-brasil-stateless\/2024\/11\/db69c131-gp0su2hys_medium-res-with-credit-line-1200px-1024x683.jpg 1024w, https:\/\/www.greenpeace.org\/static\/planet4-brasil-stateless\/2024\/11\/db69c131-gp0su2hys_medium-res-with-credit-line-1200px-300x200.jpg 300w, https:\/\/www.greenpeace.org\/static\/planet4-brasil-stateless\/2024\/11\/db69c131-gp0su2hys_medium-res-with-credit-line-1200px-768x512.jpg 768w, https:\/\/www.greenpeace.org\/static\/planet4-brasil-stateless\/2024\/11\/db69c131-gp0su2hys_medium-res-with-credit-line-1200px-510x340.jpg 510w, https:\/\/www.greenpeace.org\/static\/planet4-brasil-stateless\/2024\/11\/db69c131-gp0su2hys_medium-res-with-credit-line-1200px.jpg 1200w\" sizes=\"auto, (max-width: 1024px) 100vw, 1024px\" \/><figcaption class=\"wp-element-caption\">Leito seco do Rio Solim\u00f5es, na cidade de Manacapuru, Amazonas.  <div class=\"credit icon-left\"> \u00a9 Nilmar Lage\/Greenpeace<\/div><\/figcaption><\/figure>\n\n<h3 class=\"wp-block-heading\"><strong>Super-ricos = super emiss\u00f5es<\/strong><\/h3>\n\n<p><br>Discuss\u00f5es sobre a taxa\u00e7\u00e3o dos super-ricos tamb\u00e9m s\u00e3o de extrema relev\u00e2ncia quando se trata do enfrentamento \u00e0 emerg\u00eancia clim\u00e1tica.<\/p>\n\n<p>Segundo relat\u00f3rio a Oxfam,<strong> o 1% mais rico do mundo emite a mesma quantidade de polui\u00e7\u00e3o que 5 bilh\u00f5es de pessoas.<\/strong> Isso significa que, taxar os multimilion\u00e1rios e bilion\u00e1rios, tamb\u00e9m \u00e9 fazer os poluidores pagarem.<\/p>\n\n<p>O caso do Brasil, marcado pela desigualdade social, \u00e9 emblem\u00e1tico. Se taxar seus super-ricos, o pa\u00eds pode arrecadar, por ano, R$ 260 bilh\u00f5es. O valor \u00e9 15 vezes maior que o atual or\u00e7amento do Minist\u00e9rio do Meio Ambiente e quase 70% maior que a quantia prometida para o Fundo Global de Perdas e Danos, criado na COP28.<\/p>\n\n<p><strong>Ou seja: h\u00e1 dinheiro suficiente para enfrentar as mudan\u00e7as clim\u00e1ticas, para proteger a vida das pessoas e evitar a perda da biodiversidade em escala global. Ele s\u00f3 precisa ser redirecionado para o lugar certo.<\/strong><\/p>\n\n<p>F\u00f3runs globais como o G20, que tamb\u00e9m acontece essa semana no Rio de Janeiro, s\u00e3o momentos-chave para que isso aconte\u00e7a. Sendo os pa\u00edses do G20 respons\u00e1veis por cerca de 80% das emiss\u00f5es de gases de efeito estufa e pela concentra\u00e7\u00e3o de 80% da riqueza do mundo, \u00e9 mandat\u00f3rio que apresentem a\u00e7\u00f5es efetivas e liderem o combate \u00e0 crise clim\u00e1tica pelo exemplo.<\/p>\n\n<h3 class=\"wp-block-heading\"><strong>Nova NDC brasileira<\/strong><\/h3>\n\n<p><br>A COP 29 tamb\u00e9m inaugura um novo ciclo de an\u00fancios das chamadas Contribui\u00e7\u00f5es Nacionalmente Determinadas (NDCs), compromissos que os pa\u00edses assumem para reduzir suas emiss\u00f5es de gases de efeito estufa como parte da mitiga\u00e7\u00e3o das mudan\u00e7as clim\u00e1ticas. Todos os pa\u00edses que fazem parte do Acordo de Paris devem apresentar suas NDCs at\u00e9 fevereiro de 2025.<\/p>\n\n<p>O Brasil j\u00e1 fez sua li\u00e7\u00e3o de casa mas deixou a desejar. Na \u00faltima sexta-feira (8), o governo anunciou o compromisso do pa\u00eds em reduzir suas emiss\u00f5es l\u00edquidas de gases de efeito estufa de 59% a 67% em 2035, na compara\u00e7\u00e3o aos n\u00edveis de 2005.<\/p>\n\n<p>\u201c<strong>A nova meta clim\u00e1tica brasileira anunciada \u00e0s v\u00e9speras da COP29 fica entre pouco ambiciosa e claramente insuficiente<\/strong>. Frente \u00e0 magnitude dos impactos da crise clim\u00e1tica que o pa\u00eds vem sofrendo em todo o seu territ\u00f3rio, esper\u00e1vamos ambi\u00e7\u00e3o, mas o percentual de redu\u00e7\u00e3o n\u00e3o chega ao que o IPCC defende como m\u00ednimo para 2035\u201d, avalia Carolina Pasquali, diretora executiva do Greenpeace Brasil.<\/p>\n\n<p>No an\u00fancio, tamb\u00e9m n\u00e3o houve detalhamento de como o pa\u00eds alcan\u00e7aria as taxas apresentadas. Para Pasquali, o caminho \u00e9 claro:<\/p>\n\n<p>\u201cAl\u00e9m do compromisso com o desmatamento zero em todos os biomas,<br>o Brasil n\u00e3o pode mais expandir novas \u00e1reas de petr\u00f3leo e g\u00e1s, em especial, na Amaz\u00f4nia. O nosso Congresso Nacional tamb\u00e9m precisa parar de lutar contra a legisla\u00e7\u00e3o ambiental e parar de aprovar leis que enfraque\u00e7am o que j\u00e1 est\u00e1 sendo feito. <strong>Precisamos de ambi\u00e7\u00e3o e a\u00e7\u00e3o, e n\u00e3o podemos mais dar passos para tr\u00e1s\u201d<\/strong>, argumenta a porta-voz.<\/p>\n\n<p><br><br><\/p>\n","protected":false},"excerpt":{"rendered":"<p>Entenda a import\u00e2ncia dos temas discutidos na 29\u00aa c\u00fapula anual do clima, que come\u00e7a hoje em Baku, no Azerbaij\u00e3o\u00a0<\/p>\n","protected":false},"author":98,"featured_media":55274,"comment_status":"open","ping_status":"closed","sticky":false,"template":"","format":"standard","meta":{"ep_exclude_from_search":false,"p4_og_title":"","p4_og_description":"","p4_og_image":"","p4_og_image_id":"","p4_seo_canonical_url":"","p4_campaign_name":"","p4_local_project":"","p4_basket_name":"","p4_department":"","footnotes":""},"categories":[5],"tags":[57,50],"p4-page-type":[16],"class_list":["post-55273","post","type-post","status-publish","format-standard","has-post-thumbnail","hentry","category-greenpeace","tag-cop","tag-institucional","p4-page-type-blog"],"_links":{"self":[{"href":"https:\/\/www.greenpeace.org\/brasil\/wp-json\/wp\/v2\/posts\/55273","targetHints":{"allow":["GET"]}}],"collection":[{"href":"https:\/\/www.greenpeace.org\/brasil\/wp-json\/wp\/v2\/posts"}],"about":[{"href":"https:\/\/www.greenpeace.org\/brasil\/wp-json\/wp\/v2\/types\/post"}],"author":[{"embeddable":true,"href":"https:\/\/www.greenpeace.org\/brasil\/wp-json\/wp\/v2\/users\/98"}],"replies":[{"embeddable":true,"href":"https:\/\/www.greenpeace.org\/brasil\/wp-json\/wp\/v2\/comments?post=55273"}],"version-history":[{"count":11,"href":"https:\/\/www.greenpeace.org\/brasil\/wp-json\/wp\/v2\/posts\/55273\/revisions"}],"predecessor-version":[{"id":55291,"href":"https:\/\/www.greenpeace.org\/brasil\/wp-json\/wp\/v2\/posts\/55273\/revisions\/55291"}],"wp:featuredmedia":[{"embeddable":true,"href":"https:\/\/www.greenpeace.org\/brasil\/wp-json\/wp\/v2\/media\/55274"}],"wp:attachment":[{"href":"https:\/\/www.greenpeace.org\/brasil\/wp-json\/wp\/v2\/media?parent=55273"}],"wp:term":[{"taxonomy":"category","embeddable":true,"href":"https:\/\/www.greenpeace.org\/brasil\/wp-json\/wp\/v2\/categories?post=55273"},{"taxonomy":"post_tag","embeddable":true,"href":"https:\/\/www.greenpeace.org\/brasil\/wp-json\/wp\/v2\/tags?post=55273"},{"taxonomy":"p4-page-type","embeddable":true,"href":"https:\/\/www.greenpeace.org\/brasil\/wp-json\/wp\/v2\/p4-page-type?post=55273"}],"curies":[{"name":"wp","href":"https:\/\/api.w.org\/{rel}","templated":true}]}}