{"id":55293,"date":"2024-11-11T10:18:52","date_gmt":"2024-11-11T13:18:52","guid":{"rendered":"https:\/\/www.greenpeace.org\/brasil\/?p=55293"},"modified":"2024-11-13T18:59:23","modified_gmt":"2024-11-13T21:59:23","slug":"fazer-os-poluidores-climaticos-pagarem-as-demandas-do-greenpeace-na-cop29","status":"publish","type":"post","link":"https:\/\/www.greenpeace.org\/brasil\/blog\/fazer-os-poluidores-climaticos-pagarem-as-demandas-do-greenpeace-na-cop29\/","title":{"rendered":"Fazer os poluidores clim\u00e1ticos pagarem: as demandas do Greenpeace na COP29"},"content":{"rendered":"\n<h4 class=\"wp-block-heading\"><strong>Por um financiamento clim\u00e1tico robusto, justo e p\u00fablico, que inclua metas de adapta\u00e7\u00e3o e de Perdas e Danos<\/strong><\/h4>\n\n<figure class=\"wp-block-image size-large\"><img loading=\"lazy\" decoding=\"async\" width=\"1024\" height=\"575\" src=\"https:\/\/www.greenpeace.org\/static\/planet4-brasil-stateless\/2024\/11\/eb0dff68-gp1swxmc_medium-res-with-credit-line-1200px-1024x575.jpg\" title=\"A imagem em plano aberto, vista de cima, mostra o desastre de um deslizamento de terra em Petr\u00f3polis, no Rio de Janeiro.\" alt=\"\" class=\"wp-image-55297\" srcset=\"https:\/\/www.greenpeace.org\/static\/planet4-brasil-stateless\/2024\/11\/eb0dff68-gp1swxmc_medium-res-with-credit-line-1200px-1024x575.jpg 1024w, https:\/\/www.greenpeace.org\/static\/planet4-brasil-stateless\/2024\/11\/eb0dff68-gp1swxmc_medium-res-with-credit-line-1200px-300x169.jpg 300w, https:\/\/www.greenpeace.org\/static\/planet4-brasil-stateless\/2024\/11\/eb0dff68-gp1swxmc_medium-res-with-credit-line-1200px-768x431.jpg 768w, https:\/\/www.greenpeace.org\/static\/planet4-brasil-stateless\/2024\/11\/eb0dff68-gp1swxmc_medium-res-with-credit-line-1200px-510x286.jpg 510w, https:\/\/www.greenpeace.org\/static\/planet4-brasil-stateless\/2024\/11\/eb0dff68-gp1swxmc_medium-res-with-credit-line-1200px.jpg 1200w\" sizes=\"auto, (max-width: 1024px) 100vw, 1024px\" \/><figcaption class=\"wp-element-caption\">Popula\u00e7\u00f5es em situa\u00e7\u00e3o de vulnerabilidade dos pa\u00edses que menos contribu\u00edram para a crise clim\u00e1tica &#8220;pagam a conta&#8221; do aquecimento do planeta <div class=\"credit icon-left\"> \u00a9 Thomaz Mendel\/Greenpeace<\/div><\/figcaption><\/figure>\n\n<p>Os \u00faltimos doze meses foram os mais quentes j\u00e1 registrados na Terra em milhares de anos, e as consequ\u00eancias de tamanho calor foram sentidas em todo o planeta, com secas, enchentes, furac\u00f5es, tornados etc. N\u00e3o \u00e9 exagerado afirmar que a crise clim\u00e1tica vem mostrando a sua face mais perigosa &#8211; e mortal &#8211; aos seres humanos e \u00e0 biodiversidade<\/p>\n\n<p>Apesar de eventos clim\u00e1ticos extremos cada vez mais frequentes, as emiss\u00f5es dos gases de efeito estufa em 2023 alcan\u00e7aram um novo recorde no mundo, segundo recente relat\u00f3rio da ONU. As causas desse recorde foram &#8211; para a surpresa de ningu\u00e9m &#8211; inc\u00eandios florestais, redu\u00e7\u00e3o da capacidade das florestas de absorver o carbono e o uso de combust\u00edveis f\u00f3sseis.<\/p>\n\n<div class=\"wp-block-buttons is-content-justification-center is-layout-flex wp-container-core-buttons-is-layout-16018d1d wp-block-buttons-is-layout-flex\">\n<div class=\"wp-block-button has-custom-width wp-block-button__width-100 has-custom-font-size is-style-cta has-medium-font-size\"><a class=\"wp-block-button__link has-white-color has-green-500-background-color has-text-color has-background has-link-color has-text-align-center wp-element-button\" href=\"https:\/\/www.greenpeace.org\/static\/planet4-brasil-stateless\/2024\/11\/c39e2ebc-demandas-do-greenpeace-na-cop29-poluidores-climaticos.pdf\">CONFIRA AS DEMANDAS DO GREENPEACE PARA A COP29<\/a><\/div>\n<\/div>\n\n<p>Um ano ap\u00f3s nos reunirmos nos Emirados \u00c1rabes, aterrissamos no Azerbaij\u00e3o, mais um grande produtor e exportador mundial de petr\u00f3leo, para discutirmos o futuro da Humanidade na COP29. O principal foco da Confer\u00eancia \u00e9 a entrega do novo objetivo coletivo e quantitativo de financiamento (NCQG), que dever\u00e1 possibilitar a\u00e7\u00f5es clim\u00e1ticas ambiciosas nos pa\u00edses em desenvolvimento &#8211; aqueles que mais t\u00eam sofrido, e que menos contribu\u00edram para a crise do clima.<\/p>\n\n<p>O primeiro passo para garantirmos a justi\u00e7a clim\u00e1tica no mundo \u00e9 fazer com que os grandes poluidores clim\u00e1ticos paguem essa conta! <br><br><strong><em>Por isso, na COP29, o Greenpeace defende que os pa\u00edses devem acordar em prever a taxa\u00e7\u00e3o e a elimina\u00e7\u00e3o de subs\u00eddios aos poluidores dos combust\u00edveis f\u00f3sseis e aos destruidores da natureza.<\/em><\/strong><\/p>\n\n<p>Al\u00e9m de um financiamento clim\u00e1tico suficiente e justo na COP29, o Greenpeace espera que os pa\u00edses apresentem, at\u00e9 fevereiro de 2025, NDCs que estejam alinhadas com o compromisso de limitar o aquecimento m\u00e9dio da Terra em at\u00e9 1.5\u00baC. Na pr\u00e1tica, isso quer dizer que todos os pa\u00edses do mundo precisam se planejar para reduzir a produ\u00e7\u00e3o e uso de combust\u00edveis f\u00f3sseis o mais r\u00e1pido poss\u00edvel, cen\u00e1rio que ainda estamos muito distantes de alcan\u00e7ar.<\/p>\n\n<h2 class=\"wp-block-heading has-text-align-center\"><strong>Demandas do Greenpeace Brasil <\/strong><br><strong>para a COP29<\/strong><\/h2>\n\n<p><strong>1- Financiamento m\u00ednimo de US$ 1 trilh\u00e3o de d\u00f3lares ao ano at\u00e9 2030 para o clima<\/strong><br><strong><br><\/strong>O Greenpeace Brasil espera que a defini\u00e7\u00e3o do novo objetivo de financiamento seja de, no m\u00ednimo, US$ 1 Trilh\u00e3o de d\u00f3lares ao ano at\u00e9 2030, de pa\u00edses desenvolvidos para pa\u00edses em desenvolvimento, com objetivo de promover a transi\u00e7\u00e3o justa.<\/p>\n\n<p><strong>2- Financiamento p\u00fablico, limpo, transparente e que combata o endividamento externo do Sul Global<\/strong><br><br>Para ser limpo, o financiamento clim\u00e1tico n\u00e3o deve contabilizar investimentos em combust\u00edveis f\u00f3sseis, ainda que \u201cde transi\u00e7\u00e3o\u201d. Para ser justo, o financiamento clim\u00e1tico deve ser fundamentalmente p\u00fablico, por meio de doa\u00e7\u00f5es ou de empr\u00e9stimos a taxas muito abaixo do valor de mercado.<\/p>\n\n<p>O Greenpeace alerta que financiar medidas contra a crise clim\u00e1tica com juros de mercado agravaria o endividamento dos pa\u00edses em desenvolvimento e n\u00e3o seria eficaz, uma vez que limitaria ou at\u00e9 impediria a a\u00e7\u00e3o clim\u00e1tica nesses pa\u00edses. Os mecanismos de mercado e outras falsas solu\u00e7\u00f5es tamb\u00e9m n\u00e3o podem ser inclu\u00eddas no c\u00e1lculo do financiamento clim\u00e1tico.<\/p>\n\n<p>A transpar\u00eancia neste processo tamb\u00e9m \u00e9 fundamental: o repasse financeiro precisa ser claramente definido e acompanhado. A decis\u00e3o da COP 29 deve adotar uma forma clara e transparente de contabilizar o financiamento clim\u00e1tico daqui para frente.<\/p>\n\n<p><strong>3- Fazer os poluidores pagarem <\/strong><\/p>\n\n<p>O Greenpeace tamb\u00e9m defende que a decis\u00e3o da NCQG preveja a <strong>responsabiliza\u00e7\u00e3o dos poluidores<\/strong>, ou seja, \u00e9 preciso faz\u00ea-los pagar pela crise clim\u00e1tica e parar de lucrar com ela. Isso pode ser feito por meio de tributa\u00e7\u00e3o e elimina\u00e7\u00e3o de subs\u00eddios a empresas de combust\u00edveis f\u00f3sseis e desmatadores. Assim, os pa\u00edses, especialmente os desenvolvidos, podem obter ou liberar recursos p\u00fablicos para financiar a transi\u00e7\u00e3o justa em seus pr\u00f3prios pa\u00edses e em pa\u00edses em desenvolvimento.<\/p>\n\n<p><strong>4- Nova meta de financiamento com objetivos espec\u00edficos para Perdas e Danos, Adapta\u00e7\u00e3o e Mitiga\u00e7\u00e3o<\/strong><br><br>Atualmente, a maior parte do financiamento clim\u00e1tico vai para medidas de mitiga\u00e7\u00e3o, aquelas que combatem as causas do aquecimento do planeta e promovem a absor\u00e7\u00e3o ou redu\u00e7\u00e3o das emiss\u00f5es de gases de efeito estufa.<\/p>\n\n<p>No entanto, somente mitigar j\u00e1 n\u00e3o \u00e9 mais suficiente. \u00c9 urgente nos adaptarmos ao atual cen\u00e1rio de emerg\u00eancia clim\u00e1tica, em que sofremos com uma maior frequ\u00eancia e intensidade dos eventos clim\u00e1ticos extremos. Para isso, precisamos de financiamento espec\u00edfico &#8211; adequado e suficiente &#8211; para garantir a adapta\u00e7\u00e3o e a repara\u00e7\u00e3o necess\u00e1ria para as Perdas e Danos que n\u00e3o puderem ser evitadas.<\/p>\n\n<p>O Greenpeace lembra que a necessidade de financiamento para adapta\u00e7\u00e3o gira em torno de US$ 387 bilh\u00f5es ao ano, 10 a 18 vezes maior que o financiamento atual para adapta\u00e7\u00e3o, segundo dados da ONU. Os custos para reconstruir e reparar s\u00e3o ainda mais altos, exigindo pelo menos cerca de US$ 400 bilh\u00f5es por ano, e eles ser\u00e3o ainda maiores se a adapta\u00e7\u00e3o for insuficiente.<\/p>\n\n<p><strong>5- Avan\u00e7o nos planos de adapta\u00e7\u00e3o e sua implementa\u00e7\u00e3o<\/strong><br><strong><br><\/strong>Na COP29, os pa\u00edses precisam desenvolver indicadores claros para mensurar e avaliar o progresso da Meta Global de Adapta\u00e7\u00e3o no mundo, meta que dever\u00e1 ser adotada na COP30, em 2025, no Brasil.<\/p>\n\n<p>Vale lembrar que, tamb\u00e9m em 2025, os pa\u00edses dever\u00e3o desenvolver e entregar seus planos nacionais de adapta\u00e7\u00e3o (PNA), com metas concretas e ambiciosas que considerem a justi\u00e7a clim\u00e1tica e que estejam prontos para serem implementados at\u00e9 2030. Ou seja, para que a COP30 tenha sucesso no tema de adapta\u00e7\u00e3o, ser\u00e1 preciso que os pa\u00edses alicer\u00e7am as bases na COP29 e desenvolvam seus PNA domesticamente.<\/p>\n\n<p><strong>6- Fundos de Perdas e Danos precisa de recursos financeiros adequados<\/strong><br><br>O Fundo de Perdas e Danos foi criado na COP28, mas ele ainda segue sem recursos adequados: at\u00e9 o momento, o Fundo recebeu promessas de cerca de US$ 700 milh\u00f5es, enquanto as necessidades para reparar perdas e danos &#8211; muitos irrepar\u00e1veis &#8211; s\u00e3o de bilh\u00f5es ao ano.<br><br>O Fundo precisa receber recursos suficientes e come\u00e7ar a mobiliz\u00e1-los rapidamente de maneira \u00e1gil, no ch\u00e3o, para alcan\u00e7ar as comunidades que enfrentam os desastres clim\u00e1ticos, e perdas e danos econ\u00f4micas e n\u00e3o econ\u00f4micas. Para isso, precisa regulamentar como se dar\u00e1 o acesso direto pelas comunidades. Pa\u00edses tamb\u00e9m precisam reportar como t\u00eam implementado medidas e quais s\u00e3o os desafios e necessidades para recuperar e reparar as perdas e danos.<\/p>\n\n<p><strong>7- Agendas de Biodiversidade e Clima precisam estar alinhadas<\/strong><br><br>O Greenpeace defende um maior alinhamento entre as agendas de clima e biodiversidade, com a constru\u00e7\u00e3o de pontes entre as Conven\u00e7\u00f5es do Clima (UNFCCC), da Biodiversidade (CBD) e da Desertifica\u00e7\u00e3o (UNCCD). Na pr\u00e1tica, \u00e9 preciso: garantir que as a\u00e7\u00f5es clim\u00e1ticas n\u00e3o impactem negativamente a biodiversidade, por meio de salvaguardas socioambientais; priorizar a\u00e7\u00f5es que promovam a mitiga\u00e7\u00e3o, e adapta\u00e7\u00e3o clim\u00e1tica e a prote\u00e7\u00e3o da natureza.<\/p>\n\n<p><strong>8- Transi\u00e7\u00e3o justa para toda a sociedade<\/strong><br><br>A COP29 e as NDCs devem abordar a transi\u00e7\u00e3o justa, inclusiva e popular, baseada na elimina\u00e7\u00e3o de combust\u00edveis f\u00f3sseis e na ado\u00e7\u00e3o de agricultura resiliente e de baixo carbono, a fim de se alcan\u00e7ar uma economia mais sustent\u00e1vel e equitativa para todos. A transi\u00e7\u00e3o justa tamb\u00e9m deve priorizar as iniciativas de comunidades tradicionais e locais, al\u00e9m de garantir a participa\u00e7\u00e3o efetiva da popula\u00e7\u00e3o, considerando e reduzindo impactos negativos nas pessoas que trabalham em ind\u00fastrias poluentes e nas comunidades mais vulnerabilizadas pela crise clim\u00e1tica.<br><br>Para ser a lideran\u00e7a clim\u00e1tica que o Brasil pode e deve ser, \u00e9 necess\u00e1rio que o pa\u00eds promova essas discuss\u00f5es nas negocia\u00e7\u00f5es da COP29, visando o avan\u00e7o da agenda e a justi\u00e7a clim\u00e1tica global.<\/p>\n\n<p><\/p>\n","protected":false},"excerpt":{"rendered":"<p>Por um financiamento clim\u00e1tico robusto, justo e p\u00fablico, que inclua metas de adapta\u00e7\u00e3o e de Perdas e Danos<\/p>\n","protected":false},"author":28,"featured_media":55297,"comment_status":"open","ping_status":"closed","sticky":false,"template":"","format":"standard","meta":{"ep_exclude_from_search":false,"p4_og_title":"","p4_og_description":"","p4_og_image":"","p4_og_image_id":"","p4_seo_canonical_url":"","p4_campaign_name":"","p4_local_project":"","p4_basket_name":"","p4_department":"","footnotes":""},"categories":[5],"tags":[57,50],"p4-page-type":[16],"class_list":["post-55293","post","type-post","status-publish","format-standard","has-post-thumbnail","hentry","category-greenpeace","tag-cop","tag-institucional","p4-page-type-blog"],"_links":{"self":[{"href":"https:\/\/www.greenpeace.org\/brasil\/wp-json\/wp\/v2\/posts\/55293","targetHints":{"allow":["GET"]}}],"collection":[{"href":"https:\/\/www.greenpeace.org\/brasil\/wp-json\/wp\/v2\/posts"}],"about":[{"href":"https:\/\/www.greenpeace.org\/brasil\/wp-json\/wp\/v2\/types\/post"}],"author":[{"embeddable":true,"href":"https:\/\/www.greenpeace.org\/brasil\/wp-json\/wp\/v2\/users\/28"}],"replies":[{"embeddable":true,"href":"https:\/\/www.greenpeace.org\/brasil\/wp-json\/wp\/v2\/comments?post=55293"}],"version-history":[{"count":10,"href":"https:\/\/www.greenpeace.org\/brasil\/wp-json\/wp\/v2\/posts\/55293\/revisions"}],"predecessor-version":[{"id":55306,"href":"https:\/\/www.greenpeace.org\/brasil\/wp-json\/wp\/v2\/posts\/55293\/revisions\/55306"}],"wp:featuredmedia":[{"embeddable":true,"href":"https:\/\/www.greenpeace.org\/brasil\/wp-json\/wp\/v2\/media\/55297"}],"wp:attachment":[{"href":"https:\/\/www.greenpeace.org\/brasil\/wp-json\/wp\/v2\/media?parent=55293"}],"wp:term":[{"taxonomy":"category","embeddable":true,"href":"https:\/\/www.greenpeace.org\/brasil\/wp-json\/wp\/v2\/categories?post=55293"},{"taxonomy":"post_tag","embeddable":true,"href":"https:\/\/www.greenpeace.org\/brasil\/wp-json\/wp\/v2\/tags?post=55293"},{"taxonomy":"p4-page-type","embeddable":true,"href":"https:\/\/www.greenpeace.org\/brasil\/wp-json\/wp\/v2\/p4-page-type?post=55293"}],"curies":[{"name":"wp","href":"https:\/\/api.w.org\/{rel}","templated":true}]}}