{"id":55626,"date":"2024-12-03T18:54:08","date_gmt":"2024-12-03T21:54:08","guid":{"rendered":"https:\/\/www.greenpeace.org\/brasil\/?p=55626"},"modified":"2024-12-03T18:54:13","modified_gmt":"2024-12-03T21:54:13","slug":"vitoria-historica-povos-indigenas-de-roraima-derrotam-a-pec36","status":"publish","type":"post","link":"https:\/\/www.greenpeace.org\/brasil\/blog\/vitoria-historica-povos-indigenas-de-roraima-derrotam-a-pec36\/","title":{"rendered":"Vit\u00f3ria hist\u00f3rica: povos ind\u00edgenas de Roraima derrotam a PEC36"},"content":{"rendered":"\n<p><em> No dia 2 de dezembro, foi oficializada a retirada da PEC 36, com a tramita\u00e7\u00e3o marcada como \u201cencerrada\u201d pela CCJ do Senado. <\/em><\/p>\n\n<figure class=\"wp-block-image size-full\"><img loading=\"lazy\" decoding=\"async\" width=\"1024\" height=\"682\" src=\"https:\/\/www.greenpeace.org\/static\/planet4-brasil-stateless\/2024\/12\/521ce409-reproducao-cir.jpg\" alt=\"\" class=\"wp-image-55627\" srcset=\"https:\/\/www.greenpeace.org\/static\/planet4-brasil-stateless\/2024\/12\/521ce409-reproducao-cir.jpg 1024w, https:\/\/www.greenpeace.org\/static\/planet4-brasil-stateless\/2024\/12\/521ce409-reproducao-cir-300x200.jpg 300w, https:\/\/www.greenpeace.org\/static\/planet4-brasil-stateless\/2024\/12\/521ce409-reproducao-cir-768x512.jpg 768w, https:\/\/www.greenpeace.org\/static\/planet4-brasil-stateless\/2024\/12\/521ce409-reproducao-cir-510x340.jpg 510w\" sizes=\"auto, (max-width: 1024px) 100vw, 1024px\" \/><figcaption class=\"wp-element-caption\">Senador Mecias de Jesus (republicanos\/RR) assina carta de compromisso do Conselho Ind\u00edgena de Roraima. Cr\u00e9dito: Reprodu\u00e7\u00e3o\/CIR<\/figcaption><\/figure>\n\n<p>A for\u00e7a do movimento ind\u00edgena de Roraima, organizado pelo <a href=\"https:\/\/www.instagram.com\/cir.oficial\/\">Conselho Ind\u00edgena de Roraima, o CIR<\/a>, mostrou ao Brasil e ao mundo que a luta pelos direitos origin\u00e1rios n\u00e3o pode ser ignorada. <a href=\"https:\/\/www.greenpeace.org\/brasil\/blog\/barricadas-contra-o-marco-temporal\/\">Ap\u00f3s mais de um m\u00eas de mobiliza\u00e7\u00f5es<\/a>, di\u00e1logos constantes com lideran\u00e7as pol\u00edticas e bloqueios pr\u00f3ximo das Terras Ind\u00edgenas S\u00e3o Marcos, na BR-174, Raposa Serra do Sol, na BR-401 e Tabalascada, na BR-432; o movimento alcan\u00e7ou uma vit\u00f3ria significativa: a retirada definitiva da Proposta de Emenda \u00e0 Constitui\u00e7\u00e3o (PEC) 36, de autoria do senador Mecias de Jesus (Republicanos-RR).<\/p>\n\n<p>A PEC 36, previa a possibilidade de explora\u00e7\u00e3o econ\u00f4mica de Terras Ind\u00edgenas por n\u00e3o ind\u00edgenas, por meio de arrendamentos. Isso significa que, se aprovada, a PEC permitiria que terceiros, como empresas e grandes produtores rurais, utilizassem territ\u00f3rios ind\u00edgenas para atividades como agropecu\u00e1ria e minera\u00e7\u00e3o, mediante contrato. Essa proposta contraria a Constitui\u00e7\u00e3o Federal de 1988, que assegura o usufruto exclusivo dos povos ind\u00edgenas sobre seus territ\u00f3rios ancestrais, reconhecendo esses espa\u00e7os como imprescind\u00edveis para a manuten\u00e7\u00e3o de suas culturas, tradi\u00e7\u00f5es e modos de vida.<\/p>\n\n<p>Na \u00faltima sexta-feira, o senador Mecias esteve presente na mobiliza\u00e7\u00e3o e recebeu uma carta de lideran\u00e7as, representando diversas regi\u00f5es do estado, refor\u00e7ando o posicionamento do movimento ind\u00edgena contra as PECs e denunciando os impactos devastadores de projetos predat\u00f3rios, como o Projeto Gr\u00e3o. Durante o encontro, os ind\u00edgenas realizaram um ato simb\u00f3lico de entrega de produtos org\u00e2nicos ao senador, destacando que n\u00e3o precisam de leis que permitam arrendamentos ou outras formas de explora\u00e7\u00e3o, pois j\u00e1 produzem de forma sustent\u00e1vel em seus territ\u00f3rios, respeitando a natureza e garantindo sua subsist\u00eancia.<\/p>\n\n<p>No dia 2 de dezembro, foi oficializada a retirada da PEC 36, com a tramita\u00e7\u00e3o marcada como \u201cencerrada\u201d pela Comiss\u00e3o de Constitui\u00e7\u00e3o, Justi\u00e7a e Cidadania (CCJC) do Senado. Essa conquista \u00e9 fruto direto da articula\u00e7\u00e3o do Conselho Ind\u00edgena de Roraima (CIR), que integra redes de luta nacional, como a Coiab e a Apib, e mostra que a resist\u00eancia coletiva \u00e9 o caminho para assegurar direitos e frear retrocessos.<\/p>\n\n<p><strong>Movimento permanece mobilizado<\/strong><\/p>\n\n<p>Reunidos h\u00e1 36 dias, mais de mil ind\u00edgenas permanecem firmes em seu prop\u00f3sito: barrar iniciativas que colocam em risco seus direitos constitucionais. A luta contra a PEC 48 e a Lei 14.701, que estabelece o Marco Temporal, continua sendo uma prioridade. Al\u00e9m disso, a press\u00e3o para que o senador Hiran Gon\u00e7alves (Progressistas-RR) participe da mobiliza\u00e7\u00e3o na Terra Ind\u00edgena S\u00e3o Marcos \u00e9 uma pauta central, j\u00e1 que sua proposta amea\u00e7a diretamente os direitos dos povos origin\u00e1rios.<\/p>\n\n<p>\u201cA retirada da PEC 36 n\u00e3o \u00e9 apenas uma vit\u00f3ria local, mas um marco para toda a Amaz\u00f4nia e o Brasil. Ela reafirma que os povos ind\u00edgenas, com sua organiza\u00e7\u00e3o e resili\u00eancia, t\u00eam for\u00e7a para fazer frente aos interesses econ\u00f4micos e pol\u00edticos que tentam apagar sua hist\u00f3ria e seus direitos\u201d, destaca Jorge Eduardo Dantas, porta-voz da Frente de Povos Ind\u00edgenas do Greenpeace Brasil.<\/p>\n\n<p>A mobiliza\u00e7\u00e3o em Roraima serve de inspira\u00e7\u00e3o para todos que lutam por justi\u00e7a social, ambiental e pela defesa dos direitos origin\u00e1rios. A vit\u00f3ria de hoje \u00e9 a semente de muitas outras. Para apoiar o movimento ind\u00edgena e fortalecer a luta contra o Marco Temporal, assine a peti\u00e7\u00e3o <a href=\"https:\/\/www.greenpeace.org\/brasil\/apoie\/marco-temporal-nao\/\">#MarcoTemporalN\u00e3o<\/a> e compartilhe com mais pessoas que acreditam num futuro ancestral e na luta dos povos ind\u00edgenas.<\/p>\n","protected":false},"excerpt":{"rendered":"<p>A for\u00e7a do movimento ind\u00edgena de Roraima, organizado pelo Conselho Ind\u00edgena de Roraima, o CIR, derrubou a PEC36 no Senado Federal<\/p>\n","protected":false},"author":133,"featured_media":55627,"comment_status":"open","ping_status":"closed","sticky":false,"template":"","format":"standard","meta":{"ep_exclude_from_search":false,"p4_og_title":"","p4_og_description":"","p4_og_image":"","p4_og_image_id":"","p4_seo_canonical_url":"","p4_campaign_name":"","p4_local_project":"","p4_basket_name":"","p4_department":"","footnotes":""},"categories":[49,68],"tags":[43,23],"p4-page-type":[16],"class_list":["post-55626","post","type-post","status-publish","format-standard","has-post-thumbnail","hentry","category-amazonia","category-povos-e-territorios","tag-povos-e-territorios","tag-mobilizacao","p4-page-type-blog"],"_links":{"self":[{"href":"https:\/\/www.greenpeace.org\/brasil\/wp-json\/wp\/v2\/posts\/55626","targetHints":{"allow":["GET"]}}],"collection":[{"href":"https:\/\/www.greenpeace.org\/brasil\/wp-json\/wp\/v2\/posts"}],"about":[{"href":"https:\/\/www.greenpeace.org\/brasil\/wp-json\/wp\/v2\/types\/post"}],"author":[{"embeddable":true,"href":"https:\/\/www.greenpeace.org\/brasil\/wp-json\/wp\/v2\/users\/133"}],"replies":[{"embeddable":true,"href":"https:\/\/www.greenpeace.org\/brasil\/wp-json\/wp\/v2\/comments?post=55626"}],"version-history":[{"count":1,"href":"https:\/\/www.greenpeace.org\/brasil\/wp-json\/wp\/v2\/posts\/55626\/revisions"}],"predecessor-version":[{"id":55628,"href":"https:\/\/www.greenpeace.org\/brasil\/wp-json\/wp\/v2\/posts\/55626\/revisions\/55628"}],"wp:featuredmedia":[{"embeddable":true,"href":"https:\/\/www.greenpeace.org\/brasil\/wp-json\/wp\/v2\/media\/55627"}],"wp:attachment":[{"href":"https:\/\/www.greenpeace.org\/brasil\/wp-json\/wp\/v2\/media?parent=55626"}],"wp:term":[{"taxonomy":"category","embeddable":true,"href":"https:\/\/www.greenpeace.org\/brasil\/wp-json\/wp\/v2\/categories?post=55626"},{"taxonomy":"post_tag","embeddable":true,"href":"https:\/\/www.greenpeace.org\/brasil\/wp-json\/wp\/v2\/tags?post=55626"},{"taxonomy":"p4-page-type","embeddable":true,"href":"https:\/\/www.greenpeace.org\/brasil\/wp-json\/wp\/v2\/p4-page-type?post=55626"}],"curies":[{"name":"wp","href":"https:\/\/api.w.org\/{rel}","templated":true}]}}