{"id":55914,"date":"2024-11-06T14:11:52","date_gmt":"2024-11-06T17:11:52","guid":{"rendered":"https:\/\/www.greenpeace.org\/brasil\/?p=55914"},"modified":"2024-12-20T14:21:47","modified_gmt":"2024-12-20T17:21:47","slug":"retomada-da-fiscalizacao-tem-sido-fundamental-para-queda-no-desmatamento-na-amazonia-legal-avalia-greenpeace-brasil","status":"publish","type":"post","link":"https:\/\/www.greenpeace.org\/brasil\/imprensa\/retomada-da-fiscalizacao-tem-sido-fundamental-para-queda-no-desmatamento-na-amazonia-legal-avalia-greenpeace-brasil\/","title":{"rendered":"Retomada da fiscaliza\u00e7\u00e3o tem sido fundamental para queda no desmatamento na Amaz\u00f4nia Legal, avalia Greenpeace Brasil"},"content":{"rendered":"\n<p class=\"has-text-align-center\"><em>Recorde de queimadas na regi\u00e3o, no entanto, mostra que ainda h\u00e1 muito o que fazer para cumprir a meta de desmatamento zero;&nbsp; \u00e0s v\u00e9speras da COP29 e do G20, Greenpeace ressalta a import\u00e2ncia de vedar cr\u00e9dito a desmatadores e apoiar o financiamento de solu\u00e7\u00f5es de adapta\u00e7\u00e3o e mitiga\u00e7\u00e3o clim\u00e1tica<\/em><\/p>\n\n<figure class=\"wp-block-image size-full\"><img loading=\"lazy\" decoding=\"async\" width=\"800\" height=\"533\" src=\"https:\/\/www.greenpeace.org\/static\/planet4-brasil-stateless\/2024\/12\/187d6cb5-gp0su1wj3_low-res-800px.jpg\" alt=\"\" class=\"wp-image-55915\" srcset=\"https:\/\/www.greenpeace.org\/static\/planet4-brasil-stateless\/2024\/12\/187d6cb5-gp0su1wj3_low-res-800px.jpg 800w, https:\/\/www.greenpeace.org\/static\/planet4-brasil-stateless\/2024\/12\/187d6cb5-gp0su1wj3_low-res-800px-300x200.jpg 300w, https:\/\/www.greenpeace.org\/static\/planet4-brasil-stateless\/2024\/12\/187d6cb5-gp0su1wj3_low-res-800px-768x512.jpg 768w, https:\/\/www.greenpeace.org\/static\/planet4-brasil-stateless\/2024\/12\/187d6cb5-gp0su1wj3_low-res-800px-510x340.jpg 510w\" sizes=\"auto, (max-width: 800px) 100vw, 800px\" \/><figcaption class=\"wp-element-caption\">Monitoramento de Desmatamento e Fogo na Amaz\u00f4nia em julho de 2024 | Foto: Marizilda Cruppe \/ Greenpeace<\/figcaption><\/figure>\n\n<p>A retomada do Plano de A\u00e7\u00e3o para Preven\u00e7\u00e3o e Controle do Desmatamento na Amaz\u00f4nia Legal (PPCDAm) \u00e9 a principal respons\u00e1vel pela queda de 30,6% no desmatamento na regi\u00e3o, divulgada nesta quarta-feira (6) pelo projeto PRODES, avalia o Greenpeace Brasil. A \u00e1rea desmatada foi de 6.288 quil\u00f4metros quadrados que representa o melhor resultado dos \u00faltimos nove anos. Os n\u00fameros, no entanto, evidenciam que o pa\u00eds ainda tem muito a fazer para acabar definitivamente com o desmatamento, objetivo que precisa ser atingido ainda antes de 2030.<\/p>\n\n<p>\u201cEmbora a volta da fiscaliza\u00e7\u00e3o e a estrat\u00e9gia de prioriza\u00e7\u00e3o de munic\u00edpios cr\u00edticos tenham refletido positivamente nos n\u00fameros anunciados, o Brasil segue muito longe do objetivo de desmatamento zero assumido pelo governo\u201d, afirma a porta-voz da frente de Florestas do Greenpeace Brasil, Tha\u00eds Bannwart.<\/p>\n\n<p>\u00c9 preciso bloquear todos os caminhos utilizados pelos desmatadores, com a\u00e7\u00f5es estruturantes e medidas de longo prazo, tais como vedar cr\u00e9dito, regular efetivamente os fluxos financeiros que ainda chegam a quem desmata, al\u00e9m de avan\u00e7ar na transpar\u00eancia de informa\u00e7\u00f5es socioambientais e em mecanismos que promovam a rastreabilidade total de produtos agropecu\u00e1rios.&nbsp;&nbsp;<\/p>\n\n<p>Al\u00e9m de medidas estruturantes e pol\u00edticas, \u00e9 necess\u00e1rio recursos para a implementa\u00e7\u00e3o das iniciativas. Depois do fracasso na discuss\u00e3o de mobiliza\u00e7\u00e3o de recursos da COP da Biodiversidade, a expectativa, apesar do cen\u00e1rio desafiador, \u00e9 de que na COP29, entre 11 a 24 de novembro, em Baku, capital do Azerbaij\u00e3o, se encontre uma solu\u00e7\u00e3o para o financiamento dos pa\u00edses em desenvolvimento para viabilizar a transi\u00e7\u00e3o justa.&nbsp;<\/p>\n\n<p>Outra oportunidade \u00e9 o encontro do G20, no Rio de Janeiro, entre 14 e 16 de novembro, para que os participantes, que tamb\u00e9m s\u00e3o grandes emissores, reflitam sobre a sua participa\u00e7\u00e3o no combate \u00e0s mudan\u00e7as clim\u00e1ticas e acordem em taxar a riqueza dos super ricos. Isso poderia financiar as a\u00e7\u00f5es necess\u00e1rias para cumprir com o Marco Global da Biodiversidade e o Acordo de Paris.<\/p>\n\n<p><strong>F\u00f3runs devem discutir a crise do clima<\/strong><\/p>\n\n<p>Acabar com o desmatamento \u00e9 fundamental para reduzir a contribui\u00e7\u00e3o do Brasil com a crise clim\u00e1tica, tema que estar\u00e1 em pauta nas reuni\u00f5es da COP29 e do G20. A agropecu\u00e1ria e o desmatamento comp\u00f5em a maior parte (75%) das emiss\u00f5es dom\u00e9sticas de gases do efeito estufa. De acordo com estimativas do Sistema de Estimativas de Emiss\u00f5es e Remo\u00e7\u00f5es de Gases de Efeito Estufa (SEEG), do Observat\u00f3rio do Clima, 48% das emiss\u00f5es vieram de mudan\u00e7a do uso da terra e 27% foram provenientes do desmatamento, cujo principal vetor \u00e9 a agricultura.&nbsp;<\/p>\n\n<p>\u201cNa discuss\u00e3o sobre quem paga a conta, \u00e9 fundamental responsabilizar as empresas que contribu\u00edram com o caos clim\u00e1tico e que lucram com a destrui\u00e7\u00e3o da natureza, via tributa\u00e7\u00e3o, elimina\u00e7\u00e3o de subs\u00eddios e puni\u00e7\u00e3o pelos danos que causaram&#8221;, aponta Bannwart. &nbsp;<\/p>\n\n<p>J\u00e1 o G20 \u00e9 uma oportunidade para que os participantes, que tamb\u00e9m s\u00e3o grandes emissores, reflitam sobre a sua participa\u00e7\u00e3o no combate \u00e0s mudan\u00e7as clim\u00e1ticas e acordem em taxar a riqueza dos super ricos, iniciativa que poderia financiar as a\u00e7\u00f5es necess\u00e1rias para cumprir com o Marco Global da Biodiversidade e o Acordo de Paris.<\/p>\n","protected":false},"excerpt":{"rendered":"<p>A retomada do Plano de A\u00e7\u00e3o para Preven\u00e7\u00e3o e Controle do Desmatamento na Amaz\u00f4nia Legal (PPCDAm) \u00e9 a principal respons\u00e1vel pela queda de 30,6% no desmatamento na regi\u00e3o, divulgada nesta&hellip;<\/p>\n","protected":false},"author":116,"featured_media":55915,"comment_status":"open","ping_status":"closed","sticky":false,"template":"","format":"standard","meta":{"ep_exclude_from_search":false,"p4_og_title":"","p4_og_description":"","p4_og_image":"","p4_og_image_id":"","p4_seo_canonical_url":"","p4_campaign_name":"","p4_local_project":"","p4_basket_name":"","p4_department":"","footnotes":""},"categories":[49],"tags":[46,22],"p4-page-type":[14],"class_list":["post-55914","post","type-post","status-publish","format-standard","has-post-thumbnail","hentry","category-amazonia","tag-desmatamento","tag-florestas","p4-page-type-imprensa"],"_links":{"self":[{"href":"https:\/\/www.greenpeace.org\/brasil\/wp-json\/wp\/v2\/posts\/55914","targetHints":{"allow":["GET"]}}],"collection":[{"href":"https:\/\/www.greenpeace.org\/brasil\/wp-json\/wp\/v2\/posts"}],"about":[{"href":"https:\/\/www.greenpeace.org\/brasil\/wp-json\/wp\/v2\/types\/post"}],"author":[{"embeddable":true,"href":"https:\/\/www.greenpeace.org\/brasil\/wp-json\/wp\/v2\/users\/116"}],"replies":[{"embeddable":true,"href":"https:\/\/www.greenpeace.org\/brasil\/wp-json\/wp\/v2\/comments?post=55914"}],"version-history":[{"count":1,"href":"https:\/\/www.greenpeace.org\/brasil\/wp-json\/wp\/v2\/posts\/55914\/revisions"}],"predecessor-version":[{"id":55916,"href":"https:\/\/www.greenpeace.org\/brasil\/wp-json\/wp\/v2\/posts\/55914\/revisions\/55916"}],"wp:featuredmedia":[{"embeddable":true,"href":"https:\/\/www.greenpeace.org\/brasil\/wp-json\/wp\/v2\/media\/55915"}],"wp:attachment":[{"href":"https:\/\/www.greenpeace.org\/brasil\/wp-json\/wp\/v2\/media?parent=55914"}],"wp:term":[{"taxonomy":"category","embeddable":true,"href":"https:\/\/www.greenpeace.org\/brasil\/wp-json\/wp\/v2\/categories?post=55914"},{"taxonomy":"post_tag","embeddable":true,"href":"https:\/\/www.greenpeace.org\/brasil\/wp-json\/wp\/v2\/tags?post=55914"},{"taxonomy":"p4-page-type","embeddable":true,"href":"https:\/\/www.greenpeace.org\/brasil\/wp-json\/wp\/v2\/p4-page-type?post=55914"}],"curies":[{"name":"wp","href":"https:\/\/api.w.org\/{rel}","templated":true}]}}