{"id":56293,"date":"2025-02-12T13:05:44","date_gmt":"2025-02-12T16:05:44","guid":{"rendered":"https:\/\/www.greenpeace.org\/brasil\/?p=56293"},"modified":"2025-02-12T13:11:29","modified_gmt":"2025-02-12T16:11:29","slug":"direitos-indigenas-nao-se-negociam-mobilizacao-fez-historia-na-educacao-do-para","status":"publish","type":"post","link":"https:\/\/www.greenpeace.org\/brasil\/blog\/direitos-indigenas-nao-se-negociam-mobilizacao-fez-historia-na-educacao-do-para\/","title":{"rendered":"Direitos ind\u00edgenas n\u00e3o se negociam: mobiliza\u00e7\u00e3o fez hist\u00f3ria na Educa\u00e7\u00e3o do Par\u00e1"},"content":{"rendered":"\n<p>Nesta segunda-feira, 10 de fevereiro, o Grupo de Volunt\u00e1rios de Bel\u00e9m realizou uma impactante a\u00e7\u00e3o de proje\u00e7\u00e3o na sede da Seduc\/PA. Frases como <em>&#8220;Direitos Ind\u00edgenas N\u00e3o se Negociam&#8221;<\/em> e imagens de lideran\u00e7as \u00e0 frente da luta pela educa\u00e7\u00e3o no Par\u00e1, como Alessandra Korap Munduruku, iluminaram a fachada do pr\u00e9dio, refor\u00e7ando a urg\u00eancia da revoga\u00e7\u00e3o da Lei 10.820.<\/p>\n\n<figure class=\"wp-block-image aligncenter size-full\"><img loading=\"lazy\" decoding=\"async\" width=\"620\" height=\"444\" src=\"https:\/\/www.greenpeace.org\/static\/planet4-brasil-stateless\/2025\/02\/3f9f1d4a-20250210_194117.jpg\" alt=\"\" class=\"wp-image-56295\" srcset=\"https:\/\/www.greenpeace.org\/static\/planet4-brasil-stateless\/2025\/02\/3f9f1d4a-20250210_194117.jpg 620w, https:\/\/www.greenpeace.org\/static\/planet4-brasil-stateless\/2025\/02\/3f9f1d4a-20250210_194117-300x215.jpg 300w, https:\/\/www.greenpeace.org\/static\/planet4-brasil-stateless\/2025\/02\/3f9f1d4a-20250210_194117-475x340.jpg 475w\" sizes=\"auto, (max-width: 620px) 100vw, 620px\" \/><figcaption class=\"wp-element-caption\">A\u00e7\u00e3o de proje\u00e7\u00e3o na sede da Seduc\/Pa. Cr\u00e9dito: Kau\u00ea Bentes<\/figcaption><\/figure>\n\n<p>H\u00e1 30 dias, o grupo se mant\u00e9m acampado junto ao movimento ind\u00edgena na Seduc, exigindo o fim dessa legisla\u00e7\u00e3o que amea\u00e7a direitos ind\u00edgenas na educa\u00e7\u00e3o. Na semana passada, um avan\u00e7o importante: o governador Helder Barbalho assinou um termo de compromisso para a revoga\u00e7\u00e3o da Lei. E hoje, a vit\u00f3ria se concretizou \u2013 a Assembleia Legislativa do Par\u00e1 (Alepa) oficializou a revoga\u00e7\u00e3o.<\/p>\n\n<p>Confira o relato de Rui Gemaque, ativista do Grupo de Volunt\u00e1rios de Bel\u00e9m, sobre a mobiliza\u00e7\u00e3o, a resist\u00eancia e a conquista dessa luta pela educa\u00e7\u00e3o ind\u00edgena.<\/p>\n\n<p><em>Por Rui Gemaque<\/em><\/p>\n\n<p>A Cabanagem \u00e9 agora. O levante popular protagonizado por ind\u00edgenas, ribeirinhos, quilombolas e camponeses no s\u00e9culo XIX na ent\u00e3o prov\u00edncia do Gr\u00e3o-Par\u00e1 reverbera com for\u00e7a nos dias de hoje no norte do Brasil. Em Bel\u00e9m do Par\u00e1, cidade j\u00e1 batizada antes de Mair\u00ed pelos povos origin\u00e1rios, no ano em que ser\u00e1 sede do maior evento de discuss\u00f5es clim\u00e1ticas, emerge um movimento em defesa da educa\u00e7\u00e3o; quem (consegue) acompanhar o acontecimento de perto logo diz ser a Cabanagem moderna.<\/p>\n\n<p>Em janeiro deste ano, grupos ind\u00edgenas do oeste do Par\u00e1, regi\u00e3o de Santar\u00e9m, chegaram \u00e0 Bel\u00e9m para ocupar a Secretaria Estadual de Educa\u00e7\u00e3o (SEDUC), solicitando di\u00e1logo, ou melhor, serem ouvidos pelo governo estadual que em dezembro de 2024 aprovou a Lei 10.820\/2024, que fragiliza o ensino escolar em localidades mais distantes de centros urbanos, como comunidades rurais e ribeirinhas. O anseio do movimento \u00e9: revoga\u00e7\u00e3o total da referida Lei e a exonera\u00e7\u00e3o do atual secret\u00e1rio de educa\u00e7\u00e3o Rossieli Soares. A causa ganhou for\u00e7a com a uni\u00e3o de quilombolas da regi\u00e3o nordeste do estado, professores da rede estadual de ensino, organiza\u00e7\u00f5es, sociedade civil e personalidades da m\u00eddia nacional e internacional. A manifesta\u00e7\u00e3o tamb\u00e9m ocorre em outros pontos do estado, como na BR-163.<\/p>\n\n<p>Esse levante \u00e9 liderado principalmente por mulheres ind\u00edgenas, quilombolas e da \u00e1rea da educa\u00e7\u00e3o. Alessandra Korap Munduruku \u00e9 um dos nomes de destaque da mobiliza\u00e7\u00e3o, ao lado de Auric\u00e9lia Arapiun, Margareth Maytapu, Yuna Temb\u00e9, Lidia e Lidiane Borari, Eliete Nazar\u00e9, e muitas outras. O Grupo de Volunt\u00e1rios Greenpeace Bel\u00e9m n\u00e3o poderia ficar neutro ou ausente diante desse acontecimento j\u00e1 considerado hist\u00f3rico.<\/p>\n\n<figure class=\"wp-block-image aligncenter size-full\"><img loading=\"lazy\" decoding=\"async\" width=\"620\" height=\"477\" src=\"https:\/\/www.greenpeace.org\/static\/planet4-brasil-stateless\/2025\/02\/6ebb7c8c-20250210_214609.jpg\" alt=\"\" class=\"wp-image-56298\" srcset=\"https:\/\/www.greenpeace.org\/static\/planet4-brasil-stateless\/2025\/02\/6ebb7c8c-20250210_214609.jpg 620w, https:\/\/www.greenpeace.org\/static\/planet4-brasil-stateless\/2025\/02\/6ebb7c8c-20250210_214609-300x231.jpg 300w, https:\/\/www.greenpeace.org\/static\/planet4-brasil-stateless\/2025\/02\/6ebb7c8c-20250210_214609-442x340.jpg 442w\" sizes=\"auto, (max-width: 620px) 100vw, 620px\" \/><figcaption class=\"wp-element-caption\">A\u00e7\u00e3o de proje\u00e7\u00e3o na sede da Seduc\/Pa. Cr\u00e9dito: Kau\u00ea Bentes<\/figcaption><\/figure>\n\n<p>A percep\u00e7\u00e3o geral \u00e9 que h\u00e1 muito tempo n\u00e3o se via algo que enfrentasse com tanto rigor e insist\u00eancia o governo estadual, expondo fragilidades e vulnerabilidades de um maquin\u00e1rio organizacional que se empenha em publicidade positiva e \u201csustent\u00e1vel\u201d. Prova disso \u00e9 a decis\u00e3o do MPF para que as m\u00eddias do governo e do governador Helder Barbalho retirassem um de seus v\u00eddeos sobre o assunto por conter inverdades. Jota do Quilombo, lideran\u00e7a da Amarqualta (Associa\u00e7\u00e3o de Moradores e Agricultores Remanescentes de Quilombo do Alto Acar\u00e1), costuma dizer: al\u00e9m da disputa presencial e jur\u00eddica, existe uma disputa online, um embate no meio virtual.<\/p>\n\n<p>Boa parte das informa\u00e7\u00f5es da imprensa circulam a partir da internet e n\u00e3o d\u00e1 pra negar a rela\u00e7\u00e3o dos grandes ve\u00edculos de comunica\u00e7\u00e3o com atores pol\u00edticos. Ent\u00e3o, uma das dificuldades que a luta enfrenta \u00e9 a propaga\u00e7\u00e3o de not\u00edcias tendenciosas, tachando os manifestantes de violentos, por exemplo.&nbsp;<\/p>\n\n<p>Em contraponto, a comunica\u00e7\u00e3o popular foi uma arma poderosa para potencializar a voz do movimento; a juventude ind\u00edgena engajada nas redes sociais alcan\u00e7ou, literalmente, milh\u00f5es de pessoas atrav\u00e9s de seus perfis pessoais e perfil da Comiss\u00e3o Ind\u00edgena Tapaj\u00f3s Arapiuns (CITA) no instagram; aqui registro minha admira\u00e7\u00e3o ao Jander, Cristian e Thaigon Arapiun, Luiza Tupay\u00fa, Thiago Maiandeua, Walter Kumaruara, Vanessa Campos e outros comunicadores ind\u00edgenas e n\u00e3o ind\u00edgenas que se juntaram \u00e0 causa, registrando e divulgando em fotos e v\u00eddeos aquilo que a imprensa tradicional n\u00e3o quis cobrir.<\/p>\n\n<p>Nesse ponto n\u00f3s, Greenpeace Bel\u00e9m, nos disponibilizamos para ajudar sempre que poss\u00edvel, numa massiva mobiliza\u00e7\u00e3o online em nossas redes, integrando uma vasta teia de aliados. Eu pessoalmente vi a necessidade de estar presente na ocupa\u00e7\u00e3o, sendo um elo com o mundo externo apoiando na log\u00edstica de doa\u00e7\u00f5es. Percebi tamb\u00e9m a import\u00e2ncia de acompanhar ainda mais de perto, acampando com os parentes, j\u00e1 que informa\u00e7\u00f5es surgem a toda hora, de modo imprevis\u00edvel e estar articulado com a equipe de comunica\u00e7\u00e3o presencialmente em tempo real potencializa apoio, incid\u00eancia e troca de conhecimentos.<\/p>\n\n<p>Considero muito edificante estar vivenciando cada instante aqui dentro, conversar com pessoas de v\u00e1rios povos, com os mais velhos sobre as lutas de ontem e de hoje, sobre a vis\u00e3o complementar da for\u00e7a jovem e experi\u00eancia anci\u00e3\u2026 Imerso nisso tudo, surgiu a ideia de construir uma atividade que ajudasse na divulga\u00e7\u00e3o e registros marcantes desse movimento pela educa\u00e7\u00e3o, ao modo Greenpeace. De maneira estrat\u00e9gica, utilizamos proje\u00e7\u00f5es com imagens e frases na fachada principal e na parede com a sigla SEDUC, pensando na simbologia e impacto. A recep\u00e7\u00e3o das pessoas presentes na ocupa\u00e7\u00e3o, das crian\u00e7as aos mais velhos, foi extremamente positiva e emocionante, levantando a auto estima e criando ainda mais esperan\u00e7a na coletividade e no alcance da meta principal: a revoga\u00e7\u00e3o.<\/p>\n\n<p>Em todos os momentos de reuni\u00f5es e de fala, as lideran\u00e7as foram extremamente gratas a todo o apoio dado, tenha sido ele como for. Enquanto finalizo esse texto, parte do grupo da ocupa\u00e7\u00e3o est\u00e1 indo para a Assembleia Legislativa Estadual, onde hoje (12\/02) ser\u00e1 votada por deputados e deputadas estaduais a revoga\u00e7\u00e3o da Lei 10.820\/2024, depois de quase um m\u00eas de ocupa\u00e7\u00e3o, depois de horas de reuni\u00f5es sem acordos, manifesta\u00e7\u00f5es sob a chuva e cercados de policiais e muitos outros perrengues, se v\u00ea progresso.<\/p>\n\n<figure class=\"wp-block-image aligncenter size-full\"><img loading=\"lazy\" decoding=\"async\" width=\"620\" height=\"460\" src=\"https:\/\/www.greenpeace.org\/static\/planet4-brasil-stateless\/2025\/02\/85a1910f-20250210_213743.jpg\" alt=\"\" class=\"wp-image-56299\" srcset=\"https:\/\/www.greenpeace.org\/static\/planet4-brasil-stateless\/2025\/02\/85a1910f-20250210_213743.jpg 620w, https:\/\/www.greenpeace.org\/static\/planet4-brasil-stateless\/2025\/02\/85a1910f-20250210_213743-300x223.jpg 300w, https:\/\/www.greenpeace.org\/static\/planet4-brasil-stateless\/2025\/02\/85a1910f-20250210_213743-458x340.jpg 458w\" sizes=\"auto, (max-width: 620px) 100vw, 620px\" \/><figcaption class=\"wp-element-caption\">A\u00e7\u00e3o de proje\u00e7\u00e3o na sede da Seduc\/Pa. Cr\u00e9dito: Kau\u00ea Bentes<\/figcaption><\/figure>\n\n<p>Mas ainda n\u00e3o acabou. Dad\u00e1 Borari, professor e uma das lideran\u00e7as do movimento, sempre afirma que a desocupa\u00e7\u00e3o s\u00f3 acontecer\u00e1 quando a revoga\u00e7\u00e3o for divulgada no Di\u00e1rio Oficial do Estado e que estar\u00e3o prontos para mais 30 ou 40 dias, caso seja necess\u00e1rio. Eliete Nazar\u00e9, parceira de Jota na representa\u00e7\u00e3o quilombola, diz o mesmo, destacando a gratid\u00e3o por viver esse momento de luta ao lado de outros povos e comunidades.<\/p>\n\n<p>Poderia escrever ou falar de muitas formas sobre o que estou vivendo e aprendendo aqui e n\u00e3o conseguiria mensurar minha sorte e minha gratid\u00e3o. Tenho certeza que me unir \u00e0 causa e participar dessa coletividade me tornou algu\u00e9m melhor.<\/p>\n\n<p><\/p>\n","protected":false},"excerpt":{"rendered":"<p>Nesta segunda-feira, 10 de fevereiro, o Grupo de Volunt\u00e1rios de Bel\u00e9m realizou uma impactante a\u00e7\u00e3o de proje\u00e7\u00e3o na sede da Seduc\/PA. <\/p>\n","protected":false},"author":133,"featured_media":56294,"comment_status":"open","ping_status":"closed","sticky":false,"template":"","format":"standard","meta":{"ep_exclude_from_search":false,"p4_og_title":"","p4_og_description":"","p4_og_image":"","p4_og_image_id":"","p4_seo_canonical_url":"","p4_campaign_name":"","p4_local_project":"","p4_basket_name":"","p4_department":"","footnotes":""},"categories":[49,68],"tags":[43],"p4-page-type":[16],"class_list":["post-56293","post","type-post","status-publish","format-standard","has-post-thumbnail","hentry","category-amazonia","category-povos-e-territorios","tag-povos-e-territorios","p4-page-type-blog"],"_links":{"self":[{"href":"https:\/\/www.greenpeace.org\/brasil\/wp-json\/wp\/v2\/posts\/56293","targetHints":{"allow":["GET"]}}],"collection":[{"href":"https:\/\/www.greenpeace.org\/brasil\/wp-json\/wp\/v2\/posts"}],"about":[{"href":"https:\/\/www.greenpeace.org\/brasil\/wp-json\/wp\/v2\/types\/post"}],"author":[{"embeddable":true,"href":"https:\/\/www.greenpeace.org\/brasil\/wp-json\/wp\/v2\/users\/133"}],"replies":[{"embeddable":true,"href":"https:\/\/www.greenpeace.org\/brasil\/wp-json\/wp\/v2\/comments?post=56293"}],"version-history":[{"count":2,"href":"https:\/\/www.greenpeace.org\/brasil\/wp-json\/wp\/v2\/posts\/56293\/revisions"}],"predecessor-version":[{"id":56300,"href":"https:\/\/www.greenpeace.org\/brasil\/wp-json\/wp\/v2\/posts\/56293\/revisions\/56300"}],"wp:featuredmedia":[{"embeddable":true,"href":"https:\/\/www.greenpeace.org\/brasil\/wp-json\/wp\/v2\/media\/56294"}],"wp:attachment":[{"href":"https:\/\/www.greenpeace.org\/brasil\/wp-json\/wp\/v2\/media?parent=56293"}],"wp:term":[{"taxonomy":"category","embeddable":true,"href":"https:\/\/www.greenpeace.org\/brasil\/wp-json\/wp\/v2\/categories?post=56293"},{"taxonomy":"post_tag","embeddable":true,"href":"https:\/\/www.greenpeace.org\/brasil\/wp-json\/wp\/v2\/tags?post=56293"},{"taxonomy":"p4-page-type","embeddable":true,"href":"https:\/\/www.greenpeace.org\/brasil\/wp-json\/wp\/v2\/p4-page-type?post=56293"}],"curies":[{"name":"wp","href":"https:\/\/api.w.org\/{rel}","templated":true}]}}