{"id":56557,"date":"2025-03-19T21:49:27","date_gmt":"2025-03-20T00:49:27","guid":{"rendered":"https:\/\/www.greenpeace.org\/brasil\/?p=56557"},"modified":"2025-03-29T22:02:34","modified_gmt":"2025-03-30T01:02:34","slug":"juri-condena-greenpeace-a-pagar-mais-de-us-660-milhoes-em-processo-movido-por-energy-transfer","status":"publish","type":"post","link":"https:\/\/www.greenpeace.org\/brasil\/blog\/juri-condena-greenpeace-a-pagar-mais-de-us-660-milhoes-em-processo-movido-por-energy-transfer\/","title":{"rendered":"J\u00fari condena Greenpeace a pagar mais de US$ 660 milh\u00f5es em processo movido por Energy Transfer"},"content":{"rendered":"\n<h4 class=\"wp-block-heading\"><strong>A liberdade de express\u00e3o e o direito ao protesto est\u00e3o em jogo nos Estados Unidos<\/strong><\/h4>\n\n<p>O Greenpeace Internacional e entidades do Greenpeace nos Estados Unidos foram condenados a pagar mais de <strong>US$ 660 milh\u00f5es <\/strong>em um processo infundado apresentado pela gigante dos combust\u00edveis f\u00f3sseis Energy Transfer.<\/p>\n\n<p>A decis\u00e3o do j\u00fari foi anunciada nesta quarta (19) em um tribunal do Condado de Morton, em Dakota do Norte.  Boa parte do grupo, composto por 9 pessoas, mant\u00e9m la\u00e7os diretos com a ind\u00fastria f\u00f3ssil, muito forte no estado.<\/p>\n\n<p>O veredito &#8211; do qual o Greenpeace deve recorrer &#8211; \u00e9 <strong>uma amea\u00e7a direta ao ativismo e a protestos pac\u00edficos <\/strong>e pode inflamar casos jur\u00eddicos abusivos por parte de outras corpora\u00e7\u00f5es que lucram com a destrui\u00e7\u00e3o do meio ambiente.<\/p>\n\n<p>Para Mads Christensen, diretor executivo do Greenpeace Internacional, este caso representa um retorno desastroso ao comportamento imprudente que vem alimentando a crise clim\u00e1tica, aprofundando o racismo ambiental e que coloca os lucros dos combust\u00edveis f\u00f3sseis acima da sa\u00fade p\u00fablica e de um planeta habit\u00e1vel. <strong>\u201cA administra\u00e7\u00e3o Trump passou quatro anos desmontando mobiliza\u00e7\u00f5es em defesa de um ar limpo, \u00e1gua pot\u00e1vel e soberania ind\u00edgena e, agora, com Trump de volta ao poder, seus aliados querem concluir esse trabalho silenciando os protestos. N\u00e3o vamos recuar. N\u00e3o seremos silenciados<\/strong>\u201d, ressalta.<\/p>\n\n<p>Carolina Pasquali, diretora executiva do Greenpeace Brasil, destaca a gravidade da decis\u00e3o.<br><strong><br>\u201cUma condena\u00e7\u00e3o de US$ 660 milh\u00f5es por manifesta\u00e7\u00f5es contra uma gigante dos f\u00f3sseis \u00e9 a prova concreta de que os interesses corporativos se infiltraram em todas as inst\u00e2ncias de poder e que, se n\u00e3o enfrentarmos esse ass\u00e9dio ostensivo e abusivo agora, estaremos fadados a assistir a vit\u00f3ria daqueles que v\u00e3o destruir nossas vidas, as vidas de quem amamos, de nossas comunidades e do planeta\u201d,<\/strong> pontua.<\/p>\n\n<p>Carolina tamb\u00e9m refor\u00e7a a import\u00e2ncia da rede de solidariedade do Greenpeace e organiza\u00e7\u00f5es parceiras diante desse alarmante ataque \u00e0 liberdade de express\u00e3o e aos direitos da sociedade civil organizada.<strong> \u201cTodas as organiza\u00e7\u00f5es do Greenpeace ao redor do mundo e centenas de organiza\u00e7\u00f5es parceiras est\u00e3o unidas em apoio aos nossos colegas. Esse epis\u00f3dio, ao contr\u00e1rio de nos calar, nos far\u00e1 falar ainda mais alto\u201d<\/strong>, completa.<\/p>\n\n<h3 class=\"wp-block-heading\"><strong>Pa\u00eds da liberdade?<\/strong><\/h3>\n\n<p>Sushma Raman, diretora executiva interina das organiza\u00e7\u00f5es do Greenpeace nos EUA, reitera que este caso deve ser uma preocupa\u00e7\u00e3o de todos, independentemente do posicionamento pol\u00edtico de cada um. <\/p>\n\n<p>&#8220;<strong>O futuro da Primeira Emenda est\u00e1 em jogo, e processos como este visam destruir nossos direitos ao protesto pac\u00edfico e \u00e0 liberdade de express\u00e3o. Esses direitos s\u00e3o fundamentais para qualquer trabalho em prol da justi\u00e7a \u2013 e \u00e9 por isso que continuaremos lutando juntos, em solidariedade. As grandes petroleiras podem tentar impedir um grupo espec\u00edfico, mas n\u00e3o podem deter um movimento.<\/strong>\u201d <\/p>\n\n<p>A ofensiva da Energy Transfer se enquadra em uma estrat\u00e9gia jur\u00eddica conhecida como SLAPP (Strategic Lawsuit Against Public Participation), uma nova \u201carma\u201d de petroleiras e de outras empresas para sufocar organiza\u00e7\u00f5es sem fins lucrativos e ativistas com processos judiciais com custos jur\u00eddicos exorbitantes, com o risco de levar as organiza\u00e7\u00f5es \u00e0 fal\u00eancia.<\/p>\n\n<p>Empresas como Shell, Total e ENI tamb\u00e9m entraram com a\u00e7\u00f5es SLAPP contra entidades do Greenpeace nos \u00faltimos anos, em v\u00e1rios anos. Algumas dessas a\u00e7\u00f5es j\u00e1 foram julgadas com resultados favor\u00e1veis ao Greenpeace, como, por exemplo, a vit\u00f3ria do Greenpeace Fran\u00e7a contra a TotalEnergies em mar\u00e7o de 2024 e a desist\u00eancia da Shell de seu processo contra o Greenpeace Reino Unido e o Greenpeace Internacional em dezembro do ano passado.<\/p>\n\n<p>\u201c<strong>A Energy Transfer ainda n\u00e3o ouviu nossa \u00faltima palavra nesta luta. Estamos apenas come\u00e7ando, e, em fevereiro, protocolamos uma a\u00e7\u00e3o anti-SLAPP contra os ataques da Energy Transfer \u00e0 liberdade de express\u00e3o e ao protesto pac\u00edfico. Nos veremos no tribunal, em julho, na Holanda. Eles n\u00e3o v\u00e3o nos calar\u201d<\/strong>, afirmou Kristin Casper, General Counsel do Greenpeace Internacional. O objetivo da a\u00e7\u00e3o \u00e9 recuperar todos os danos e custos que a organiza\u00e7\u00e3o sofreu como resultado das infundadas e abusivas a\u00e7\u00f5es judiciais da ET.<\/p>\n\n<p><strong><a href=\"https:\/\/www.instagram.com\/p\/DG3l19ixNIF\/\" data-type=\"link\" data-id=\"https:\/\/www.instagram.com\/p\/DG3l19ixNIF\/\">Assista ao v\u00eddeo<\/a> <\/strong>e saiba mais sobre o caso.<\/p>\n\n<p><strong><br><\/strong><\/p>\n","protected":false},"excerpt":{"rendered":"<p>A liberdade de express\u00e3o e o direito ao protesto est\u00e3o em jogo nos Estados Unidos<\/p>\n","protected":false},"author":98,"featured_media":56560,"comment_status":"open","ping_status":"closed","sticky":false,"template":"","format":"standard","meta":{"ep_exclude_from_search":false,"p4_og_title":"","p4_og_description":"","p4_og_image":"","p4_og_image_id":"","p4_seo_canonical_url":"","p4_campaign_name":"","p4_local_project":"","p4_basket_name":"","p4_department":"","footnotes":""},"categories":[5],"tags":[13,50],"p4-page-type":[16],"class_list":["post-56557","post","type-post","status-publish","format-standard","has-post-thumbnail","hentry","category-greenpeace","tag-greenpeace","tag-institucional","p4-page-type-blog"],"_links":{"self":[{"href":"https:\/\/www.greenpeace.org\/brasil\/wp-json\/wp\/v2\/posts\/56557","targetHints":{"allow":["GET"]}}],"collection":[{"href":"https:\/\/www.greenpeace.org\/brasil\/wp-json\/wp\/v2\/posts"}],"about":[{"href":"https:\/\/www.greenpeace.org\/brasil\/wp-json\/wp\/v2\/types\/post"}],"author":[{"embeddable":true,"href":"https:\/\/www.greenpeace.org\/brasil\/wp-json\/wp\/v2\/users\/98"}],"replies":[{"embeddable":true,"href":"https:\/\/www.greenpeace.org\/brasil\/wp-json\/wp\/v2\/comments?post=56557"}],"version-history":[{"count":6,"href":"https:\/\/www.greenpeace.org\/brasil\/wp-json\/wp\/v2\/posts\/56557\/revisions"}],"predecessor-version":[{"id":56570,"href":"https:\/\/www.greenpeace.org\/brasil\/wp-json\/wp\/v2\/posts\/56557\/revisions\/56570"}],"wp:featuredmedia":[{"embeddable":true,"href":"https:\/\/www.greenpeace.org\/brasil\/wp-json\/wp\/v2\/media\/56560"}],"wp:attachment":[{"href":"https:\/\/www.greenpeace.org\/brasil\/wp-json\/wp\/v2\/media?parent=56557"}],"wp:term":[{"taxonomy":"category","embeddable":true,"href":"https:\/\/www.greenpeace.org\/brasil\/wp-json\/wp\/v2\/categories?post=56557"},{"taxonomy":"post_tag","embeddable":true,"href":"https:\/\/www.greenpeace.org\/brasil\/wp-json\/wp\/v2\/tags?post=56557"},{"taxonomy":"p4-page-type","embeddable":true,"href":"https:\/\/www.greenpeace.org\/brasil\/wp-json\/wp\/v2\/p4-page-type?post=56557"}],"curies":[{"name":"wp","href":"https:\/\/api.w.org\/{rel}","templated":true}]}}