{"id":56663,"date":"2022-09-08T13:49:00","date_gmt":"2022-09-08T16:49:00","guid":{"rendered":"https:\/\/www.greenpeace.org\/brasil\/?p=56663"},"modified":"2026-04-08T10:49:00","modified_gmt":"2026-04-08T13:49:00","slug":"voto-sem-vacilo","status":"publish","type":"post","link":"https:\/\/www.greenpeace.org\/brasil\/publicacoes\/voto-sem-vacilo\/","title":{"rendered":"Voto Sem Vacilo"},"content":{"rendered":"\n<p>Antes de escolher em quem voc\u00ea vai votar, \u00e9 necess\u00e1rio entender qual a fun\u00e7\u00e3o de cada cargo pol\u00edtico que ser\u00e1 votado. Por isso, criamos o Guia do<strong> <a href=\"https:\/\/storage.googleapis.com\/voto-sem-vacilo\/Greenpeace_-_Voto_Sem_Vacilo_-_Um_guia_para_enverdecer_as_eleic%CC%A7o%CC%83es_2022.pdf\">#VotoSemVacilo<\/a><\/strong>, que traz dicas para voc\u00ea votar em candidaturas que realmente estejam comprometidas em fazer a diferen\u00e7a pelo presente e futuro de todas as formas de vida.&nbsp;<\/p>\n\n<div class=\"wp-block-buttons is-content-justification-center is-layout-flex wp-container-core-buttons-is-layout-16018d1d wp-block-buttons-is-layout-flex\">\n<div class=\"wp-block-button\"><a class=\"wp-block-button__link wp-element-button\" href=\"https:\/\/storage.googleapis.com\/voto-sem-vacilo\/Greenpeace_-_Voto_Sem_Vacilo_-_Um_guia_para_enverdecer_as_eleic%CC%A7o%CC%83es_2022.pdf\">Confira o documento clicando aqui.<\/a><\/div>\n<\/div>\n\n<p> Vem com a gente pra n\u00e3o vacilar com a Amaz\u00f4nia e com o Clima! &nbsp;Contamos com o seu apoio.<\/p>\n\n<p><\/p>\n","protected":false},"excerpt":{"rendered":"<p>Antes de escolher em quem voc\u00ea vai votar, \u00e9 necess\u00e1rio entender qual a fun\u00e7\u00e3o de cada cargo pol\u00edtico que ser\u00e1 votado. Por isso, criamos o Guia do #VotoSemVacilo, que traz&hellip;<\/p>\n","protected":false},"author":28,"featured_media":56664,"comment_status":"open","ping_status":"closed","sticky":false,"template":"","format":"standard","meta":{"ep_exclude_from_search":false,"p4_og_title":"","p4_og_description":"","p4_og_image":"","p4_og_image_id":"","p4_seo_canonical_url":"","p4_campaign_name":"","p4_local_project":"","p4_basket_name":"","p4_department":"","footnotes":""},"categories":[5],"tags":[],"p4-page-type":[15],"class_list":["post-56663","post","type-post","status-publish","format-standard","has-post-thumbnail","hentry","category-greenpeace","p4-page-type-publicacoes"],"_links":{"self":[{"href":"https:\/\/www.greenpeace.org\/brasil\/wp-json\/wp\/v2\/posts\/56663","targetHints":{"allow":["GET"]}}],"collection":[{"href":"https:\/\/www.greenpeace.org\/brasil\/wp-json\/wp\/v2\/posts"}],"about":[{"href":"https:\/\/www.greenpeace.org\/brasil\/wp-json\/wp\/v2\/types\/post"}],"author":[{"embeddable":true,"href":"https:\/\/www.greenpeace.org\/brasil\/wp-json\/wp\/v2\/users\/28"}],"replies":[{"embeddable":true,"href":"https:\/\/www.greenpeace.org\/brasil\/wp-json\/wp\/v2\/comments?post=56663"}],"version-history":[{"count":5,"href":"https:\/\/www.greenpeace.org\/brasil\/wp-json\/wp\/v2\/posts\/56663\/revisions"}],"predecessor-version":[{"id":63259,"href":"https:\/\/www.greenpeace.org\/brasil\/wp-json\/wp\/v2\/posts\/56663\/revisions\/63259"}],"wp:featuredmedia":[{"embeddable":true,"href":"https:\/\/www.greenpeace.org\/brasil\/wp-json\/wp\/v2\/media\/56664"}],"wp:attachment":[{"href":"https:\/\/www.greenpeace.org\/brasil\/wp-json\/wp\/v2\/media?parent=56663"}],"wp:term":[{"taxonomy":"category","embeddable":true,"href":"https:\/\/www.greenpeace.org\/brasil\/wp-json\/wp\/v2\/categories?post=56663"},{"taxonomy":"post_tag","embeddable":true,"href":"https:\/\/www.greenpeace.org\/brasil\/wp-json\/wp\/v2\/tags?post=56663"},{"taxonomy":"p4-page-type","embeddable":true,"href":"https:\/\/www.greenpeace.org\/brasil\/wp-json\/wp\/v2\/p4-page-type?post=56663"}],"curies":[{"name":"wp","href":"https:\/\/api.w.org\/{rel}","templated":true}]}}