{"id":56749,"date":"2025-04-08T14:30:34","date_gmt":"2025-04-08T17:30:34","guid":{"rendered":"https:\/\/www.greenpeace.org\/brasil\/?p=56749"},"modified":"2025-04-08T15:06:45","modified_gmt":"2025-04-08T18:06:45","slug":"relatorio-ouro-toxico","status":"publish","type":"post","link":"https:\/\/www.greenpeace.org\/brasil\/publicacoes\/relatorio-ouro-toxico\/","title":{"rendered":"Ouro T\u00f3xico: Greenpeace mostra deslocamento do garimpo ilegal e falhas no com\u00e9rcio global do ouro"},"content":{"rendered":"\n<p>A Amaz\u00f4nia sofre enquanto garimpeiros ilegais destroem Terras Ind\u00edgenas, contaminam rios com merc\u00fario e violentam os direitos dos povos que nela habitam. No centro desse ecossistema de destrui\u00e7\u00e3o est\u00e1 a cobi\u00e7a pelo ouro, um metal precioso que atravessa as fronteiras brasileiras e entra na economia global sem uma regula\u00e7\u00e3o eficaz e devida dilig\u00eancia realizada pelos diversos pa\u00edses envolvidos nas opera\u00e7\u00f5es.<\/p>\n\n<p><strong>O novo relat\u00f3rio&nbsp;<\/strong><strong><em>\u201cOuro T\u00f3xico \u2013 Como a explora\u00e7\u00e3o ilegal de ouro na Amaz\u00f4nia alimenta a destrui\u00e7\u00e3o ambiental, as viola\u00e7\u00f5es dos direitos ind\u00edgenas e um com\u00e9rcio global obscuro\u201d,<\/em><\/strong>lan\u00e7ado pelo Greenpeace Brasil em parceria com o Greenpeace Alemanha, revela os impactos do garimpo ilegal e exp\u00f5e os respons\u00e1veis por alimentar essa cadeia de destrui\u00e7\u00e3o.<\/p>\n\n<div class=\"wp-block-buttons is-layout-flex wp-block-buttons-is-layout-flex\">\n<div class=\"wp-block-button\"><a class=\"wp-block-button__link wp-element-button\" href=\"https:\/\/storage.googleapis.com\/gpbr-public\/toxic-gold\/Greenpeace_Relato%CC%81rio_Ouro_To%CC%81xico.pdf\">Acesse o relat\u00f3rio<\/a><\/div>\n<\/div>\n","protected":false},"excerpt":{"rendered":"<p>A Amaz\u00f4nia sofre enquanto garimpeiros ilegais destroem Terras Ind\u00edgenas, contaminam rios com merc\u00fario e violentam os direitos dos povos que nela habitam. No centro desse ecossistema de destrui\u00e7\u00e3o est\u00e1 a&hellip;<\/p>\n","protected":false},"author":28,"featured_media":56753,"comment_status":"open","ping_status":"closed","sticky":false,"template":"","format":"standard","meta":{"ep_exclude_from_search":false,"p4_og_title":"","p4_og_description":"","p4_og_image":"","p4_og_image_id":"","p4_seo_canonical_url":"","p4_campaign_name":"","p4_local_project":"","p4_basket_name":"","p4_department":"","footnotes":""},"categories":[49,5],"tags":[60],"p4-page-type":[15],"class_list":["post-56749","post","type-post","status-publish","format-standard","has-post-thumbnail","hentry","category-amazonia","category-greenpeace","tag-garimpo","p4-page-type-publicacoes"],"_links":{"self":[{"href":"https:\/\/www.greenpeace.org\/brasil\/wp-json\/wp\/v2\/posts\/56749","targetHints":{"allow":["GET"]}}],"collection":[{"href":"https:\/\/www.greenpeace.org\/brasil\/wp-json\/wp\/v2\/posts"}],"about":[{"href":"https:\/\/www.greenpeace.org\/brasil\/wp-json\/wp\/v2\/types\/post"}],"author":[{"embeddable":true,"href":"https:\/\/www.greenpeace.org\/brasil\/wp-json\/wp\/v2\/users\/28"}],"replies":[{"embeddable":true,"href":"https:\/\/www.greenpeace.org\/brasil\/wp-json\/wp\/v2\/comments?post=56749"}],"version-history":[{"count":2,"href":"https:\/\/www.greenpeace.org\/brasil\/wp-json\/wp\/v2\/posts\/56749\/revisions"}],"predecessor-version":[{"id":56754,"href":"https:\/\/www.greenpeace.org\/brasil\/wp-json\/wp\/v2\/posts\/56749\/revisions\/56754"}],"wp:featuredmedia":[{"embeddable":true,"href":"https:\/\/www.greenpeace.org\/brasil\/wp-json\/wp\/v2\/media\/56753"}],"wp:attachment":[{"href":"https:\/\/www.greenpeace.org\/brasil\/wp-json\/wp\/v2\/media?parent=56749"}],"wp:term":[{"taxonomy":"category","embeddable":true,"href":"https:\/\/www.greenpeace.org\/brasil\/wp-json\/wp\/v2\/categories?post=56749"},{"taxonomy":"post_tag","embeddable":true,"href":"https:\/\/www.greenpeace.org\/brasil\/wp-json\/wp\/v2\/tags?post=56749"},{"taxonomy":"p4-page-type","embeddable":true,"href":"https:\/\/www.greenpeace.org\/brasil\/wp-json\/wp\/v2\/p4-page-type?post=56749"}],"curies":[{"name":"wp","href":"https:\/\/api.w.org\/{rel}","templated":true}]}}