{"id":56915,"date":"2025-04-22T10:36:07","date_gmt":"2025-04-22T13:36:07","guid":{"rendered":"https:\/\/www.greenpeace.org\/brasil\/?p=56915"},"modified":"2025-07-02T04:19:48","modified_gmt":"2025-07-02T07:19:48","slug":"abril-indigena-alianca-em-defesa-dos-territorios-contra-o-garimpo","status":"publish","type":"post","link":"https:\/\/www.greenpeace.org\/brasil\/blog\/abril-indigena-alianca-em-defesa-dos-territorios-contra-o-garimpo\/","title":{"rendered":"Abril Ind\u00edgena: Alian\u00e7a em Defesa dos Territ\u00f3rios contra o garimpo"},"content":{"rendered":"\n<p><em>Lideran\u00e7as ind\u00edgenas Munduruku, Yanomami e Kayap\u00f3 discutiram sobre a luta e garantia dos seus direitos, em reuni\u00e3o ocorrida em Bras\u00edlia (DF)<\/em><\/p>\n\n<figure class=\"wp-block-image aligncenter size-large is-resized\"><img loading=\"lazy\" decoding=\"async\" width=\"1024\" height=\"768\" src=\"https:\/\/www.greenpeace.org\/static\/planet4-brasil-stateless\/2025\/04\/0265f2ae-dsc05362-1-1024x768.jpg\" alt=\"\" class=\"wp-image-56916\" style=\"width:675px;height:auto\" srcset=\"https:\/\/www.greenpeace.org\/static\/planet4-brasil-stateless\/2025\/04\/0265f2ae-dsc05362-1-1024x768.jpg 1024w, https:\/\/www.greenpeace.org\/static\/planet4-brasil-stateless\/2025\/04\/0265f2ae-dsc05362-1-300x225.jpg 300w, https:\/\/www.greenpeace.org\/static\/planet4-brasil-stateless\/2025\/04\/0265f2ae-dsc05362-1-768x576.jpg 768w, https:\/\/www.greenpeace.org\/static\/planet4-brasil-stateless\/2025\/04\/0265f2ae-dsc05362-1-1536x1152.jpg 1536w, https:\/\/www.greenpeace.org\/static\/planet4-brasil-stateless\/2025\/04\/0265f2ae-dsc05362-1-2048x1536.jpg 2048w, https:\/\/www.greenpeace.org\/static\/planet4-brasil-stateless\/2025\/04\/0265f2ae-dsc05362-1-1821x1366.jpg 1821w, https:\/\/www.greenpeace.org\/static\/planet4-brasil-stateless\/2025\/04\/0265f2ae-dsc05362-1-453x340.jpg 453w\" sizes=\"auto, (max-width: 1024px) 100vw, 1024px\" \/><figcaption class=\"wp-element-caption\">Lideran\u00e7as ind\u00edgenas durante encontro da Alian\u00e7a em Defesa dos Territ\u00f3rios. Foto: \u00a9 Samara Souza \/ Greenpeace<\/figcaption><\/figure>\n\n<p>Ap\u00f3s semana intensa de mobiliza\u00e7\u00f5es durante o <a href=\"https:\/\/www.greenpeace.org\/brasil\/blog\/na-abertura-do-atl-2025-povos-indigenas-reforcam-luta-pela-constituicao-e-pela-vida\/\">Acampamento Terra Livre<\/a>, em Bras\u00edlia, lideran\u00e7as dos povos Munduruku, Yanomami e Kayap\u00f3 se reuniram para construir de maneira conjunta, estrat\u00e9gias de combate ao garimpo ilegal e de defesa dos seus direitos constitucionais. Nesse contexto, escreveram uma carta que foi entregue nesta quarta-feira (15\/05), ao ministro do Supremo Tribunal Federal (STF), Gilmar Mendes, em reuni\u00e3o com o povo Munduruku. Na carta, expressaram total rep\u00fadio \u00e0s tentativas de regulariza\u00e7\u00e3o da minera\u00e7\u00e3o em Terras Ind\u00edgenas, bem como da proposta de cria\u00e7\u00e3o de um novo processo de concilia\u00e7\u00e3o para discutir o tema.<\/p>\n\n<figure class=\"wp-block-image aligncenter size-full is-resized\"><img loading=\"lazy\" decoding=\"async\" width=\"800\" height=\"532\" src=\"https:\/\/www.greenpeace.org\/static\/planet4-brasil-stateless\/2025\/04\/3a13855d-gp0su5632_low-res-800px.jpg\" alt=\"\" class=\"wp-image-56917\" style=\"width:660px;height:auto\" srcset=\"https:\/\/www.greenpeace.org\/static\/planet4-brasil-stateless\/2025\/04\/3a13855d-gp0su5632_low-res-800px.jpg 800w, https:\/\/www.greenpeace.org\/static\/planet4-brasil-stateless\/2025\/04\/3a13855d-gp0su5632_low-res-800px-300x200.jpg 300w, https:\/\/www.greenpeace.org\/static\/planet4-brasil-stateless\/2025\/04\/3a13855d-gp0su5632_low-res-800px-768x511.jpg 768w, https:\/\/www.greenpeace.org\/static\/planet4-brasil-stateless\/2025\/04\/3a13855d-gp0su5632_low-res-800px-510x340.jpg 510w\" sizes=\"auto, (max-width: 800px) 100vw, 800px\" \/><figcaption class=\"wp-element-caption\">Ind\u00edgenas Munduruku e Guarani Kaiow\u00e1 entregam cartas ao ministro Gilmar Mendes, no STF, contra as iniciativas de retrocessos aos direitos ind\u00edgenas. Cr\u00e9dito: \u00a9 Ale Bastos \/ Greenpeace<\/figcaption><\/figure>\n\n<p> As tr\u00eas etnias fazem parte da Alian\u00e7a Em Defesa dos Territ\u00f3rios, uma articula\u00e7\u00e3o criada em dezembro de 2021, com povos vindos das Terras Ind\u00edgenas mais afetadas pelo garimpo ilegal, atividade que tem alimentado a destrui\u00e7\u00e3o ambiental e a viola\u00e7\u00e3o dos direitos &#8211; juntas, elas atuam realizando incid\u00eancia pol\u00edtica junto a autoridades e institui\u00e7\u00f5es, contra a explora\u00e7\u00e3o ilegal de ouro em seus territ\u00f3rios.&nbsp;<\/p>\n\n<p>Tanto no Congresso Nacional como no STF, s\u00e3o diversas as tentativas que amea\u00e7am os direitos dos povos ind\u00edgenas, a demarca\u00e7\u00e3o dos seus territ\u00f3rios e a abertura dessas terras para a explora\u00e7\u00e3o econ\u00f4mica. Exemplo recente disso foi a promulga\u00e7\u00e3o da Lei 14.701\/2023, que instituiu o Marco Temporal, al\u00e9m da minuta do Projeto de Lei Complementar, em discuss\u00e3o na Mesa de Concilia\u00e7\u00e3o.<\/p>\n\n<p>Os povos ind\u00edgenas vem alertando as autoridades sobre as consequ\u00eancias diretas do garimpo em seus territ\u00f3rios. O desmatamento, a contamina\u00e7\u00e3o do solo, dos rios, dos peixes e das pessoas por merc\u00fario, a desorganiza\u00e7\u00e3o social s\u00e3o algumas das consequ\u00eancias devastadoras levadas para as Terras Ind\u00edgenas. Na carta, a Alian\u00e7a destaca que s\u00f3 em 2023, o garimpo devastou 1.410 hectares em Terras Ind\u00edgenas, uma \u00e1rea equivalente \u00e0 abertura de <a href=\"https:\/\/www.greenpeace.org\/brasil\/imprensa\/garimpo-abriu-area-equivalente-a-quatro-campos-de-futebol-por-dia-em-2023-nos-territorios-yanomami-kayapo-e-munduruku\/\">quatro campos de futebol por dia<\/a> e que, apesar das tentativas do governo para coibir as invas\u00f5es, eles ainda enfrentam problemas alarmantes nos territ\u00f3rios.<\/p>\n\n<p>A explora\u00e7\u00e3o de outros minerais \u00e9 tamb\u00e9m um assunto preocupante, apontam as lideran\u00e7as ind\u00edgenas. At\u00e9 2023, haviam mais de 400 requerimentos de lavra no territ\u00f3rio Yanomami e os impactos das minas de Caraj\u00e1s s\u00e3o sentidos de perto pelos Kayap\u00f3, no Par\u00e1. \u00c9 importante ressaltar que as trag\u00e9dias de Mariana e Brumadinho revelam o passivo ambiental incalcul\u00e1vel deixado pelas mineradoras, com processos falhos de repara\u00e7\u00e3o e reconstru\u00e7\u00e3o.&nbsp;<\/p>\n\n<p>No final do encontro, as lideran\u00e7as afirmaram a urg\u00eancia em combater o garimpo e enfatizaram que a regulamenta\u00e7\u00e3o da minera\u00e7\u00e3o n\u00e3o pode ser tratada como \u201csolu\u00e7\u00e3o\u201d para esse problema. Afirmam ainda que todas as decis\u00f5es que possam afet\u00e1-los, precisam seguir os devidos protocolos de consulta livre, pr\u00e9via e informada, como assegura a Conven\u00e7\u00e3o 169 da OIT.<\/p>\n\n<p>Leia a carta na <a href=\"https:\/\/www.greenpeace.org\/static\/planet4-brasil-stateless\/2025\/04\/788ab477-cartarepudioalianca-abr25-gilmarmendes.pdf\">\u00edntegra aqui<\/a>.&nbsp;<\/p>\n\n<p>A Alian\u00e7a em Defesa dos Territ\u00f3rios \u00e9 formada pelas organiza\u00e7\u00f5es: Hutukara Associa\u00e7\u00e3o Yanomami, Instituto Raoni, Instituto Kabu, Associa\u00e7\u00e3o Beb\u00f4 Xikrin do Bacaj\u00e1 (ABEX), Associa\u00e7\u00e3o Floresta Protegida (AFP), Associa\u00e7\u00e3o das Mulheres Munduruku Wakobor\u0169n, Associa\u00e7\u00e3o Ind\u00edgena Pariri do M\u00e9dio Tapaj\u00f3s, Hwenama Associa\u00e7\u00e3o dos Povos Yanomami de Roraima (HAPYR) e Associa\u00e7\u00e3o Wanasseduume Ye&#8217;kwana (Seduume) e conta com o apoio do Instituto Socioambiental (ISA) e do Greenpeace Brasil.<\/p>\n\n<p><strong>Relat\u00f3rio \u2018Ouro T\u00f3xico\u2019<\/strong><\/p>\n\n<p>Durante o Acampamento Terra Livre (ATL), o Greenpeace Brasil em parceria com o Greenpeace Alemanha, lan\u00e7ou o relat\u00f3rio <a href=\"https:\/\/storage.googleapis.com\/gpbr-public\/toxic-gold\/Greenpeace_Relato%CC%81rio_Ouro_To%CC%81xico.pdf\">&#8220;Ouro T\u00f3xico &#8211; Como a explora\u00e7\u00e3o ilegal de ouro na Amaz\u00f4nia alimenta a destrui\u00e7\u00e3o ambiental, as viola\u00e7\u00f5es dos direitos ind\u00edgenas e um com\u00e9rcio global obscuro\u201d<\/a>, revelando os impactos do garimpo ilegal e os respons\u00e1veis por alimentar essa cadeia de destrui\u00e7\u00e3o.<\/p>\n\n<p>Ainda durante o ATL, na Tenda da COIAB, a roda de conversa: <em>\u201cGarimpo na Amaz\u00f4nia, a vida ap\u00f3s as desintrus\u00f5es e a recupera\u00e7\u00e3o socioambiental dos territ\u00f3rios\u201d<\/em>, proposta pela Alian\u00e7a em Defesa dos Territ\u00f3rios, discutiu sobre os processos de desintrus\u00e3o realizados nas Terras Ind\u00edgenas e as a\u00e7\u00f5es necess\u00e1rios p\u00f3s as opera\u00e7\u00f5es. No evento, foi poss\u00edvel ouvir relatos impactantes de lideran\u00e7as ind\u00edgenas da Amaz\u00f4nia, que est\u00e3o na linha de frente da resist\u00eancia contra o garimpo ilegal.<\/p>\n\n<figure class=\"wp-block-image size-full\"><img loading=\"lazy\" decoding=\"async\" width=\"800\" height=\"533\" src=\"https:\/\/www.greenpeace.org\/static\/planet4-brasil-stateless\/2025\/04\/a3c6a49a-gp0su532r_low-res-800px-1.jpg\" alt=\"\" class=\"wp-image-56924\" srcset=\"https:\/\/www.greenpeace.org\/static\/planet4-brasil-stateless\/2025\/04\/a3c6a49a-gp0su532r_low-res-800px-1.jpg 800w, https:\/\/www.greenpeace.org\/static\/planet4-brasil-stateless\/2025\/04\/a3c6a49a-gp0su532r_low-res-800px-1-300x200.jpg 300w, https:\/\/www.greenpeace.org\/static\/planet4-brasil-stateless\/2025\/04\/a3c6a49a-gp0su532r_low-res-800px-1-768x512.jpg 768w, https:\/\/www.greenpeace.org\/static\/planet4-brasil-stateless\/2025\/04\/a3c6a49a-gp0su532r_low-res-800px-1-510x340.jpg 510w\" sizes=\"auto, (max-width: 800px) 100vw, 800px\" \/><figcaption class=\"wp-element-caption\">Cacique Raoni Metuktire participou da roda de conversa com outras lideran\u00e7as ind\u00edgenas. Cr\u00e9dito: \u00a9 Lucas Landau \/ Greenpeace<\/figcaption><\/figure>\n\n<p>A luta por uma Amaz\u00f4nia Livre de Garimpo precisa do apoio de todos n\u00f3s. As Terras Ind\u00edgenas desempenham um papel essencial no combate \u00e0s mudan\u00e7as clim\u00e1ticas, atuando como barreiras naturais contra o desmatamento e sequestrando grandes quantidades de carbono da atmosfera, ou seja, a nossa sobreviv\u00eancia depende tamb\u00e9m da prote\u00e7\u00e3o desses territ\u00f3rios. <a href=\"https:\/\/www.greenpeace.org\/brasil\/apoie\/amazonia-livre-de-garimpo\/\">Assine aqui<\/a> e mande a sua mensagem!<\/p>\n","protected":false},"excerpt":{"rendered":"<p>Lideran\u00e7as ind\u00edgenas Munduruku, Yanomami e Kayap\u00f3 discutiram sobre a luta e garantia dos seus direitos, em reuni\u00e3o ocorrida em Bras\u00edlia (DF)<\/p>\n","protected":false},"author":133,"featured_media":56916,"comment_status":"open","ping_status":"closed","sticky":false,"template":"","format":"standard","meta":{"ep_exclude_from_search":false,"p4_og_title":"","p4_og_description":"","p4_og_image":"","p4_og_image_id":"","p4_seo_canonical_url":"","p4_campaign_name":"","p4_local_project":"","p4_basket_name":"","p4_department":"","footnotes":""},"categories":[49,68],"tags":[60,43],"p4-page-type":[16],"class_list":["post-56915","post","type-post","status-publish","format-standard","has-post-thumbnail","hentry","category-amazonia","category-povos-e-territorios","tag-garimpo","tag-povos-e-territorios","p4-page-type-blog"],"_links":{"self":[{"href":"https:\/\/www.greenpeace.org\/brasil\/wp-json\/wp\/v2\/posts\/56915","targetHints":{"allow":["GET"]}}],"collection":[{"href":"https:\/\/www.greenpeace.org\/brasil\/wp-json\/wp\/v2\/posts"}],"about":[{"href":"https:\/\/www.greenpeace.org\/brasil\/wp-json\/wp\/v2\/types\/post"}],"author":[{"embeddable":true,"href":"https:\/\/www.greenpeace.org\/brasil\/wp-json\/wp\/v2\/users\/133"}],"replies":[{"embeddable":true,"href":"https:\/\/www.greenpeace.org\/brasil\/wp-json\/wp\/v2\/comments?post=56915"}],"version-history":[{"count":4,"href":"https:\/\/www.greenpeace.org\/brasil\/wp-json\/wp\/v2\/posts\/56915\/revisions"}],"predecessor-version":[{"id":58456,"href":"https:\/\/www.greenpeace.org\/brasil\/wp-json\/wp\/v2\/posts\/56915\/revisions\/58456"}],"wp:featuredmedia":[{"embeddable":true,"href":"https:\/\/www.greenpeace.org\/brasil\/wp-json\/wp\/v2\/media\/56916"}],"wp:attachment":[{"href":"https:\/\/www.greenpeace.org\/brasil\/wp-json\/wp\/v2\/media?parent=56915"}],"wp:term":[{"taxonomy":"category","embeddable":true,"href":"https:\/\/www.greenpeace.org\/brasil\/wp-json\/wp\/v2\/categories?post=56915"},{"taxonomy":"post_tag","embeddable":true,"href":"https:\/\/www.greenpeace.org\/brasil\/wp-json\/wp\/v2\/tags?post=56915"},{"taxonomy":"p4-page-type","embeddable":true,"href":"https:\/\/www.greenpeace.org\/brasil\/wp-json\/wp\/v2\/p4-page-type?post=56915"}],"curies":[{"name":"wp","href":"https:\/\/api.w.org\/{rel}","templated":true}]}}