{"id":56933,"date":"2025-04-25T06:00:00","date_gmt":"2025-04-25T09:00:00","guid":{"rendered":"https:\/\/www.greenpeace.org\/brasil\/?p=56933"},"modified":"2025-06-23T11:36:50","modified_gmt":"2025-06-23T14:36:50","slug":"5-acoes-emblematicas-do-greenpeace-brasil-na-amazonia","status":"publish","type":"post","link":"https:\/\/www.greenpeace.org\/brasil\/blog\/5-acoes-emblematicas-do-greenpeace-brasil-na-amazonia\/","title":{"rendered":"5 a\u00e7\u00f5es emblem\u00e1ticas do Greenpeace Brasil na Amaz\u00f4nia"},"content":{"rendered":"\n<h4 class=\"wp-block-heading\">Organiza\u00e7\u00e3o completa 33 anos de atua\u00e7\u00e3o no pa\u00eds neste 26 de abril, com campanha em defesa do respeito \u00e0 Amaz\u00f4nia e seus povos<\/h4>\n\n<figure class=\"wp-block-image size-full\"><img loading=\"lazy\" decoding=\"async\" width=\"800\" height=\"532\" src=\"https:\/\/www.greenpeace.org\/static\/planet4-brasil-stateless\/2025\/04\/a1b48846-gp01cvb_low-res-with-credit-line-800px.jpg\" alt=\"\" class=\"wp-image-56934\" srcset=\"https:\/\/www.greenpeace.org\/static\/planet4-brasil-stateless\/2025\/04\/a1b48846-gp01cvb_low-res-with-credit-line-800px.jpg 800w, https:\/\/www.greenpeace.org\/static\/planet4-brasil-stateless\/2025\/04\/a1b48846-gp01cvb_low-res-with-credit-line-800px-300x200.jpg 300w, https:\/\/www.greenpeace.org\/static\/planet4-brasil-stateless\/2025\/04\/a1b48846-gp01cvb_low-res-with-credit-line-800px-768x511.jpg 768w, https:\/\/www.greenpeace.org\/static\/planet4-brasil-stateless\/2025\/04\/a1b48846-gp01cvb_low-res-with-credit-line-800px-510x340.jpg 510w\" sizes=\"auto, (max-width: 800px) 100vw, 800px\" \/><figcaption class=\"wp-element-caption\">A\u00e7\u00e3o do Greenpeace na serraria Maginco, em Rio Maria, Par\u00e1, Brasil, no ano de 1992, contra a explora\u00e7\u00e3o de  mogno (Foto: Steve Morgan\/Greenpeace)<\/figcaption><\/figure>\n\n<p><strong>A prote\u00e7\u00e3o da Amaz\u00f4nia \u00e9 um chamado que costura os cap\u00edtulos da hist\u00f3ria do Greenpeace Brasil.<\/strong> T\u00e3o conectadas como as ra\u00edzes das florestas ou o encontro das \u00e1guas nos rios, as campanhas da organiza\u00e7\u00e3o sempre tiveram centralidade na defesa do bioma, lar de uma imensa biodiversidade e de milhares de comunidades ind\u00edgenas e popula\u00e7\u00f5es tradicionais.<\/p>\n\n<p>N\u00e3o teria como ser de outra forma. Afinal, a maior floresta tropical cont\u00ednua do mundo ocupa cerca de 59% do territ\u00f3rio brasileiro com uma imensid\u00e3o que cobre nove estados, al\u00e9m de abrigar uma <strong>biodiversidade \u00fanica e desempenhar um papel crucial na regula\u00e7\u00e3o do clima global.&nbsp;<\/strong><\/p>\n\n<p>No entanto, t\u00e3o grande quanto sua import\u00e2ncia, s\u00e3o as amea\u00e7as que a afetam. \u00c9 justamente por isso que, desde sua origem, na d\u00e9cada de 90, os ativistas do Greenpeace Brasil enfrentam projetos, pessoas e empresas que lucram com a destrui\u00e7\u00e3o do bioma.&nbsp;<\/p>\n\n<div class=\"wp-block-buttons is-content-justification-center is-layout-flex wp-container-core-buttons-is-layout-16018d1d wp-block-buttons-is-layout-flex\">\n<div class=\"wp-block-button has-custom-width wp-block-button__width-50 has-custom-font-size is-style-secondary has-medium-font-size\"><a class=\"wp-block-button__link has-beige-100-color has-dark-green-800-background-color has-text-color has-background has-link-color wp-element-button\" href=\"https:\/\/respeitemaamazonia.org.br\/?entrypoint=p4_blog\" target=\"_blank\" rel=\"noreferrer noopener\">CONHE\u00c7A O MOVIMENTO  &#8220;<strong>RESPEITEM A AMAZ\u00d4NIA<\/strong>&#8220;<\/a><\/div>\n<\/div>\n\n<p>Ao longo desses 33 anos de hist\u00f3ria, celebrados neste 26 de abril, foram muitas as den\u00fancias e manifesta\u00e7\u00f5es contra o com\u00e9rcio ilegal de madeira, o desmatamento e o garimpo ilegal, que cresceu exponencialmente em Terras Ind\u00edgenas nos \u00faltimos anos.<\/p>\n\n<p>O Greenpeace Brasil atua junto a comunidades amaz\u00f4nidas, fortalecendo a luta por seus direitos e apoiando iniciativas que mostram concretamente como a conviv\u00eancia equilibrada e saud\u00e1vel com a floresta \u00e9 poss\u00edvel.\u00a0<\/p>\n\n<h2 class=\"wp-block-heading has-text-align-center has-green-800-color has-text-color has-link-color wp-elements-93fa5287cef7cb57e24d59838ff5125a\" style=\"font-size:24px\"><strong>S\u00e3o mais de tr\u00eas d\u00e9cadas de mobiliza\u00e7\u00f5es em defesa da Amaz\u00f4nia <\/strong><strong>e de tudo o que ela significa. <\/strong><\/h2>\n\n<p>Confira alguns desses momentos marcantes e conhe\u00e7a mais da hist\u00f3ria da organiza\u00e7\u00e3o:<\/p>\n\n<div style=\"height:30px;width:0px\" aria-hidden=\"true\" class=\"wp-block-spacer\"><\/div>\n\n<h3 class=\"wp-block-heading\">1) <strong>Protestos contra o com\u00e9rcio de mogno<\/strong><\/h3>\n\n<p>Logo em 1992, ano de funda\u00e7\u00e3o do Greenpeace Brasil, os ativistas da organiza\u00e7\u00e3o denunciaram o crescimento da extra\u00e7\u00e3o destrutiva de mogno, uma das madeiras mais nobres da Amaz\u00f4nia e esp\u00e9cie amea\u00e7ada de extin\u00e7\u00e3o.<\/p>\n\n<p>Em novembro daquele ano, foi realizada uma a\u00e7\u00e3o de bloqueio em frente \u00e0 serraria de mogno Maginco em Rio Maria, no Par\u00e1, que na \u00e9poca era a maior empresa de com\u00e9rcio de mogno do Brasil. Esse foi o primeiro de muitos protestos e a\u00e7\u00f5es de uma intensa campanha que seguiu pelos anos seguintes.<\/p>\n<div data-hydrate=\"planet4-blocks\/gallery\" data-attributes=\"{&quot;attributes&quot;:{&quot;multiple_image&quot;:&quot;56934,56936,56935,56938,56950,56951,56949&quot;,&quot;image_data&quot;:[{&quot;url&quot;:&quot;https:\\\/\\\/www.greenpeace.org\\\/static\\\/planet4-brasil-stateless\\\/2025\\\/04\\\/a1b48846-gp01cvb_low-res-with-credit-line-800px.jpg&quot;,&quot;focalPoint&quot;:{&quot;x&quot;:0.5,&quot;y&quot;:0.5},&quot;id&quot;:56934},{&quot;url&quot;:&quot;https:\\\/\\\/www.greenpeace.org\\\/static\\\/planet4-brasil-stateless\\\/2025\\\/04\\\/8eb5e728-gp0k9f_low-res-with-credit-line-800px.jpg&quot;,&quot;focalPoint&quot;:{&quot;x&quot;:0.5,&quot;y&quot;:0.5},&quot;id&quot;:56936},{&quot;url&quot;:&quot;https:\\\/\\\/www.greenpeace.org\\\/static\\\/planet4-brasil-stateless\\\/2025\\\/04\\\/c30192a9-gp0j9r_low-res-with-credit-line-800px.jpg&quot;,&quot;focalPoint&quot;:{&quot;x&quot;:0.5,&quot;y&quot;:0.5},&quot;id&quot;:56935},{&quot;url&quot;:&quot;https:\\\/\\\/www.greenpeace.org\\\/static\\\/planet4-brasil-stateless\\\/2025\\\/04\\\/355025e6-gp03u6_low-res-with-credit-line-800px.jpg&quot;,&quot;focalPoint&quot;:{&quot;x&quot;:0.5,&quot;y&quot;:0.5},&quot;id&quot;:56938},{&quot;url&quot;:&quot;https:\\\/\\\/www.greenpeace.org\\\/static\\\/planet4-brasil-stateless\\\/2025\\\/04\\\/eb20c03a-gp0fqj_medium-res-with-credit-line-1200px.jpg&quot;,&quot;focalPoint&quot;:{&quot;x&quot;:0.5,&quot;y&quot;:0.5},&quot;id&quot;:56950},{&quot;url&quot;:&quot;https:\\\/\\\/www.greenpeace.org\\\/static\\\/planet4-brasil-stateless\\\/2025\\\/04\\\/e2799ad5-gp0tm9_medium-res-with-credit-line-1200px.jpg&quot;,&quot;focalPoint&quot;:{&quot;x&quot;:0.5,&quot;y&quot;:0.5},&quot;id&quot;:56951},{&quot;url&quot;:&quot;https:\\\/\\\/www.greenpeace.org\\\/static\\\/planet4-brasil-stateless\\\/2025\\\/04\\\/acdc2ac9-gp01833_medium-res-with-credit-line-1200px.jpg&quot;,&quot;focalPoint&quot;:{&quot;x&quot;:0.5,&quot;y&quot;:0.5},&quot;id&quot;:56949}],&quot;gallery_block_style&quot;:0,&quot;gallery_block_title&quot;:&quot;&quot;,&quot;gallery_block_description&quot;:&quot;&quot;,&quot;gallery_block_focus_points&quot;:&quot;&quot;,&quot;images&quot;:[{&quot;image_src&quot;:&quot;https:\\\/\\\/www.greenpeace.org\\\/static\\\/planet4-brasil-stateless\\\/2025\\\/04\\\/a1b48846-gp01cvb_low-res-with-credit-line-800px.jpg&quot;,&quot;image_srcset&quot;:&quot;https:\\\/\\\/www.greenpeace.org\\\/static\\\/planet4-brasil-stateless\\\/2025\\\/04\\\/a1b48846-gp01cvb_low-res-with-credit-line-800px.jpg 800w, https:\\\/\\\/www.greenpeace.org\\\/static\\\/planet4-brasil-stateless\\\/2025\\\/04\\\/a1b48846-gp01cvb_low-res-with-credit-line-800px-300x200.jpg 300w, https:\\\/\\\/www.greenpeace.org\\\/static\\\/planet4-brasil-stateless\\\/2025\\\/04\\\/a1b48846-gp01cvb_low-res-with-credit-line-800px-768x511.jpg 768w, https:\\\/\\\/www.greenpeace.org\\\/static\\\/planet4-brasil-stateless\\\/2025\\\/04\\\/a1b48846-gp01cvb_low-res-with-credit-line-800px-510x340.jpg 510w&quot;,&quot;image_sizes&quot;:false,&quot;alt_text&quot;:&quot;&quot;,&quot;caption&quot;:&quot;A\\u00e7\\u00e3o do Greenpeace contra Maginco, em Rio Maria (Par\\u00e1), no ano de 1992&quot;,&quot;focus_image&quot;:&quot;&quot;,&quot;credits&quot;:&quot;&quot;},{&quot;image_src&quot;:&quot;https:\\\/\\\/www.greenpeace.org\\\/static\\\/planet4-brasil-stateless\\\/2025\\\/04\\\/8eb5e728-gp0k9f_low-res-with-credit-line-800px.jpg&quot;,&quot;image_srcset&quot;:&quot;https:\\\/\\\/www.greenpeace.org\\\/static\\\/planet4-brasil-stateless\\\/2025\\\/04\\\/8eb5e728-gp0k9f_low-res-with-credit-line-800px.jpg 800w, https:\\\/\\\/www.greenpeace.org\\\/static\\\/planet4-brasil-stateless\\\/2025\\\/04\\\/8eb5e728-gp0k9f_low-res-with-credit-line-800px-300x200.jpg 300w, https:\\\/\\\/www.greenpeace.org\\\/static\\\/planet4-brasil-stateless\\\/2025\\\/04\\\/8eb5e728-gp0k9f_low-res-with-credit-line-800px-768x512.jpg 768w, https:\\\/\\\/www.greenpeace.org\\\/static\\\/planet4-brasil-stateless\\\/2025\\\/04\\\/8eb5e728-gp0k9f_low-res-with-credit-line-800px-510x340.jpg 510w&quot;,&quot;image_sizes&quot;:false,&quot;alt_text&quot;:&quot;&quot;,&quot;caption&quot;:&quot;Mobiliza\\u00e7\\u00e3o contra o com\\u00e9rcio ilegal de mogno foi agenda da organiza\\u00e7\\u00e3o da d\\u00e9cada de 90 ao in\\u00edcio dos anos 2000&quot;,&quot;focus_image&quot;:&quot;&quot;,&quot;credits&quot;:&quot;&quot;},{&quot;image_src&quot;:&quot;https:\\\/\\\/www.greenpeace.org\\\/static\\\/planet4-brasil-stateless\\\/2025\\\/04\\\/c30192a9-gp0j9r_low-res-with-credit-line-800px.jpg&quot;,&quot;image_srcset&quot;:&quot;https:\\\/\\\/www.greenpeace.org\\\/static\\\/planet4-brasil-stateless\\\/2025\\\/04\\\/c30192a9-gp0j9r_low-res-with-credit-line-800px.jpg 800w, https:\\\/\\\/www.greenpeace.org\\\/static\\\/planet4-brasil-stateless\\\/2025\\\/04\\\/c30192a9-gp0j9r_low-res-with-credit-line-800px-300x200.jpg 300w, https:\\\/\\\/www.greenpeace.org\\\/static\\\/planet4-brasil-stateless\\\/2025\\\/04\\\/c30192a9-gp0j9r_low-res-with-credit-line-800px-768x512.jpg 768w, https:\\\/\\\/www.greenpeace.org\\\/static\\\/planet4-brasil-stateless\\\/2025\\\/04\\\/c30192a9-gp0j9r_low-res-with-credit-line-800px-510x340.jpg 510w&quot;,&quot;image_sizes&quot;:false,&quot;alt_text&quot;:&quot;&quot;,&quot;caption&quot;:&quot;A\\u00e7\\u00e3o do Greenpeace contra Maginco, em Rio Maria (Par\\u00e1), no ano de 1992&quot;,&quot;focus_image&quot;:&quot;&quot;,&quot;credits&quot;:&quot;&quot;},{&quot;image_src&quot;:&quot;https:\\\/\\\/www.greenpeace.org\\\/static\\\/planet4-brasil-stateless\\\/2025\\\/04\\\/355025e6-gp03u6_low-res-with-credit-line-800px.jpg&quot;,&quot;image_srcset&quot;:&quot;https:\\\/\\\/www.greenpeace.org\\\/static\\\/planet4-brasil-stateless\\\/2025\\\/04\\\/355025e6-gp03u6_low-res-with-credit-line-800px.jpg 800w, https:\\\/\\\/www.greenpeace.org\\\/static\\\/planet4-brasil-stateless\\\/2025\\\/04\\\/355025e6-gp03u6_low-res-with-credit-line-800px-300x200.jpg 300w, https:\\\/\\\/www.greenpeace.org\\\/static\\\/planet4-brasil-stateless\\\/2025\\\/04\\\/355025e6-gp03u6_low-res-with-credit-line-800px-768x512.jpg 768w, https:\\\/\\\/www.greenpeace.org\\\/static\\\/planet4-brasil-stateless\\\/2025\\\/04\\\/355025e6-gp03u6_low-res-with-credit-line-800px-510x340.jpg 510w&quot;,&quot;image_sizes&quot;:false,&quot;alt_text&quot;:&quot;&quot;,&quot;caption&quot;:&quot;Ativistas do Greenpeace e agentes do Ibama durante apreens\\u00e3o de mogno ilegal &quot;,&quot;focus_image&quot;:&quot;&quot;,&quot;credits&quot;:&quot;&quot;},{&quot;image_src&quot;:&quot;https:\\\/\\\/www.greenpeace.org\\\/static\\\/planet4-brasil-stateless\\\/2025\\\/04\\\/eb20c03a-gp0fqj_medium-res-with-credit-line-1200px.jpg&quot;,&quot;image_srcset&quot;:&quot;https:\\\/\\\/www.greenpeace.org\\\/static\\\/planet4-brasil-stateless\\\/2025\\\/04\\\/eb20c03a-gp0fqj_medium-res-with-credit-line-1200px.jpg 1199w, https:\\\/\\\/www.greenpeace.org\\\/static\\\/planet4-brasil-stateless\\\/2025\\\/04\\\/eb20c03a-gp0fqj_medium-res-with-credit-line-1200px-300x200.jpg 300w, https:\\\/\\\/www.greenpeace.org\\\/static\\\/planet4-brasil-stateless\\\/2025\\\/04\\\/eb20c03a-gp0fqj_medium-res-with-credit-line-1200px-1024x684.jpg 1024w, https:\\\/\\\/www.greenpeace.org\\\/static\\\/planet4-brasil-stateless\\\/2025\\\/04\\\/eb20c03a-gp0fqj_medium-res-with-credit-line-1200px-768x513.jpg 768w, https:\\\/\\\/www.greenpeace.org\\\/static\\\/planet4-brasil-stateless\\\/2025\\\/04\\\/eb20c03a-gp0fqj_medium-res-with-credit-line-1200px-510x340.jpg 510w&quot;,&quot;image_sizes&quot;:false,&quot;alt_text&quot;:&quot;&quot;,&quot;caption&quot;:&quot;Paulo Adario, um dos fundadores do Greenpeace Brasil e especialista em Amaz\\u00f4nia, medindo troncos de mogno ilegal encontrados em uma fazenda pr\\u00f3ximo ao Rio Iriri, em Altamira, sudoeste do Par\\u00e1&quot;,&quot;focus_image&quot;:&quot;&quot;,&quot;credits&quot;:&quot;&quot;},{&quot;image_src&quot;:&quot;https:\\\/\\\/www.greenpeace.org\\\/static\\\/planet4-brasil-stateless\\\/2025\\\/04\\\/e2799ad5-gp0tm9_medium-res-with-credit-line-1200px.jpg&quot;,&quot;image_srcset&quot;:&quot;https:\\\/\\\/www.greenpeace.org\\\/static\\\/planet4-brasil-stateless\\\/2025\\\/04\\\/e2799ad5-gp0tm9_medium-res-with-credit-line-1200px.jpg 1200w, https:\\\/\\\/www.greenpeace.org\\\/static\\\/planet4-brasil-stateless\\\/2025\\\/04\\\/e2799ad5-gp0tm9_medium-res-with-credit-line-1200px-300x205.jpg 300w, https:\\\/\\\/www.greenpeace.org\\\/static\\\/planet4-brasil-stateless\\\/2025\\\/04\\\/e2799ad5-gp0tm9_medium-res-with-credit-line-1200px-1024x700.jpg 1024w, https:\\\/\\\/www.greenpeace.org\\\/static\\\/planet4-brasil-stateless\\\/2025\\\/04\\\/e2799ad5-gp0tm9_medium-res-with-credit-line-1200px-768x525.jpg 768w, https:\\\/\\\/www.greenpeace.org\\\/static\\\/planet4-brasil-stateless\\\/2025\\\/04\\\/e2799ad5-gp0tm9_medium-res-with-credit-line-1200px-498x340.jpg 498w&quot;,&quot;image_sizes&quot;:false,&quot;alt_text&quot;:&quot;&quot;,&quot;caption&quot;:&quot;Em 1994, pilhas de mogno e outras esp\\u00e9cies de madeira destinadas \\u00e0 exporta\\u00e7\\u00e3o a partir do porto de Bel\\u00e9m, na Amaz\\u00f4nia, foram alvo de ativistas do Greenpeace em protesto contra a ind\\u00fastria madeireira ilegal e n\\u00e3o regulamentada. &quot;,&quot;focus_image&quot;:&quot;&quot;,&quot;credits&quot;:&quot;&quot;},{&quot;image_src&quot;:&quot;https:\\\/\\\/www.greenpeace.org\\\/static\\\/planet4-brasil-stateless\\\/2025\\\/04\\\/acdc2ac9-gp01833_medium-res-with-credit-line-1200px.jpg&quot;,&quot;image_srcset&quot;:&quot;https:\\\/\\\/www.greenpeace.org\\\/static\\\/planet4-brasil-stateless\\\/2025\\\/04\\\/acdc2ac9-gp01833_medium-res-with-credit-line-1200px.jpg 1200w, https:\\\/\\\/www.greenpeace.org\\\/static\\\/planet4-brasil-stateless\\\/2025\\\/04\\\/acdc2ac9-gp01833_medium-res-with-credit-line-1200px-300x202.jpg 300w, https:\\\/\\\/www.greenpeace.org\\\/static\\\/planet4-brasil-stateless\\\/2025\\\/04\\\/acdc2ac9-gp01833_medium-res-with-credit-line-1200px-1024x689.jpg 1024w, https:\\\/\\\/www.greenpeace.org\\\/static\\\/planet4-brasil-stateless\\\/2025\\\/04\\\/acdc2ac9-gp01833_medium-res-with-credit-line-1200px-768x517.jpg 768w, https:\\\/\\\/www.greenpeace.org\\\/static\\\/planet4-brasil-stateless\\\/2025\\\/04\\\/acdc2ac9-gp01833_medium-res-with-credit-line-1200px-505x340.jpg 505w&quot;,&quot;image_sizes&quot;:false,&quot;alt_text&quot;:&quot;&quot;,&quot;caption&quot;:&quot;Em 2001, durante passagem do navio MV Arctic Sunrise, em Bel\\u00e9m, Paulo Adario falou sobre a campanha contra o com\\u00e9rcio de mogno durante coletiva de imprensa.&quot;,&quot;focus_image&quot;:&quot;&quot;,&quot;credits&quot;:&quot;&quot;}]}}\"><section class=\"block carousel-wrap \"><\/section><\/div>\n<p>No in\u00edcio dos anos 2000, as vit\u00f3rias chegaram: a Conven\u00e7\u00e3o sobre o Com\u00e9rcio Internacional de Esp\u00e9cies Amea\u00e7adas inseriu o mogno brasileiro em sua lista e passou a exigir controle r\u00edgido e comprova\u00e7\u00e3o de origem legal para qualquer com\u00e9rcio internacional.<\/p>\n\n<p>Antes mesmo dessa decis\u00e3o, diante da grande mobiliza\u00e7\u00e3o p\u00fablica, o governo brasileiro j\u00e1 havia suspendido a explora\u00e7\u00e3o e o com\u00e9rcio de mogno em 2001 por meio de uma instru\u00e7\u00e3o normativa do Ibama, proibindo a extra\u00e7\u00e3o de mogno de florestas nativas.<\/p>\n\n<p><strong>O mogno se tornou um s\u00edmbolo da luta contra o desmatamento ilegal<\/strong> e a atua\u00e7\u00e3o do Greenpeace Brasil nesse tema segue sendo uma refer\u00eancia.<\/p>\n\n<h3 class=\"wp-block-heading\"><strong>2) 100% crime<\/strong><\/h3>\n\n<p>A maior contribui\u00e7\u00e3o do Brasil na emiss\u00e3o de gases do efeito estufa vem da&nbsp; produ\u00e7\u00e3o agropecu\u00e1ria, sendo o setor tamb\u00e9m um dos grandes respons\u00e1veis pelo desmatamento ilegal.<\/p>\n\n<p>Em 2006, ativistas do Greenpeace ocupam uma \u00e1rea de 1.645 hectares da Amaz\u00f4nia que foi desmatada ilegalmente. Um enorme banner de 2.500 metros quadrados com a mensagem \u201c100% crime\u201d foi aberto para chamar a aten\u00e7\u00e3o para a quest\u00e3o.&nbsp;<\/p>\n<div data-hydrate=\"planet4-blocks\/gallery\" data-attributes=\"{&quot;attributes&quot;:{&quot;multiple_image&quot;:&quot;56955,56953,56954,56956&quot;,&quot;image_data&quot;:[{&quot;url&quot;:&quot;https:\\\/\\\/www.greenpeace.org\\\/static\\\/planet4-brasil-stateless\\\/2025\\\/04\\\/d0c50259-gp01e39_medium-res-with-credit-line-1200px.jpg&quot;,&quot;focalPoint&quot;:{&quot;x&quot;:0.5,&quot;y&quot;:0.5},&quot;id&quot;:56955},{&quot;url&quot;:&quot;https:\\\/\\\/www.greenpeace.org\\\/static\\\/planet4-brasil-stateless\\\/2025\\\/04\\\/ae773558-gp0od6_medium-res-with-credit-line-1200px.jpg&quot;,&quot;focalPoint&quot;:{&quot;x&quot;:0.5,&quot;y&quot;:0.5},&quot;id&quot;:56953},{&quot;url&quot;:&quot;https:\\\/\\\/www.greenpeace.org\\\/static\\\/planet4-brasil-stateless\\\/2025\\\/04\\\/cddd6cef-gp01e38_medium-res-with-credit-line-1200px.jpg&quot;,&quot;focalPoint&quot;:{&quot;x&quot;:0.5,&quot;y&quot;:0.5},&quot;id&quot;:56954},{&quot;url&quot;:&quot;https:\\\/\\\/www.greenpeace.org\\\/static\\\/planet4-brasil-stateless\\\/2025\\\/04\\\/63215e4e-gp01am1_medium-res-with-credit-line-1200px.jpg&quot;,&quot;focalPoint&quot;:{&quot;x&quot;:0.5,&quot;y&quot;:0.5},&quot;id&quot;:56956}],&quot;gallery_block_style&quot;:0,&quot;gallery_block_title&quot;:&quot;&quot;,&quot;gallery_block_description&quot;:&quot;&quot;,&quot;gallery_block_focus_points&quot;:&quot;&quot;,&quot;images&quot;:[{&quot;image_src&quot;:&quot;https:\\\/\\\/www.greenpeace.org\\\/static\\\/planet4-brasil-stateless\\\/2025\\\/04\\\/d0c50259-gp01e39_medium-res-with-credit-line-1200px.jpg&quot;,&quot;image_srcset&quot;:&quot;https:\\\/\\\/www.greenpeace.org\\\/static\\\/planet4-brasil-stateless\\\/2025\\\/04\\\/d0c50259-gp01e39_medium-res-with-credit-line-1200px.jpg 1200w, https:\\\/\\\/www.greenpeace.org\\\/static\\\/planet4-brasil-stateless\\\/2025\\\/04\\\/d0c50259-gp01e39_medium-res-with-credit-line-1200px-300x200.jpg 300w, https:\\\/\\\/www.greenpeace.org\\\/static\\\/planet4-brasil-stateless\\\/2025\\\/04\\\/d0c50259-gp01e39_medium-res-with-credit-line-1200px-1024x683.jpg 1024w, https:\\\/\\\/www.greenpeace.org\\\/static\\\/planet4-brasil-stateless\\\/2025\\\/04\\\/d0c50259-gp01e39_medium-res-with-credit-line-1200px-768x512.jpg 768w, https:\\\/\\\/www.greenpeace.org\\\/static\\\/planet4-brasil-stateless\\\/2025\\\/04\\\/d0c50259-gp01e39_medium-res-with-credit-line-1200px-510x340.jpg 510w&quot;,&quot;image_sizes&quot;:false,&quot;alt_text&quot;:&quot;&quot;,&quot;caption&quot;:&quot;Ativistas do Greenpeace ocupam \\u00e1rea de desmatamento ilegal para denunciar o crime em 2006&quot;,&quot;focus_image&quot;:&quot;&quot;,&quot;credits&quot;:&quot;&quot;},{&quot;image_src&quot;:&quot;https:\\\/\\\/www.greenpeace.org\\\/static\\\/planet4-brasil-stateless\\\/2025\\\/04\\\/ae773558-gp0od6_medium-res-with-credit-line-1200px.jpg&quot;,&quot;image_srcset&quot;:&quot;https:\\\/\\\/www.greenpeace.org\\\/static\\\/planet4-brasil-stateless\\\/2025\\\/04\\\/ae773558-gp0od6_medium-res-with-credit-line-1200px.jpg 1200w, https:\\\/\\\/www.greenpeace.org\\\/static\\\/planet4-brasil-stateless\\\/2025\\\/04\\\/ae773558-gp0od6_medium-res-with-credit-line-1200px-300x200.jpg 300w, https:\\\/\\\/www.greenpeace.org\\\/static\\\/planet4-brasil-stateless\\\/2025\\\/04\\\/ae773558-gp0od6_medium-res-with-credit-line-1200px-1024x683.jpg 1024w, https:\\\/\\\/www.greenpeace.org\\\/static\\\/planet4-brasil-stateless\\\/2025\\\/04\\\/ae773558-gp0od6_medium-res-with-credit-line-1200px-768x512.jpg 768w, https:\\\/\\\/www.greenpeace.org\\\/static\\\/planet4-brasil-stateless\\\/2025\\\/04\\\/ae773558-gp0od6_medium-res-with-credit-line-1200px-510x340.jpg 510w&quot;,&quot;image_sizes&quot;:false,&quot;alt_text&quot;:&quot;&quot;,&quot;caption&quot;:&quot;A a\\u00e7\\u00e3o foi recebida com hostilidade pelo agropecuarista respons\\u00e1vel pelo crime ambiental&quot;,&quot;focus_image&quot;:&quot;&quot;,&quot;credits&quot;:&quot;&quot;},{&quot;image_src&quot;:&quot;https:\\\/\\\/www.greenpeace.org\\\/static\\\/planet4-brasil-stateless\\\/2025\\\/04\\\/cddd6cef-gp01e38_medium-res-with-credit-line-1200px.jpg&quot;,&quot;image_srcset&quot;:&quot;https:\\\/\\\/www.greenpeace.org\\\/static\\\/planet4-brasil-stateless\\\/2025\\\/04\\\/cddd6cef-gp01e38_medium-res-with-credit-line-1200px.jpg 1200w, https:\\\/\\\/www.greenpeace.org\\\/static\\\/planet4-brasil-stateless\\\/2025\\\/04\\\/cddd6cef-gp01e38_medium-res-with-credit-line-1200px-300x200.jpg 300w, https:\\\/\\\/www.greenpeace.org\\\/static\\\/planet4-brasil-stateless\\\/2025\\\/04\\\/cddd6cef-gp01e38_medium-res-with-credit-line-1200px-1024x683.jpg 1024w, https:\\\/\\\/www.greenpeace.org\\\/static\\\/planet4-brasil-stateless\\\/2025\\\/04\\\/cddd6cef-gp01e38_medium-res-with-credit-line-1200px-768x512.jpg 768w, https:\\\/\\\/www.greenpeace.org\\\/static\\\/planet4-brasil-stateless\\\/2025\\\/04\\\/cddd6cef-gp01e38_medium-res-with-credit-line-1200px-510x340.jpg 510w&quot;,&quot;image_sizes&quot;:false,&quot;alt_text&quot;:&quot;&quot;,&quot;caption&quot;:&quot;&quot;,&quot;focus_image&quot;:&quot;&quot;,&quot;credits&quot;:&quot;&quot;},{&quot;image_src&quot;:&quot;https:\\\/\\\/www.greenpeace.org\\\/static\\\/planet4-brasil-stateless\\\/2025\\\/04\\\/63215e4e-gp01am1_medium-res-with-credit-line-1200px.jpg&quot;,&quot;image_srcset&quot;:&quot;https:\\\/\\\/www.greenpeace.org\\\/static\\\/planet4-brasil-stateless\\\/2025\\\/04\\\/63215e4e-gp01am1_medium-res-with-credit-line-1200px.jpg 1200w, https:\\\/\\\/www.greenpeace.org\\\/static\\\/planet4-brasil-stateless\\\/2025\\\/04\\\/63215e4e-gp01am1_medium-res-with-credit-line-1200px-300x200.jpg 300w, https:\\\/\\\/www.greenpeace.org\\\/static\\\/planet4-brasil-stateless\\\/2025\\\/04\\\/63215e4e-gp01am1_medium-res-with-credit-line-1200px-1024x683.jpg 1024w, https:\\\/\\\/www.greenpeace.org\\\/static\\\/planet4-brasil-stateless\\\/2025\\\/04\\\/63215e4e-gp01am1_medium-res-with-credit-line-1200px-768x512.jpg 768w, https:\\\/\\\/www.greenpeace.org\\\/static\\\/planet4-brasil-stateless\\\/2025\\\/04\\\/63215e4e-gp01am1_medium-res-with-credit-line-1200px-510x340.jpg 510w&quot;,&quot;image_sizes&quot;:false,&quot;alt_text&quot;:&quot;&quot;,&quot;caption&quot;:&quot;&quot;,&quot;focus_image&quot;:&quot;&quot;,&quot;credits&quot;:&quot;&quot;}]}}\"><section class=\"block carousel-wrap \"><\/section><\/div>\n<p>O respons\u00e1vel pelo crime, o ent\u00e3o presidente da Associa\u00e7\u00e3o de Produtores Agropecu\u00e1rios de Santar\u00e9m, j\u00e1 havia sido responsabilizado pelo Ibama por esse desmatamento ilegal, o maior da regi\u00e3o de Santar\u00e9m naquela \u00e9poca.<br><br>A sequ\u00eancia de imagens mostra a recep\u00e7\u00e3o hostil de nossa a\u00e7\u00e3o, com o banner sendo destru\u00eddo por uma caminhonete.<\/p>\n\n<div style=\"height:30px;width:0px\" aria-hidden=\"true\" class=\"wp-block-spacer\"><\/div>\n\n<h3 class=\"wp-block-heading\"><strong>3) 400 mil vidas<\/strong><\/h3>\n\n<p>Em abril de 2021, em meio \u00e0 pandemia da Covid-19, o Brasil atingiu a marca de 400 mil mortos. Em homenagem \u00e0s v\u00edtimas e suas fam\u00edlias, os ativistas do Greenpeace realizam uma a\u00e7\u00e3o pac\u00edfica no Encontro das \u00c1guas &#8211; o ponto em que os rios Negro e Solim\u00f5es se encontram para formar o rio Amazonas &#8211; em Manaus, uma das cidades que mais sofreu com a crise causada pela pandemia.<\/p>\n<div data-hydrate=\"planet4-blocks\/gallery\" data-attributes=\"{&quot;attributes&quot;:{&quot;multiple_image&quot;:&quot;56958,56959,56960&quot;,&quot;image_data&quot;:[{&quot;url&quot;:&quot;https:\\\/\\\/www.greenpeace.org\\\/static\\\/planet4-brasil-stateless\\\/2025\\\/04\\\/7a787a63-gp1sv4a3_medium-res-with-credit-line-1200px.jpg&quot;,&quot;focalPoint&quot;:{&quot;x&quot;:0.5,&quot;y&quot;:0.5},&quot;id&quot;:56958},{&quot;url&quot;:&quot;https:\\\/\\\/www.greenpeace.org\\\/static\\\/planet4-brasil-stateless\\\/2025\\\/04\\\/5f0baa2d-gp1sv49z_medium-res-with-credit-line-1200px.jpg&quot;,&quot;focalPoint&quot;:{&quot;x&quot;:0.5,&quot;y&quot;:0.5},&quot;id&quot;:56959},{&quot;url&quot;:&quot;https:\\\/\\\/www.greenpeace.org\\\/static\\\/planet4-brasil-stateless\\\/2025\\\/04\\\/42ebad1c-gp1sv48q_medium-res-with-credit-line-1200px.jpg&quot;,&quot;focalPoint&quot;:{&quot;x&quot;:0.5,&quot;y&quot;:0.5},&quot;id&quot;:56960}],&quot;gallery_block_style&quot;:0,&quot;gallery_block_title&quot;:&quot;&quot;,&quot;gallery_block_description&quot;:&quot;&quot;,&quot;gallery_block_focus_points&quot;:&quot;&quot;,&quot;images&quot;:[{&quot;image_src&quot;:&quot;https:\\\/\\\/www.greenpeace.org\\\/static\\\/planet4-brasil-stateless\\\/2025\\\/04\\\/7a787a63-gp1sv4a3_medium-res-with-credit-line-1200px.jpg&quot;,&quot;image_srcset&quot;:&quot;https:\\\/\\\/www.greenpeace.org\\\/static\\\/planet4-brasil-stateless\\\/2025\\\/04\\\/7a787a63-gp1sv4a3_medium-res-with-credit-line-1200px.jpg 1200w, https:\\\/\\\/www.greenpeace.org\\\/static\\\/planet4-brasil-stateless\\\/2025\\\/04\\\/7a787a63-gp1sv4a3_medium-res-with-credit-line-1200px-300x200.jpg 300w, https:\\\/\\\/www.greenpeace.org\\\/static\\\/planet4-brasil-stateless\\\/2025\\\/04\\\/7a787a63-gp1sv4a3_medium-res-with-credit-line-1200px-1024x683.jpg 1024w, https:\\\/\\\/www.greenpeace.org\\\/static\\\/planet4-brasil-stateless\\\/2025\\\/04\\\/7a787a63-gp1sv4a3_medium-res-with-credit-line-1200px-768x512.jpg 768w, https:\\\/\\\/www.greenpeace.org\\\/static\\\/planet4-brasil-stateless\\\/2025\\\/04\\\/7a787a63-gp1sv4a3_medium-res-with-credit-line-1200px-510x340.jpg 510w&quot;,&quot;image_sizes&quot;:false,&quot;alt_text&quot;:&quot;&quot;,&quot;caption&quot;:&quot;A a\\u00e7\\u00e3o foi feita em homenagem e solidariedade \\u00e0s v\\u00edtimas da Covid-19 no Brasil e suas fam\\u00edlias, ao mesmo tempo em que cobrou do poder p\\u00fablico sua responsabilidade no combate \\u00e0 doen\\u00e7a.&quot;,&quot;focus_image&quot;:&quot;&quot;,&quot;credits&quot;:&quot;&quot;},{&quot;image_src&quot;:&quot;https:\\\/\\\/www.greenpeace.org\\\/static\\\/planet4-brasil-stateless\\\/2025\\\/04\\\/5f0baa2d-gp1sv49z_medium-res-with-credit-line-1200px.jpg&quot;,&quot;image_srcset&quot;:&quot;https:\\\/\\\/www.greenpeace.org\\\/static\\\/planet4-brasil-stateless\\\/2025\\\/04\\\/5f0baa2d-gp1sv49z_medium-res-with-credit-line-1200px.jpg 1200w, https:\\\/\\\/www.greenpeace.org\\\/static\\\/planet4-brasil-stateless\\\/2025\\\/04\\\/5f0baa2d-gp1sv49z_medium-res-with-credit-line-1200px-300x200.jpg 300w, https:\\\/\\\/www.greenpeace.org\\\/static\\\/planet4-brasil-stateless\\\/2025\\\/04\\\/5f0baa2d-gp1sv49z_medium-res-with-credit-line-1200px-1024x683.jpg 1024w, https:\\\/\\\/www.greenpeace.org\\\/static\\\/planet4-brasil-stateless\\\/2025\\\/04\\\/5f0baa2d-gp1sv49z_medium-res-with-credit-line-1200px-768x512.jpg 768w, https:\\\/\\\/www.greenpeace.org\\\/static\\\/planet4-brasil-stateless\\\/2025\\\/04\\\/5f0baa2d-gp1sv49z_medium-res-with-credit-line-1200px-510x340.jpg 510w&quot;,&quot;image_sizes&quot;:false,&quot;alt_text&quot;:&quot;&quot;,&quot;caption&quot;:&quot;Os itens fora, doados para institui\\u00e7\\u00f5es que realizavam atividades assistenciais na regi\\u00e3o de Manaus.&quot;,&quot;focus_image&quot;:&quot;&quot;,&quot;credits&quot;:&quot;&quot;},{&quot;image_src&quot;:&quot;https:\\\/\\\/www.greenpeace.org\\\/static\\\/planet4-brasil-stateless\\\/2025\\\/04\\\/42ebad1c-gp1sv48q_medium-res-with-credit-line-1200px.jpg&quot;,&quot;image_srcset&quot;:&quot;https:\\\/\\\/www.greenpeace.org\\\/static\\\/planet4-brasil-stateless\\\/2025\\\/04\\\/42ebad1c-gp1sv48q_medium-res-with-credit-line-1200px.jpg 1200w, https:\\\/\\\/www.greenpeace.org\\\/static\\\/planet4-brasil-stateless\\\/2025\\\/04\\\/42ebad1c-gp1sv48q_medium-res-with-credit-line-1200px-300x200.jpg 300w, https:\\\/\\\/www.greenpeace.org\\\/static\\\/planet4-brasil-stateless\\\/2025\\\/04\\\/42ebad1c-gp1sv48q_medium-res-with-credit-line-1200px-1024x683.jpg 1024w, https:\\\/\\\/www.greenpeace.org\\\/static\\\/planet4-brasil-stateless\\\/2025\\\/04\\\/42ebad1c-gp1sv48q_medium-res-with-credit-line-1200px-768x512.jpg 768w, https:\\\/\\\/www.greenpeace.org\\\/static\\\/planet4-brasil-stateless\\\/2025\\\/04\\\/42ebad1c-gp1sv48q_medium-res-with-credit-line-1200px-510x340.jpg 510w&quot;,&quot;image_sizes&quot;:false,&quot;alt_text&quot;:&quot;&quot;,&quot;caption&quot;:&quot; Para formar a mensagem \\&quot;400 mil vidas\\&quot;, de 14 x 92 metros, foram utilizadas 18 toneladas de alimentos, itens de higiene, m\\u00e1scaras e cilindros de oxig\\u00eanio,&quot;,&quot;focus_image&quot;:&quot;&quot;,&quot;credits&quot;:&quot;&quot;}]}}\"><section class=\"block carousel-wrap \"><\/section><\/div>\n<p>Diante da situa\u00e7\u00e3o de calamidade p\u00fablica, a a\u00e7\u00e3o tamb\u00e9m cobrou responsabilidade do poder p\u00fablico no combate ao v\u00edrus. Para formar a mensagem &#8220;400 mil vidas&#8221;, de 14 x 92 metros, foram utilizadas 18 toneladas de alimentos, itens de higiene, m\u00e1scaras e cilindros de oxig\u00eanio, que foram doados para institui\u00e7\u00f5es de atendimentos assistenciais na regi\u00e3o de Manaus.<br><br>Sendo a solidariedade tamb\u00e9m um pilar da organiza\u00e7\u00e3o, seus ativistas tamb\u00e9m se dedicaram ao projeto Asas da Emerg\u00eancia, que em 2020 e 2012 transportou toneladas de equipamentos e insumos de sa\u00fade para popula\u00e7\u00f5es ind\u00edgenas e outras comunidades tradicionais da regi\u00e3o Norte \u2013 <a href=\"https:\/\/www.greenpeace.org\/brasil\/asas-da-emergencia-2021\/#\">confira o que foi feito.&nbsp;<\/a><\/p>\n\n<div style=\"height:30px;width:0px\" aria-hidden=\"true\" class=\"wp-block-spacer\"><\/div>\n\n<h3 class=\"wp-block-heading\"><strong>&nbsp;4) Expedi\u00e7\u00e3o \u201cAmaz\u00f4nia que precisamos\u201d<\/strong><\/h3>\n\n<p>Em 2022, realizamos uma expedi\u00e7\u00e3o fluvial no sul do Amazonas, em apoio \u00e0 ci\u00eancia e \u00e0 luta de comunidades do Rio Manicor\u00e9, onde comunidades que vivem \u00e0s margens do rio lutam por sua exist\u00eancia e pela preserva\u00e7\u00e3o da floresta e de seu territ\u00f3rio.<\/p>\n<div data-hydrate=\"planet4-blocks\/gallery\" data-attributes=\"{&quot;attributes&quot;:{&quot;multiple_image&quot;:&quot;56944,56962,56965,56964,56963&quot;,&quot;image_data&quot;:[{&quot;url&quot;:&quot;https:\\\/\\\/www.greenpeace.org\\\/static\\\/planet4-brasil-stateless\\\/2025\\\/04\\\/cc64b653-gp1sxqmg_low-res-with-credit-line-800px.jpg&quot;,&quot;focalPoint&quot;:{&quot;x&quot;:0.5,&quot;y&quot;:0.5},&quot;id&quot;:56944},{&quot;url&quot;:&quot;https:\\\/\\\/www.greenpeace.org\\\/static\\\/planet4-brasil-stateless\\\/2025\\\/04\\\/ddf8efe7-gp1sxnvp_pressmedia_reduced_-768x513-1.jpeg&quot;,&quot;focalPoint&quot;:{&quot;x&quot;:0.5,&quot;y&quot;:0.5},&quot;id&quot;:56962},{&quot;url&quot;:&quot;https:\\\/\\\/www.greenpeace.org\\\/static\\\/planet4-brasil-stateless\\\/2025\\\/04\\\/e4b8116a-gp1sxnwa_medium-res-with-credit-line-1200px.jpg&quot;,&quot;focalPoint&quot;:{&quot;x&quot;:0.5,&quot;y&quot;:0.5},&quot;id&quot;:56965},{&quot;url&quot;:&quot;https:\\\/\\\/www.greenpeace.org\\\/static\\\/planet4-brasil-stateless\\\/2025\\\/04\\\/6e37910e-gp1sxnyt_medium-res-with-credit-line-1200px.jpg&quot;,&quot;focalPoint&quot;:{&quot;x&quot;:0.5,&quot;y&quot;:0.5},&quot;id&quot;:56964},{&quot;url&quot;:&quot;https:\\\/\\\/www.greenpeace.org\\\/static\\\/planet4-brasil-stateless\\\/2025\\\/04\\\/ca8d4778-gp1szu5t_medium-res-with-credit-line-1200px.jpg&quot;,&quot;focalPoint&quot;:{&quot;x&quot;:0.5,&quot;y&quot;:0.5},&quot;id&quot;:56963}],&quot;gallery_block_style&quot;:0,&quot;gallery_block_title&quot;:&quot;&quot;,&quot;gallery_block_description&quot;:&quot;&quot;,&quot;gallery_block_focus_points&quot;:&quot;&quot;,&quot;images&quot;:[{&quot;image_src&quot;:&quot;https:\\\/\\\/www.greenpeace.org\\\/static\\\/planet4-brasil-stateless\\\/2025\\\/04\\\/cc64b653-gp1sxqmg_low-res-with-credit-line-800px.jpg&quot;,&quot;image_srcset&quot;:&quot;https:\\\/\\\/www.greenpeace.org\\\/static\\\/planet4-brasil-stateless\\\/2025\\\/04\\\/cc64b653-gp1sxqmg_low-res-with-credit-line-800px.jpg 800w, https:\\\/\\\/www.greenpeace.org\\\/static\\\/planet4-brasil-stateless\\\/2025\\\/04\\\/cc64b653-gp1sxqmg_low-res-with-credit-line-800px-300x200.jpg 300w, https:\\\/\\\/www.greenpeace.org\\\/static\\\/planet4-brasil-stateless\\\/2025\\\/04\\\/cc64b653-gp1sxqmg_low-res-with-credit-line-800px-768x512.jpg 768w, https:\\\/\\\/www.greenpeace.org\\\/static\\\/planet4-brasil-stateless\\\/2025\\\/04\\\/cc64b653-gp1sxqmg_low-res-with-credit-line-800px-510x340.jpg 510w&quot;,&quot;image_sizes&quot;:false,&quot;alt_text&quot;:&quot;&quot;,&quot;caption&quot;:&quot;Desde 2006, fam\\u00edlias associadas \\u00e0 Central das Associa\\u00e7\\u00f5es Agroextrativistas do rio Manicor\\u00e9 (CAARIM) buscam criar a Reserva de Desenvolvimento Sustent\\u00e1vel (RDS) do Rio Manicor\\u00e9 &quot;,&quot;focus_image&quot;:&quot;&quot;,&quot;credits&quot;:&quot;&quot;},{&quot;image_src&quot;:&quot;https:\\\/\\\/www.greenpeace.org\\\/static\\\/planet4-brasil-stateless\\\/2025\\\/04\\\/ddf8efe7-gp1sxnvp_pressmedia_reduced_-768x513-1.jpeg&quot;,&quot;image_srcset&quot;:&quot;https:\\\/\\\/www.greenpeace.org\\\/static\\\/planet4-brasil-stateless\\\/2025\\\/04\\\/ddf8efe7-gp1sxnvp_pressmedia_reduced_-768x513-1.jpeg 768w, https:\\\/\\\/www.greenpeace.org\\\/static\\\/planet4-brasil-stateless\\\/2025\\\/04\\\/ddf8efe7-gp1sxnvp_pressmedia_reduced_-768x513-1-300x200.jpeg 300w, https:\\\/\\\/www.greenpeace.org\\\/static\\\/planet4-brasil-stateless\\\/2025\\\/04\\\/ddf8efe7-gp1sxnvp_pressmedia_reduced_-768x513-1-510x340.jpeg 510w&quot;,&quot;image_sizes&quot;:false,&quot;alt_text&quot;:&quot;&quot;,&quot;caption&quot;:&quot;A Expedi\\u00e7\\u00e3o fluvial \\u201cAmaz\\u00f4nia que Precisamos\\u201d, realizada em junho de 2022, faz parte dos esfor\\u00e7os do Greenpeace para discutir novos modelos de desenvolvimento econ\\u00f4mico para a regi\\u00e3o, baseados no potencial da floresta, no conhecimento de popula\\u00e7\\u00f5es ind\\u00edgenas e tradicionais e no incentivo \\u00e0 produ\\u00e7\\u00e3o cient\\u00edfica.&quot;,&quot;focus_image&quot;:&quot;&quot;,&quot;credits&quot;:&quot;&quot;},{&quot;image_src&quot;:&quot;https:\\\/\\\/www.greenpeace.org\\\/static\\\/planet4-brasil-stateless\\\/2025\\\/04\\\/e4b8116a-gp1sxnwa_medium-res-with-credit-line-1200px.jpg&quot;,&quot;image_srcset&quot;:&quot;https:\\\/\\\/www.greenpeace.org\\\/static\\\/planet4-brasil-stateless\\\/2025\\\/04\\\/e4b8116a-gp1sxnwa_medium-res-with-credit-line-1200px.jpg 1200w, https:\\\/\\\/www.greenpeace.org\\\/static\\\/planet4-brasil-stateless\\\/2025\\\/04\\\/e4b8116a-gp1sxnwa_medium-res-with-credit-line-1200px-300x200.jpg 300w, https:\\\/\\\/www.greenpeace.org\\\/static\\\/planet4-brasil-stateless\\\/2025\\\/04\\\/e4b8116a-gp1sxnwa_medium-res-with-credit-line-1200px-1024x683.jpg 1024w, https:\\\/\\\/www.greenpeace.org\\\/static\\\/planet4-brasil-stateless\\\/2025\\\/04\\\/e4b8116a-gp1sxnwa_medium-res-with-credit-line-1200px-768x512.jpg 768w, https:\\\/\\\/www.greenpeace.org\\\/static\\\/planet4-brasil-stateless\\\/2025\\\/04\\\/e4b8116a-gp1sxnwa_medium-res-with-credit-line-1200px-510x340.jpg 510w&quot;,&quot;image_sizes&quot;:false,&quot;alt_text&quot;:&quot;&quot;,&quot;caption&quot;:&quot;Pesquisadores do Instituto Nacional de Pesquisas da Amaz\\u00f4nia (INPA), foram convidados pelo Greenpeace Brasil para realizar um invent\\u00e1rio r\\u00e1pido de biodiversidade no Rio Manicor\\u00e9. &quot;,&quot;focus_image&quot;:&quot;&quot;,&quot;credits&quot;:&quot;&quot;},{&quot;image_src&quot;:&quot;https:\\\/\\\/www.greenpeace.org\\\/static\\\/planet4-brasil-stateless\\\/2025\\\/04\\\/6e37910e-gp1sxnyt_medium-res-with-credit-line-1200px.jpg&quot;,&quot;image_srcset&quot;:&quot;https:\\\/\\\/www.greenpeace.org\\\/static\\\/planet4-brasil-stateless\\\/2025\\\/04\\\/6e37910e-gp1sxnyt_medium-res-with-credit-line-1200px.jpg 1200w, https:\\\/\\\/www.greenpeace.org\\\/static\\\/planet4-brasil-stateless\\\/2025\\\/04\\\/6e37910e-gp1sxnyt_medium-res-with-credit-line-1200px-300x200.jpg 300w, https:\\\/\\\/www.greenpeace.org\\\/static\\\/planet4-brasil-stateless\\\/2025\\\/04\\\/6e37910e-gp1sxnyt_medium-res-with-credit-line-1200px-1024x683.jpg 1024w, https:\\\/\\\/www.greenpeace.org\\\/static\\\/planet4-brasil-stateless\\\/2025\\\/04\\\/6e37910e-gp1sxnyt_medium-res-with-credit-line-1200px-768x512.jpg 768w, https:\\\/\\\/www.greenpeace.org\\\/static\\\/planet4-brasil-stateless\\\/2025\\\/04\\\/6e37910e-gp1sxnyt_medium-res-with-credit-line-1200px-510x340.jpg 510w&quot;,&quot;image_sizes&quot;:false,&quot;alt_text&quot;:&quot;&quot;,&quot;caption&quot;:&quot;Pesquisadores do Instituto Nacional de Pesquisas da Amaz\\u00f4nia (INPA), foram convidados pelo Greenpeace Brasil para realizar um invent\\u00e1rio r\\u00e1pido de biodiversidade no Rio Manicor\\u00e9. &quot;,&quot;focus_image&quot;:&quot;&quot;,&quot;credits&quot;:&quot;&quot;},{&quot;image_src&quot;:&quot;https:\\\/\\\/www.greenpeace.org\\\/static\\\/planet4-brasil-stateless\\\/2025\\\/04\\\/ca8d4778-gp1szu5t_medium-res-with-credit-line-1200px.jpg&quot;,&quot;image_srcset&quot;:&quot;https:\\\/\\\/www.greenpeace.org\\\/static\\\/planet4-brasil-stateless\\\/2025\\\/04\\\/ca8d4778-gp1szu5t_medium-res-with-credit-line-1200px.jpg 1200w, https:\\\/\\\/www.greenpeace.org\\\/static\\\/planet4-brasil-stateless\\\/2025\\\/04\\\/ca8d4778-gp1szu5t_medium-res-with-credit-line-1200px-300x225.jpg 300w, https:\\\/\\\/www.greenpeace.org\\\/static\\\/planet4-brasil-stateless\\\/2025\\\/04\\\/ca8d4778-gp1szu5t_medium-res-with-credit-line-1200px-1024x767.jpg 1024w, https:\\\/\\\/www.greenpeace.org\\\/static\\\/planet4-brasil-stateless\\\/2025\\\/04\\\/ca8d4778-gp1szu5t_medium-res-with-credit-line-1200px-768x575.jpg 768w, https:\\\/\\\/www.greenpeace.org\\\/static\\\/planet4-brasil-stateless\\\/2025\\\/04\\\/ca8d4778-gp1szu5t_medium-res-with-credit-line-1200px-454x340.jpg 454w&quot;,&quot;image_sizes&quot;:false,&quot;alt_text&quot;:&quot;&quot;,&quot;caption&quot;:&quot;Durante a expedi\\u00e7\\u00e3o, foi poss\\u00edvel registrar a imensa biodiversidade e beleza natural de Manicor\\u00e9&quot;,&quot;focus_image&quot;:&quot;&quot;,&quot;credits&quot;:&quot;&quot;}]}}\"><section class=\"block carousel-wrap \"><\/section><\/div>\n<p>Durante a Expedi\u00e7\u00e3o<a href=\"https:\/\/www.greenpeace.org\/brasil\/apoie\/expedicao-a-amazonia-que-precisamos\/\" data-type=\"link\" data-id=\"https:\/\/www.greenpeace.org\/brasil\/apoie\/expedicao-a-amazonia-que-precisamos\/\"> <strong>\u201cAmaz\u00f4nia que precisamos<\/strong>\u201d<\/a>, centenas de esp\u00e9cies de fauna e flora do rio Manicor\u00e9 foram identificada pelos pesquisadores que nos acompanharam, algumas delas ainda n\u00e3o descritas pela ci\u00eancia.<\/p>\n\n<p>O projeto tamb\u00e9m foi importante para fortalecer a luta das fam\u00edlias associadas \u00e0 Central das Associa\u00e7\u00f5es Agroextrativistas do rio Manicor\u00e9 (CAARIM em defesa da cria\u00e7\u00e3o da Reserva de Desenvolvimento Sustent\u00e1vel (RDS) do rio Manicor\u00e9 \u2013 uma \u00e1rea protegida que n\u00e3o s\u00f3 decretaria, por lei, a conserva\u00e7\u00e3o daquela regi\u00e3o, como tamb\u00e9m permitiria a elas que continuassem manejando os recursos da \u00e1rea de maneira sustent\u00e1vel.<\/p>\n\n<div style=\"height:30px;width:0px\" aria-hidden=\"true\" class=\"wp-block-spacer\"><\/div>\n\n<h3 class=\"wp-block-heading\"><strong>5) Cad\u00ea o rio que passava aqui?<\/strong><\/h3>\n\n<p>Ano passado, uma estiagem sem precedentes atingiu a Amaz\u00f4nia. Com o intuito de evidenciar os impactos da crise clim\u00e1tica, ativistas do Greenpeace Brasil foram at\u00e9 o leito seco do Rio Solim\u00f5es com um imenso banner, questionando: \u201cCad\u00ea o rio que passava aqui?\u201d.<\/p>\n<div data-hydrate=\"planet4-blocks\/gallery\" data-attributes=\"{&quot;attributes&quot;:{&quot;multiple_image&quot;:&quot;56945,56967&quot;,&quot;image_data&quot;:[{&quot;url&quot;:&quot;https:\\\/\\\/www.greenpeace.org\\\/static\\\/planet4-brasil-stateless\\\/2025\\\/04\\\/95e0b064-gp0su2hy6_low-res-with-credit-line-800px-2.jpg&quot;,&quot;focalPoint&quot;:{&quot;x&quot;:0.5,&quot;y&quot;:0.5},&quot;id&quot;:56945},{&quot;url&quot;:&quot;https:\\\/\\\/www.greenpeace.org\\\/static\\\/planet4-brasil-stateless\\\/2025\\\/04\\\/6cbe97a5-gp0su2hzn_medium-res-with-credit-line-1200px.jpg&quot;,&quot;focalPoint&quot;:{&quot;x&quot;:0.5,&quot;y&quot;:0.5},&quot;id&quot;:56967}],&quot;gallery_block_style&quot;:0,&quot;gallery_block_title&quot;:&quot;&quot;,&quot;gallery_block_description&quot;:&quot;&quot;,&quot;gallery_block_focus_points&quot;:&quot;&quot;,&quot;images&quot;:[{&quot;image_src&quot;:&quot;https:\\\/\\\/www.greenpeace.org\\\/static\\\/planet4-brasil-stateless\\\/2025\\\/04\\\/95e0b064-gp0su2hy6_low-res-with-credit-line-800px-2.jpg&quot;,&quot;image_srcset&quot;:&quot;https:\\\/\\\/www.greenpeace.org\\\/static\\\/planet4-brasil-stateless\\\/2025\\\/04\\\/95e0b064-gp0su2hy6_low-res-with-credit-line-800px-2.jpg 800w, https:\\\/\\\/www.greenpeace.org\\\/static\\\/planet4-brasil-stateless\\\/2025\\\/04\\\/95e0b064-gp0su2hy6_low-res-with-credit-line-800px-2-300x169.jpg 300w, https:\\\/\\\/www.greenpeace.org\\\/static\\\/planet4-brasil-stateless\\\/2025\\\/04\\\/95e0b064-gp0su2hy6_low-res-with-credit-line-800px-2-768x432.jpg 768w, https:\\\/\\\/www.greenpeace.org\\\/static\\\/planet4-brasil-stateless\\\/2025\\\/04\\\/95e0b064-gp0su2hy6_low-res-with-credit-line-800px-2-510x287.jpg 510w&quot;,&quot;image_sizes&quot;:false,&quot;alt_text&quot;:&quot;&quot;,&quot;caption&quot;:&quot;Ativistas do Greenpeace realizaram um protesto no leito seco do Rio Solim\\u00f5es, na cidade de Manacapuru, Amazonas. Os ativistas abriram uma faixa de 45mx18m em uma paisagem \\u00e1rida, onde antes passava um dos maiores rios da bacia Amaz\\u00f4nica, para denunciar os impactos da crise clim\\u00e1tica na Amaz\\u00f4nia, e como isso afeta a vida de comunidades ribeirinhas que dependem inteiramente do rio para manter seu modo de vida.&quot;,&quot;focus_image&quot;:&quot;&quot;,&quot;credits&quot;:&quot;&quot;},{&quot;image_src&quot;:&quot;https:\\\/\\\/www.greenpeace.org\\\/static\\\/planet4-brasil-stateless\\\/2025\\\/04\\\/6cbe97a5-gp0su2hzn_medium-res-with-credit-line-1200px.jpg&quot;,&quot;image_srcset&quot;:&quot;https:\\\/\\\/www.greenpeace.org\\\/static\\\/planet4-brasil-stateless\\\/2025\\\/04\\\/6cbe97a5-gp0su2hzn_medium-res-with-credit-line-1200px.jpg 1200w, https:\\\/\\\/www.greenpeace.org\\\/static\\\/planet4-brasil-stateless\\\/2025\\\/04\\\/6cbe97a5-gp0su2hzn_medium-res-with-credit-line-1200px-300x200.jpg 300w, https:\\\/\\\/www.greenpeace.org\\\/static\\\/planet4-brasil-stateless\\\/2025\\\/04\\\/6cbe97a5-gp0su2hzn_medium-res-with-credit-line-1200px-1024x683.jpg 1024w, https:\\\/\\\/www.greenpeace.org\\\/static\\\/planet4-brasil-stateless\\\/2025\\\/04\\\/6cbe97a5-gp0su2hzn_medium-res-with-credit-line-1200px-768x512.jpg 768w, https:\\\/\\\/www.greenpeace.org\\\/static\\\/planet4-brasil-stateless\\\/2025\\\/04\\\/6cbe97a5-gp0su2hzn_medium-res-with-credit-line-1200px-510x340.jpg 510w&quot;,&quot;image_sizes&quot;:false,&quot;alt_text&quot;:&quot;&quot;,&quot;caption&quot;:&quot;A a\\u00e7\\u00e3o tamb\\u00e9m chamou aten\\u00e7\\u00e3o para o fato de que os mais impactados com a seca s\\u00e3o os que menos contribuem com as mudan\\u00e7as do clima.&quot;,&quot;focus_image&quot;:&quot;&quot;,&quot;credits&quot;:&quot;&quot;}]}}\"><section class=\"block carousel-wrap \"><\/section><\/div>\n<p>A\u00e7\u00f5es como essa s\u00e3o uma potente ferramenta de conscientiza\u00e7\u00e3o das pessoas, j\u00e1 que por meio delas \u00e9 poss\u00edvel registrar e denunciar a gravidade da situa\u00e7\u00e3o.<br><br>No mesmo local, a organiza\u00e7\u00e3o tamb\u00e9m colocou um outro banner com a frase \u201cWho pays?\u201d, em ingl\u00eas, trazendo uma reflex\u00e3o sobre quem realmente est\u00e1 pagando o pre\u00e7o da crise clim\u00e1tica.<br><br>Enquanto os pa\u00edses ricos e grandes produtores de petr\u00f3leo seguem emitindo CO2 e agravando as mudan\u00e7as clim\u00e1ticas, s\u00e3o as popula\u00e7\u00f5es em situa\u00e7\u00e3o de vulnerabilidade que mais sentem na pele as consequ\u00eancias.<\/p>\n\n<div style=\"height:30px;width:0px\" aria-hidden=\"true\" class=\"wp-block-spacer\"><\/div>\n\n<h3 class=\"wp-block-heading\"><strong>Fa\u00e7a parte dessa hist\u00f3ria!<\/strong><\/h3>\n\n<p>Essas s\u00e3o algumas das muitas a\u00e7\u00f5es e projetos que o Greenpeace Brasil j\u00e1 realizou na Amaz\u00f4nia e em defesa dela. Em 2025, com a realiza\u00e7\u00e3o da COP30 em Bel\u00e9m, seguimos com o chamado para que l\u00edderes globais respeitem o bioma e seus povos.&nbsp;<\/p>\n\n<p>Para isso, \u00e9 urgente que:<br><br><strong>\u2022 Assumam compromissos concretos pelo fim do desmatamento em todos os biomas, incluindo a Amaz\u00f4nia;<\/strong><\/p>\n\n<p><strong>\u2022 Garantam que povos ind\u00edgenas e comunidades locais tenham acesso a recursos para que possam continuar protegendo e restaurando a floresta;<\/strong><br><br><strong>\u2022 Regulem o fluxo do dinheiro e parem de financiar os destruidores da Amaz\u00f4nia.<\/strong><\/p>\n\n<div class=\"wp-block-buttons is-content-justification-center is-layout-flex wp-container-core-buttons-is-layout-16018d1d wp-block-buttons-is-layout-flex\">\n<div class=\"wp-block-button\"><a class=\"wp-block-button__link has-beige-100-color has-dark-green-800-background-color has-text-color has-background has-link-color wp-element-button\" href=\"https:\/\/respeitemaamazonia.org.br\/?entrypoint=p4_blog\" target=\"_blank\" rel=\"noreferrer noopener\">&nbsp;PARTICIPE DO ABAIXO-ASSINADO<\/a><\/div>\n<\/div>\n","protected":false},"excerpt":{"rendered":"<p>Com campanha em defesa do respeito \u00e0 Amaz\u00f4nia e seus povos, organiza\u00e7\u00e3o completa 33 anos de atua\u00e7\u00e3o no pa\u00eds neste 26 de abril<\/p>\n","protected":false},"author":98,"featured_media":56934,"comment_status":"open","ping_status":"closed","sticky":false,"template":"","format":"standard","meta":{"ep_exclude_from_search":false,"p4_og_title":"","p4_og_description":"","p4_og_image":"","p4_og_image_id":"","p4_seo_canonical_url":"","p4_campaign_name":"","p4_local_project":"","p4_basket_name":"","p4_department":"","footnotes":""},"categories":[5],"tags":[13,50],"p4-page-type":[16],"class_list":["post-56933","post","type-post","status-publish","format-standard","has-post-thumbnail","hentry","category-greenpeace","tag-greenpeace","tag-institucional","p4-page-type-blog"],"_links":{"self":[{"href":"https:\/\/www.greenpeace.org\/brasil\/wp-json\/wp\/v2\/posts\/56933","targetHints":{"allow":["GET"]}}],"collection":[{"href":"https:\/\/www.greenpeace.org\/brasil\/wp-json\/wp\/v2\/posts"}],"about":[{"href":"https:\/\/www.greenpeace.org\/brasil\/wp-json\/wp\/v2\/types\/post"}],"author":[{"embeddable":true,"href":"https:\/\/www.greenpeace.org\/brasil\/wp-json\/wp\/v2\/users\/98"}],"replies":[{"embeddable":true,"href":"https:\/\/www.greenpeace.org\/brasil\/wp-json\/wp\/v2\/comments?post=56933"}],"version-history":[{"count":13,"href":"https:\/\/www.greenpeace.org\/brasil\/wp-json\/wp\/v2\/posts\/56933\/revisions"}],"predecessor-version":[{"id":57887,"href":"https:\/\/www.greenpeace.org\/brasil\/wp-json\/wp\/v2\/posts\/56933\/revisions\/57887"}],"wp:featuredmedia":[{"embeddable":true,"href":"https:\/\/www.greenpeace.org\/brasil\/wp-json\/wp\/v2\/media\/56934"}],"wp:attachment":[{"href":"https:\/\/www.greenpeace.org\/brasil\/wp-json\/wp\/v2\/media?parent=56933"}],"wp:term":[{"taxonomy":"category","embeddable":true,"href":"https:\/\/www.greenpeace.org\/brasil\/wp-json\/wp\/v2\/categories?post=56933"},{"taxonomy":"post_tag","embeddable":true,"href":"https:\/\/www.greenpeace.org\/brasil\/wp-json\/wp\/v2\/tags?post=56933"},{"taxonomy":"p4-page-type","embeddable":true,"href":"https:\/\/www.greenpeace.org\/brasil\/wp-json\/wp\/v2\/p4-page-type?post=56933"}],"curies":[{"name":"wp","href":"https:\/\/api.w.org\/{rel}","templated":true}]}}