{"id":57029,"date":"2025-04-30T17:55:43","date_gmt":"2025-04-30T20:55:43","guid":{"rendered":"https:\/\/www.greenpeace.org\/brasil\/?p=57029"},"modified":"2025-07-02T04:19:41","modified_gmt":"2025-07-02T07:19:41","slug":"um-ano-depois-das-enchentes-no-rio-grande-do-sul-o-que-mudou","status":"publish","type":"post","link":"https:\/\/www.greenpeace.org\/brasil\/blog\/um-ano-depois-das-enchentes-no-rio-grande-do-sul-o-que-mudou\/","title":{"rendered":"Um ano depois das enchentes no Rio Grande do Sul: o que mudou?"},"content":{"rendered":"\n<h4 class=\"wp-block-heading\">Enquanto a popula\u00e7\u00e3o tenta se reerguer, o Brasil insiste em repetir erros do passado: aposta em combust\u00edveis f\u00f3sseis que aprofundam a crise e impedem a constru\u00e7\u00e3o de um futuro seguro<\/h4>\n\n<figure class=\"wp-block-image size-large\"><img loading=\"lazy\" decoding=\"async\" width=\"1024\" height=\"683\" src=\"https:\/\/www.greenpeace.org\/static\/planet4-brasil-stateless\/2025\/04\/47185ceb-gp0su0o6v_medium-res-1200px-1024x683.jpg\" alt=\"\" class=\"wp-image-57030\" srcset=\"https:\/\/www.greenpeace.org\/static\/planet4-brasil-stateless\/2025\/04\/47185ceb-gp0su0o6v_medium-res-1200px-1024x683.jpg 1024w, https:\/\/www.greenpeace.org\/static\/planet4-brasil-stateless\/2025\/04\/47185ceb-gp0su0o6v_medium-res-1200px-300x200.jpg 300w, https:\/\/www.greenpeace.org\/static\/planet4-brasil-stateless\/2025\/04\/47185ceb-gp0su0o6v_medium-res-1200px-768x512.jpg 768w, https:\/\/www.greenpeace.org\/static\/planet4-brasil-stateless\/2025\/04\/47185ceb-gp0su0o6v_medium-res-1200px-510x340.jpg 510w, https:\/\/www.greenpeace.org\/static\/planet4-brasil-stateless\/2025\/04\/47185ceb-gp0su0o6v_medium-res-1200px.jpg 1200w\" sizes=\"auto, (max-width: 1024px) 100vw, 1024px\" \/><figcaption class=\"wp-element-caption\">Ruas alagadas no Bairro Ipanema, em Porto Alegre, Rio Grande do Sul, em maio de 2024. \u00a9 Tuane Fernandes \/ Greenpeace<\/figcaption><\/figure>\n\n<p>Um ano ap\u00f3s as enchentes de 2024 no Rio Grande do Sul, uma das maiores trag\u00e9dias clim\u00e1ticas do pa\u00eds, como est\u00e3o as pessoas mais impactadas? Que pol\u00edticas sa\u00edram do papel? O que foi feito de fato? E o que ainda precisa ser feito?<\/p>\n\n<p>O Greenpeace Brasil buscou respostas reunindo dados p\u00fablicos de or\u00e7amento, ouvindo moradores e conversando com organiza\u00e7\u00f5es que seguem atuando no Estado \u2014 especialmente aquelas que participaram da resposta humanit\u00e1ria junto com a gente.<\/p>\n\n<p>Neste ano em que o Brasil ser\u00e1 palco da COP30, a Confer\u00eancia Clim\u00e1tica da ONU, o mundo vai estar de olho em como lidamos com a crise clim\u00e1tica por aqui. E tem um ponto que precisa ser refor\u00e7ado: continuar apostando em combust\u00edveis f\u00f3sseis \u2014 os grandes vil\u00f5es do clima \u2014 \u00e9 insistir num modelo que j\u00e1 mostrou que n\u00e3o funciona. Se quisermos evitar novas trag\u00e9dias como a do RS, a hora de mudar \u00e9 agora.<\/p>\n\n<p>A grande quest\u00e3o \u00e9: nossos governantes v\u00e3o realmente colocar a vida em primeiro lugar? V\u00e3o preparar as ruas, os bairros e as cidades para que mais ningu\u00e9m sofra ou perca a vida em um pr\u00f3ximo evento extremo? Ou v\u00e3o seguir investindo em solu\u00e7\u00f5es ultrapassadas que s\u00f3 pioram a crise?<\/p>\n\n<p>A gente precisa falar sobre isso. E mais do que isso: precisamos agir.<\/p>\n<div data-hydrate=\"planet4-blocks\/gallery\" data-attributes=\"{&quot;attributes&quot;:{&quot;gallery_block_description&quot;:&quot;&lt;strong&gt;Elis\\u00e2ngela Silva Medeiros, facilitadora do grupo de voluntariado de Porto Alegre (RS), uma das ativistas que atuou durante a frente de a\\u00e7\\u00e3o humanit\\u00e1ria em 2024&lt;\\\/strong&gt;&quot;,&quot;multiple_image&quot;:&quot;57035,57036&quot;,&quot;image_data&quot;:[{&quot;url&quot;:&quot;https:\\\/\\\/www.greenpeace.org\\\/static\\\/planet4-brasil-stateless\\\/2025\\\/04\\\/e2761b50-whatsapp-image-2025-04-25-at-20.18.10-1.jpeg&quot;,&quot;focalPoint&quot;:{&quot;x&quot;:0.5,&quot;y&quot;:0.5},&quot;id&quot;:57035},{&quot;url&quot;:&quot;https:\\\/\\\/www.greenpeace.org\\\/static\\\/planet4-brasil-stateless\\\/2025\\\/04\\\/e2761b50-whatsapp-image-2025-04-25-at-20.18.10.jpeg&quot;,&quot;focalPoint&quot;:{&quot;x&quot;:0.5,&quot;y&quot;:0.5},&quot;id&quot;:57036}],&quot;gallery_block_style&quot;:0,&quot;gallery_block_title&quot;:&quot;&quot;,&quot;gallery_block_focus_points&quot;:&quot;&quot;,&quot;images&quot;:[{&quot;image_src&quot;:&quot;https:\\\/\\\/www.greenpeace.org\\\/static\\\/planet4-brasil-stateless\\\/2025\\\/04\\\/e2761b50-whatsapp-image-2025-04-25-at-20.18.10-1.jpeg&quot;,&quot;image_srcset&quot;:&quot;https:\\\/\\\/www.greenpeace.org\\\/static\\\/planet4-brasil-stateless\\\/2025\\\/04\\\/e2761b50-whatsapp-image-2025-04-25-at-20.18.10-1.jpeg 1080w, https:\\\/\\\/www.greenpeace.org\\\/static\\\/planet4-brasil-stateless\\\/2025\\\/04\\\/e2761b50-whatsapp-image-2025-04-25-at-20.18.10-1-300x300.jpeg 300w, https:\\\/\\\/www.greenpeace.org\\\/static\\\/planet4-brasil-stateless\\\/2025\\\/04\\\/e2761b50-whatsapp-image-2025-04-25-at-20.18.10-1-1024x1024.jpeg 1024w, https:\\\/\\\/www.greenpeace.org\\\/static\\\/planet4-brasil-stateless\\\/2025\\\/04\\\/e2761b50-whatsapp-image-2025-04-25-at-20.18.10-1-150x150.jpeg 150w, https:\\\/\\\/www.greenpeace.org\\\/static\\\/planet4-brasil-stateless\\\/2025\\\/04\\\/e2761b50-whatsapp-image-2025-04-25-at-20.18.10-1-768x768.jpeg 768w, https:\\\/\\\/www.greenpeace.org\\\/static\\\/planet4-brasil-stateless\\\/2025\\\/04\\\/e2761b50-whatsapp-image-2025-04-25-at-20.18.10-1-340x340.jpeg 340w&quot;,&quot;image_sizes&quot;:false,&quot;alt_text&quot;:&quot;&quot;,&quot;caption&quot;:&quot;&quot;,&quot;focus_image&quot;:&quot;&quot;,&quot;credits&quot;:&quot;&quot;},{&quot;image_src&quot;:&quot;https:\\\/\\\/www.greenpeace.org\\\/static\\\/planet4-brasil-stateless\\\/2025\\\/04\\\/e2761b50-whatsapp-image-2025-04-25-at-20.18.10.jpeg&quot;,&quot;image_srcset&quot;:&quot;https:\\\/\\\/www.greenpeace.org\\\/static\\\/planet4-brasil-stateless\\\/2025\\\/04\\\/e2761b50-whatsapp-image-2025-04-25-at-20.18.10.jpeg 960w, https:\\\/\\\/www.greenpeace.org\\\/static\\\/planet4-brasil-stateless\\\/2025\\\/04\\\/e2761b50-whatsapp-image-2025-04-25-at-20.18.10-225x300.jpeg 225w, https:\\\/\\\/www.greenpeace.org\\\/static\\\/planet4-brasil-stateless\\\/2025\\\/04\\\/e2761b50-whatsapp-image-2025-04-25-at-20.18.10-768x1024.jpeg 768w, https:\\\/\\\/www.greenpeace.org\\\/static\\\/planet4-brasil-stateless\\\/2025\\\/04\\\/e2761b50-whatsapp-image-2025-04-25-at-20.18.10-255x340.jpeg 255w&quot;,&quot;image_sizes&quot;:false,&quot;alt_text&quot;:&quot;&quot;,&quot;caption&quot;:&quot;&quot;,&quot;focus_image&quot;:&quot;&quot;,&quot;credits&quot;:&quot;&quot;}]}}\"><section class=\"block carousel-wrap \"><p class=\"page-section-description\"><strong>Elis\u00e2ngela Silva Medeiros, facilitadora do grupo de voluntariado de Porto Alegre (RS), uma das ativistas que atuou durante a frente de a\u00e7\u00e3o humanit\u00e1ria em 2024<\/strong><\/p><\/section><\/div>\n<p><strong>&#8220;Em Canoas, n\u00e3o mudou muita coisa&#8221;<\/strong><\/p>\n\n<p>Essa \u00e9 a realidade de Elis\u00e2ngela Silva Medeiros, volunt\u00e1ria do Greenpeace em Porto Alegre, que viveu de perto o caos das enchentes de 2024. Ela e a fam\u00edlia moravam em um dos bairros mais atingidos no munic\u00edpio de Canoas, a cerca de 14 km da capital ga\u00facha. \u201cTodos os meus familiares perderam tudo. Minha m\u00e3e s\u00f3 conseguiu voltar para uma casa dois meses atr\u00e1s. N\u00e3o \u00e9 a mesma casa porque a estrutura ficou toda comprometida. Tivemos que buscar outro lugar para ela morar\u201d, conta.<\/p>\n\n<p>Hoje, Elis\u00e2ngela vive em uma \u00e1rea mais segura, mas seus familiares precisaram voltar para o mesmo bairro onde moravam antes \u2014 uma regi\u00e3o que continua alagando quando chove. O medo e a inseguran\u00e7a seguem presentes. \u201cEu n\u00e3o posso ver chuva. Fico muito ansiosa e nervosa porque todos os meus familiares ainda est\u00e3o naquele bairro, onde qualquer chuva j\u00e1 faz a \u00e1gua chegar na canela\u201d, desabafa.<\/p>\n\n<p>Cada um de seus parentes receberam apenas uma ajuda de R$5 mil at\u00e9 o momento para, pasmem, reconstruir a vida. \u201cCom esse dinheiro, eu comprei geladeira e m\u00e1quina de lavar. A minha m\u00e3e tamb\u00e9m. Mas fato \u00e9 que n\u00f3s perdemos tudo: m\u00f3veis, televis\u00e3o, cama, roupa. Na antiga casa da minha m\u00e3e, por exemplo, caiu o muro todo que separava da casa do vizinho\u201d<\/p>\n\n<p>Em um cen\u00e1rio em que ainda h\u00e1 gargalos para a garantia de moradia digna e segura para quem perdeu tudo, as vulnerabilidades se sobrep\u00f5em e tornam mais dif\u00edcil a vida das pessoas mais impactadas.<\/p>\n\n<figure class=\"wp-block-image size-large\"><img loading=\"lazy\" decoding=\"async\" width=\"1024\" height=\"1024\" src=\"https:\/\/www.greenpeace.org\/static\/planet4-brasil-stateless\/2025\/04\/3e4e0f00-gp0su20mv_medium-res-1200px-1024x1024.jpg\" alt=\"\" class=\"wp-image-57037\" srcset=\"https:\/\/www.greenpeace.org\/static\/planet4-brasil-stateless\/2025\/04\/3e4e0f00-gp0su20mv_medium-res-1200px-1024x1024.jpg 1024w, https:\/\/www.greenpeace.org\/static\/planet4-brasil-stateless\/2025\/04\/3e4e0f00-gp0su20mv_medium-res-1200px-300x300.jpg 300w, https:\/\/www.greenpeace.org\/static\/planet4-brasil-stateless\/2025\/04\/3e4e0f00-gp0su20mv_medium-res-1200px-150x150.jpg 150w, https:\/\/www.greenpeace.org\/static\/planet4-brasil-stateless\/2025\/04\/3e4e0f00-gp0su20mv_medium-res-1200px-768x768.jpg 768w, https:\/\/www.greenpeace.org\/static\/planet4-brasil-stateless\/2025\/04\/3e4e0f00-gp0su20mv_medium-res-1200px-340x340.jpg 340w, https:\/\/www.greenpeace.org\/static\/planet4-brasil-stateless\/2025\/04\/3e4e0f00-gp0su20mv_medium-res-1200px.jpg 1200w\" sizes=\"auto, (max-width: 1024px) 100vw, 1024px\" \/><figcaption class=\"wp-element-caption\">Morador impactado no munic\u00edpio de Canoas, Rio Grande do Sul, em maio de 2024. \u00a9 Gideon Mendel \/ Greenpeace<\/figcaption><\/figure>\n\n<p><strong>Moradia digna e segura: o ponto de partida para recome\u00e7ar<\/strong><\/p>\n\n<p>Um dos grandes desafios na reconstru\u00e7\u00e3o \u00e9 o acesso \u00e0 moradia segura, a maior luta encampada atualmente pelo MAB, o Movimento dos Atingidos por Barragens, que atua intensamente na regi\u00e3o. \u201cAs dificuldades s\u00e3o tanto em rela\u00e7\u00e3o \u00e0 constru\u00e7\u00e3o de casas novas em \u00e1reas mais altas e seguras como com a reforma de casas que podem ser protegidas em caso de novas enchentes, isso se o sistema de defesa das cidades funcionar\u201d, comenta Alexania Rossato, da coordena\u00e7\u00e3o nacional do MAB.<\/p>\n\n<p>Fam\u00edlias inteiras seguem vulnerabilizadas ou vivendo de forma provis\u00f3ria \u00e0 espera de moradia digna e definitiva. De acordo com dados consolidados pelo MAB, ainda existem nove abrigos ativos no Estado, onde vivem 396 pessoas. Al\u00e9m disso, das 20 mil moradias prometidas pelo governo federal, somente 1.500 foram entregues e outras 9.788 est\u00e3o autorizadas.\u00a0<\/p>\n\n<p>Ainda segundo Alexania Rossato, in\u00fameras fam\u00edlias sequer foram reconhecidas como atingidas e\/ou possuem seus nomes nas listas oficiais dos governos. \u201cE n\u00e3o estando nas listas, n\u00e3o s\u00e3o aptas a acessarem os programas governamentais de recupera\u00e7\u00e3o das condi\u00e7\u00f5es de antes da enchente\u201d, informa.<\/p>\n\n<figure class=\"wp-block-image size-large\"><img loading=\"lazy\" decoding=\"async\" width=\"1024\" height=\"768\" src=\"https:\/\/www.greenpeace.org\/static\/planet4-brasil-stateless\/2025\/04\/2a046115-whatsapp-image-2025-04-25-at-17.04.32-1024x768.jpeg\" alt=\"\" class=\"wp-image-57041\" srcset=\"https:\/\/www.greenpeace.org\/static\/planet4-brasil-stateless\/2025\/04\/2a046115-whatsapp-image-2025-04-25-at-17.04.32-1024x768.jpeg 1024w, https:\/\/www.greenpeace.org\/static\/planet4-brasil-stateless\/2025\/04\/2a046115-whatsapp-image-2025-04-25-at-17.04.32-300x225.jpeg 300w, https:\/\/www.greenpeace.org\/static\/planet4-brasil-stateless\/2025\/04\/2a046115-whatsapp-image-2025-04-25-at-17.04.32-768x576.jpeg 768w, https:\/\/www.greenpeace.org\/static\/planet4-brasil-stateless\/2025\/04\/2a046115-whatsapp-image-2025-04-25-at-17.04.32-1536x1153.jpeg 1536w, https:\/\/www.greenpeace.org\/static\/planet4-brasil-stateless\/2025\/04\/2a046115-whatsapp-image-2025-04-25-at-17.04.32-453x340.jpeg 453w, https:\/\/www.greenpeace.org\/static\/planet4-brasil-stateless\/2025\/04\/2a046115-whatsapp-image-2025-04-25-at-17.04.32.jpeg 1599w\" sizes=\"auto, (max-width: 1024px) 100vw, 1024px\" \/><figcaption class=\"wp-element-caption\"> Juraci dos Santos, coordenadora do MAB em Estrela, Rio Grande do Sul. Arquivo pessoal.<\/figcaption><\/figure>\n\n<p><strong>\u201cTodos em um lugar seguro\u201d<\/strong><\/p>\n\n<p>Segundo Juraci dos Santos, coordenadora municipal do MAB, os moradores de Estrela passam por um cen\u00e1rio parecido com o de Canoas.&nbsp;<\/p>\n\n<p>Participante ativa das a\u00e7\u00f5es de ajuda humanit\u00e1ria das quais o Greenpeace tamb\u00e9m atuou no ano passado, Juraci destaca a import\u00e2ncia de resgatar o hist\u00f3rico do Movimento na regi\u00e3o, que se juntou aos atingidos para cobrar solu\u00e7\u00f5es desde o come\u00e7o. \u201cDepois da enchente, o MAB ajudou a estruturar uma pauta de reivindica\u00e7\u00f5es e levou as demandas at\u00e9 a prefeitura\u201d, conta. Entre elas, estava a necessidade de uma \u00e1rea de 4,5 hectares para reassentar as fam\u00edlias que ficaram de fora dos projetos oficiais. \u201c<strong>Nosso lema \u00e9: todos os atingidos morando em um lugar seguro, saud\u00e1vel e feliz\u201d<\/strong>.<\/p>\n\n<p>Dados levantados pelo MAB de Estrela apontam que, atualmente, 516 fam\u00edlias est\u00e3o recebendo o aluguel social, 86 est\u00e3o em casas provis\u00f3rias, 78 j\u00e1 assinaram contrato de compra assistida <em>(um acordo espec\u00edfico para a aquisi\u00e7\u00e3o de im\u00f3veis, geralmente dentro de um programa de apoio habitacional, como o &#8220;Minha Casa Minha Vida Reconstru\u00e7\u00e3o&#8221;, criado para auxiliar fam\u00edlias afetadas por eventos clim\u00e1ticos)<\/em> e 163 est\u00e3o em processo na Caixa Econ\u00f4mica Federal.\u00a0 <\/p>\n\n<p>\u201cAs pessoas que n\u00e3o est\u00e3o em aluguel social ou casas tempor\u00e1rias, est\u00e3o em casas de parentes ou pagando o seu pr\u00f3prio aluguel, vivendo de acordo com o que a renda familiar permite. Muitas sem a seguran\u00e7a necess\u00e1ria para recome\u00e7ar de forma digna\u201d, diz Juraci.<\/p>\n\n<p><\/p>\n\n<figure class=\"wp-block-image size-large\"><img loading=\"lazy\" decoding=\"async\" width=\"1024\" height=\"683\" src=\"https:\/\/www.greenpeace.org\/static\/planet4-brasil-stateless\/2025\/04\/63477823-francisco-proner-1020738-1024x683.jpg\" alt=\"\" class=\"wp-image-57039\" srcset=\"https:\/\/www.greenpeace.org\/static\/planet4-brasil-stateless\/2025\/04\/63477823-francisco-proner-1020738-1024x683.jpg 1024w, https:\/\/www.greenpeace.org\/static\/planet4-brasil-stateless\/2025\/04\/63477823-francisco-proner-1020738-300x200.jpg 300w, https:\/\/www.greenpeace.org\/static\/planet4-brasil-stateless\/2025\/04\/63477823-francisco-proner-1020738-768x512.jpg 768w, https:\/\/www.greenpeace.org\/static\/planet4-brasil-stateless\/2025\/04\/63477823-francisco-proner-1020738-1536x1025.jpg 1536w, https:\/\/www.greenpeace.org\/static\/planet4-brasil-stateless\/2025\/04\/63477823-francisco-proner-1020738-510x340.jpg 510w\" sizes=\"auto, (max-width: 1024px) 100vw, 1024px\" \/><figcaption class=\"wp-element-caption\">Comunidade impactada no Quilombo Maria Carmen, em Lajeado, Rio Grande do Sul, 2025. Foto cedida por Francisco Proner \/ MAB<\/figcaption><\/figure>\n\n<p><strong>O que ainda falta fazer?<\/strong><\/p>\n\n<p>\u201c<strong>Nossa cobran\u00e7a fundamental ao poder p\u00fablico \u00e9 pela reconstru\u00e7\u00e3o das comunidades, bairros e sistemas de prote\u00e7\u00e3o, pelo reconhecimento pleno de todas as fam\u00edlias que s\u00e3o atingidas, pelas reformas das moradias e estruturas comunit\u00e1rias, por reassentamento adequado, seguro e definitivo e pela regulariza\u00e7\u00e3o para que se tenha as documenta\u00e7\u00f5es para acessar as pol\u00edticas de Estado<\/strong>\u201d, diz Alexania.<\/p>\n\n<p>\u201cUm exemplo de ind\u00edcios de irregularidades \u00e9 o custo das casas provis\u00f3rias, de responsabilidade do governo do estado\u201d, informa Alexania. \u201cSegundo o pr\u00f3prio governo, foram investidos R$83,3 milh\u00f5es nos chamados m\u00f3dulos (conhecidas como casas de cont\u00eaineres), o que equivale a R$133 mil por unidade. \u00c9 um valor muito alto, considerando a estrutura oferecida em 18m\u00b2. Com esse montante, seria poss\u00edvel construir moradias permanentes em assentamentos estruturados, oferecendo dignidade e a chance real de recome\u00e7o ao povo, mas n\u00e3o \u00e9 o que est\u00e1 acontecendo\u201d, complementa.<\/p>\n\n<p>Para Bruno Zanette, morador da capital ga\u00facha e integrante do Eco pelo Clima, movimento em prol da Justi\u00e7a Socioambiental, um ano ap\u00f3s a trag\u00e9dia, nem Porto Alegre nem o estado est\u00e3o preparados para um novo evento extremo \u2014 mesmo de menor intensidade. Um consenso entre especialistas e popula\u00e7\u00e3o. \u201cJ\u00e1 houve epis\u00f3dios de chuvas mais brandas e recentes que paralisaram a cidade, evidenciando a fragilidade do sistema de drenagem\u201d, alerta.<\/p>\n\n<p>\u201cA vida de muitas pessoas que perderam tudo continua muito prec\u00e1ria. No Vale do Taquari, as fam\u00edlias que tiveram acesso a moradia em suas cidades ainda residem em cub\u00edculos de cimento, que s\u00e3o extremamente quentes e est\u00e3o localizados a uma grande dist\u00e2ncia do centro da cidade, onde trabalham, o que dificulta ainda mais a rotina\u201d, complementa.<\/p>\n\n<p>Quando questionado sobre as principais demandas vigentes, Bruno ressalta que a principal demanda do Movimento \u00e9 a declara\u00e7\u00e3o de emerg\u00eancia clim\u00e1tica permanente no estado do Rio Grande do Sul, o que tornaria o RS o primeiro estado brasileiro a assumir esse compromisso. <\/p>\n\n<figure class=\"wp-block-image size-large\"><img loading=\"lazy\" decoding=\"async\" width=\"1024\" height=\"768\" src=\"https:\/\/www.greenpeace.org\/static\/planet4-brasil-stateless\/2025\/04\/ad101b1c-francisco-proner-0221-1-1024x768.jpg\" alt=\"\" class=\"wp-image-57045\" srcset=\"https:\/\/www.greenpeace.org\/static\/planet4-brasil-stateless\/2025\/04\/ad101b1c-francisco-proner-0221-1-1024x768.jpg 1024w, https:\/\/www.greenpeace.org\/static\/planet4-brasil-stateless\/2025\/04\/ad101b1c-francisco-proner-0221-1-300x225.jpg 300w, https:\/\/www.greenpeace.org\/static\/planet4-brasil-stateless\/2025\/04\/ad101b1c-francisco-proner-0221-1-768x576.jpg 768w, https:\/\/www.greenpeace.org\/static\/planet4-brasil-stateless\/2025\/04\/ad101b1c-francisco-proner-0221-1-453x340.jpg 453w\" sizes=\"auto, (max-width: 1024px) 100vw, 1024px\" \/><figcaption class=\"wp-element-caption\">Estrela, no Vale do Taquari, Rio Grande do Sul, em 2025. Foto cedida por Francisco Proner \/ MAB<\/figcaption><\/figure>\n\n<p>\u201c<a href=\"https:\/\/ww4.al.rs.gov.br\/noticia\/339307\">O projeto de lei <\/a><em>(que pede a declara\u00e7\u00e3o de Estado de Emerg\u00eancia permanente) <\/em>que ajudamos a redigir e propusemos junto com o deputado estadual Matheus Gomes \u00e9, para n\u00f3s, um passo inicial necess\u00e1rio para tratar as ra\u00edzes da crise clim\u00e1tica, que reconhece a conex\u00e3o direta entre os desastres e a perman\u00eancia de modelos energ\u00e9ticos poluentes, como o da usina termel\u00e9trica de Candiota, a mais ineficiente do pa\u00eds, que opera \u00e0 base de carv\u00e3o mineral\u201d. (mais informa\u00e7\u00f5es sobre a usina mais adiante)<\/p>\n\n<p>Segundo ele, \u00e9 fundamental olhar para a realidade atual, compreender as mudan\u00e7as necess\u00e1rias e n\u00e3o repetir os erros do passado. \u201c<strong>A gente precisa pensar em uma reconstru\u00e7\u00e3o que enfrente as vulnerabilidades que j\u00e1 existiam antes do desastre e que foram agravadas por ele<\/strong>\u201d. Bruno destaca que essa reconstru\u00e7\u00e3o deve ser orientada por justi\u00e7a social e clim\u00e1tica: \u201c\u00c9 a oportunidade de fazer diferente, garantindo os direitos de quem foi mais afetado\u201d.<\/p>\n\n<div class=\"wp-block-columns is-layout-flex wp-container-core-columns-is-layout-9d6595d7 wp-block-columns-is-layout-flex\">\n<div class=\"wp-block-column is-layout-flow wp-block-column-is-layout-flow\">\n<figure class=\"wp-block-image size-large\"><img loading=\"lazy\" decoding=\"async\" width=\"819\" height=\"1024\" src=\"https:\/\/www.greenpeace.org\/static\/planet4-brasil-stateless\/2025\/04\/370712a6-feed-30-04-um-ano-de-enchentes-rs_05-819x1024.png\" alt=\"\" class=\"wp-image-57042\" srcset=\"https:\/\/www.greenpeace.org\/static\/planet4-brasil-stateless\/2025\/04\/370712a6-feed-30-04-um-ano-de-enchentes-rs_05-819x1024.png 819w, https:\/\/www.greenpeace.org\/static\/planet4-brasil-stateless\/2025\/04\/370712a6-feed-30-04-um-ano-de-enchentes-rs_05-240x300.png 240w, https:\/\/www.greenpeace.org\/static\/planet4-brasil-stateless\/2025\/04\/370712a6-feed-30-04-um-ano-de-enchentes-rs_05-768x960.png 768w, https:\/\/www.greenpeace.org\/static\/planet4-brasil-stateless\/2025\/04\/370712a6-feed-30-04-um-ano-de-enchentes-rs_05-272x340.png 272w, https:\/\/www.greenpeace.org\/static\/planet4-brasil-stateless\/2025\/04\/370712a6-feed-30-04-um-ano-de-enchentes-rs_05.png 1080w\" sizes=\"auto, (max-width: 819px) 100vw, 819px\" \/><\/figure>\n<\/div>\n\n\n\n<div class=\"wp-block-column is-layout-flow wp-block-column-is-layout-flow\">\n<figure class=\"wp-block-image size-large\"><img loading=\"lazy\" decoding=\"async\" width=\"819\" height=\"1024\" src=\"https:\/\/www.greenpeace.org\/static\/planet4-brasil-stateless\/2025\/04\/d82ed15c-feed-30-04-um-ano-de-enchentes-rs_06-819x1024.png\" alt=\"\" class=\"wp-image-57043\" srcset=\"https:\/\/www.greenpeace.org\/static\/planet4-brasil-stateless\/2025\/04\/d82ed15c-feed-30-04-um-ano-de-enchentes-rs_06-819x1024.png 819w, https:\/\/www.greenpeace.org\/static\/planet4-brasil-stateless\/2025\/04\/d82ed15c-feed-30-04-um-ano-de-enchentes-rs_06-240x300.png 240w, https:\/\/www.greenpeace.org\/static\/planet4-brasil-stateless\/2025\/04\/d82ed15c-feed-30-04-um-ano-de-enchentes-rs_06-768x960.png 768w, https:\/\/www.greenpeace.org\/static\/planet4-brasil-stateless\/2025\/04\/d82ed15c-feed-30-04-um-ano-de-enchentes-rs_06-272x340.png 272w, https:\/\/www.greenpeace.org\/static\/planet4-brasil-stateless\/2025\/04\/d82ed15c-feed-30-04-um-ano-de-enchentes-rs_06.png 1080w\" sizes=\"auto, (max-width: 819px) 100vw, 819px\" \/><\/figure>\n<\/div>\n<\/div>\n\n<p><strong>Trag\u00e9dia anunciada que poderia ser evitada<\/strong><\/p>\n\n<p>As trag\u00e9dias clim\u00e1ticas n\u00e3o acontecem por acaso. Quando vivemos em um cen\u00e1rio de emerg\u00eancia clim\u00e1tica, j\u00e1 n\u00e3o \u00e9 poss\u00edvel argumentar imprevisibilidade diante de eventos extremos. Desde 2015, relat\u00f3rios e estudos j\u00e1 alertavam para o aumento expressivo das chuvas no Rio Grande do Sul, com proje\u00e7\u00f5es de anomalias superiores a 15% na precipita\u00e7\u00e3o. O Sexto Relat\u00f3rio do IPCC (2022) refor\u00e7ou essa tend\u00eancia, indicando um acr\u00e9scimo de mais de 10% na m\u00e9dia anual de chuvas para a regi\u00e3o Sul da Am\u00e9rica do Sul.<\/p>\n\n<p>Mesmo diante desses avisos, pol\u00edticas preventivas foram negligenciadas. O poder p\u00fablico ignorou as proje\u00e7\u00f5es e adiou medidas, violando o princ\u00edpio da precau\u00e7\u00e3o previsto na Pol\u00edtica Nacional sobre Mudan\u00e7a do Clima. Em vez de fortalecer a prote\u00e7\u00e3o ambiental, o Rio Grande do Sul promoveu retrocessos \u2014 como a flexibiliza\u00e7\u00e3o do C\u00f3digo Estadual do Meio Ambiente em 2019 \u2014 aumentando a vulnerabilidade das popula\u00e7\u00f5es mais vulnerabilizadas. O resultado da ina\u00e7\u00e3o ficou evidente: o custo da trag\u00e9dia de 2024 chegou a R$116,3 bilh\u00f5es, destinados a a\u00e7\u00f5es emergenciais, cr\u00e9ditos e isen\u00e7\u00f5es fiscais. Desde 1991, o Brasil j\u00e1 acumula R$570,6 bilh\u00f5es em preju\u00edzos econ\u00f4micos decorrentes de desastres, segundo o Atlas Digital de Desastres.<\/p>\n\n<p>\u201cEssa realidade refor\u00e7a a necessidade de pol\u00edticas p\u00fablicas integradas e alinhadas. A reconstru\u00e7\u00e3o n\u00e3o pode se limitar a respostas emergenciais. Exige a\u00e7\u00f5es de adapta\u00e7\u00e3o \u00e0s mudan\u00e7as clim\u00e1ticas, mitiga\u00e7\u00e3o de emiss\u00f5es de gases de efeito estufa e respeito \u00e0 especificidade dos territ\u00f3rios. Precisamos atuar simultaneamente em reconstru\u00e7\u00e3o, preven\u00e7\u00e3o e transi\u00e7\u00e3o energ\u00e9tica\u201d, afirma Rodrigo Jesus, porta-voz da Frente de Justi\u00e7a Clim\u00e1tica do Greenpeace Brasil .<\/p>\n\n<p><strong>Reconstruir n\u00e3o \u00e9 voltar ao passado<\/strong><\/p>\n\n<p>Embora bilh\u00f5es de reais estejam sendo investidos na reconstru\u00e7\u00e3o do Rio Grande do Sul, o Brasil continua a apostar em pol\u00edticas que aprofundam a crise clim\u00e1tica, em vez de enfrent\u00e1-la de forma definitiva.&nbsp;<\/p>\n\n<p>Enquanto comunidades lutam para se reerguer ap\u00f3s um dos maiores desastres clim\u00e1ticos da hist\u00f3ria do pa\u00eds, escolhas que refor\u00e7am a depend\u00eancia de combust\u00edveis f\u00f3sseis seguem avan\u00e7ando. \u00c9 o caso da renova\u00e7\u00e3o de licen\u00e7as para termel\u00e9tricas a carv\u00e3o no pr\u00f3prio Rio Grande do Sul, como Candiota III \u2014 ainda desativada em abril de 2025, mas alvo de forte press\u00e3o para reativa\u00e7\u00e3o. Tamb\u00e9m houve tentativas de ampliar subs\u00eddios a termel\u00e9tricas durante a tramita\u00e7\u00e3o da Lei das E\u00f3licas Offshore, al\u00e9m do avan\u00e7o da explora\u00e7\u00e3o de petr\u00f3leo na Margem Equatorial, especialmente na sens\u00edvel Foz do Amazonas.<\/p>\n\n<p><strong>Essas decis\u00f5es caminham na contram\u00e3o dos compromissos que o Brasil assumiu de reduzir entre 59% e 67% suas emiss\u00f5es de gases de efeito estufa at\u00e9 2035. Tamb\u00e9m colocam em risco o papel de lideran\u00e7a clim\u00e1tica que o pa\u00eds busca exercer, especialmente com a proximidade da COP30, que ser\u00e1 sediada no Brasil.<\/strong><\/p>\n\n<p>Reconstruir o Rio Grande do Sul precisa significar mais do que simplesmente refazer o que foi destru\u00eddo. \u00c9 a oportunidade de construir um futuro mais seguro e justo, garantindo que a meta de neutralidade clim\u00e1tica oriente todos os investimentos \u2014 desde infraestrutura e saneamento at\u00e9 sa\u00fade, educa\u00e7\u00e3o e habita\u00e7\u00e3o. Isso significa incorporar crit\u00e9rios de resili\u00eancia e seguran\u00e7a, reduzir as chamadas zonas de sacrif\u00edcio clim\u00e1tico e respeitar as especificidades de cada territ\u00f3rio. <\/p>\n\n<p class=\"has-white-color has-dark-green-800-background-color has-text-color has-background has-link-color wp-elements-5afaa6753232e69ab5739a1a1167c91f\"><strong>Mais do que nunca, \u00e9 essencial garantir a participa\u00e7\u00e3o ativa das pessoas mais impactadas em todas as etapas da tomada de decis\u00e3o, para que a reconstru\u00e7\u00e3o n\u00e3o repita as injusti\u00e7as do passado, mas abra caminho para um futuro melhor.<\/strong><\/p>\n\n<h3 class=\"wp-block-heading\"><strong>Caminhos para o futuro<\/strong><\/h3>\n\n<p>Como anfitri\u00e3o da COP30, o Brasil ocupa uma posi\u00e7\u00e3o estrat\u00e9gica para mobilizar os US$1,3 trilh\u00e3o anuais necess\u00e1rios \u00e0 agenda clim\u00e1tica global. Mas esse protagonismo s\u00f3 ser\u00e1 leg\u00edtimo se o pa\u00eds abandonar contradi\u00e7\u00f5es internas \u2014 como a continuidade da explora\u00e7\u00e3o de combust\u00edveis f\u00f3sseis \u2014 e priorizar solu\u00e7\u00f5es baseadas na ci\u00eancia e na escuta das comunidades atingidas.<\/p>\n\n<p>N\u00e3o h\u00e1 reconstru\u00e7\u00e3o justa sem justi\u00e7a clim\u00e1tica. \u00c9 hora de investir em modelos sustent\u00e1veis de moradia, saneamento, sa\u00fade, educa\u00e7\u00e3o e cultura \u2014 com crit\u00e9rios que garantam seguran\u00e7a, resili\u00eancia e participa\u00e7\u00e3o social. O que est\u00e1 em jogo n\u00e3o \u00e9 apenas a reconstru\u00e7\u00e3o do Rio Grande do Sul, mas a capacidade do Brasil de liderar o caminho para um futuro mais justo e seguro para todas e todos.<\/p>\n\n<p class=\"has-beige-100-color has-blue-green-800-background-color has-text-color has-background has-link-color wp-elements-25d8a106302494697bdce1850cc4ad95\">Veja como foi a atua\u00e7\u00e3o do Greenpeace Brasil em 2024 nas a\u00e7\u00f5es de ajuda humanit\u00e1ria ao Rio Grande do Sul, junto com parceiros como MAB, Cruz Vermelha Brasileira, Articula\u00e7\u00e3o dos Povos Ind\u00edgenas do Brasil &#8211; APIB, Articula\u00e7\u00e3o dos Povos Ind\u00edgenas da Regi\u00e3o Sul \u2013 ArpinSul, Conselho Indigenista Mission\u00e1rio &#8211; CIMI, Grupo de volunt\u00e1rios de Porto Alegre e Grupo de volunt\u00e1rios do Greenpeace Brasil no Litoral Norte do RS.<br><br>Grande reportagem sobre a a\u00e7\u00e3o de ajuda hunanit\u00e1ria: <a href=\"https:\/\/www.youtube.com\/watch?v=aZj0JzFfkXo&amp;t=1035s\">Enchentes no Rio Grande do Sul: Crise Clim\u00e1tica e Abandono do Poder P\u00fablico<\/a><br><br><a href=\"https:\/\/www.greenpeace.org\/brasil\/blog\/agua-limpa-para-quem-precisa-nos-ajude-a-levar-canudos-filtraveis-para-o-rs\/\">Canudos filtrantes distribu\u00eddos no RS garantem \u00e1gua limpa para quem precisa<\/a><br><br><a href=\"https:\/\/www.greenpeace.org\/brasil\/blog\/uma-tragedia-em-tres-tempos-o-ontem-o-hoje-e-o-amanha\/\">Uma trag\u00e9dia em tr\u00eas tempos: o ontem, o hoje e o amanh\u00e3<\/a><br><br><a href=\"https:\/\/www.greenpeace.org\/brasil\/blog\/rio-grande-do-sul-um-relato-de-quem-atuou-no-trabalho-de-ajuda-humanitaria\/\">Rio Grande do Sul: um relato de quem atuou no trabalho de ajuda humanit\u00e1ria<\/a><br><br><a href=\"https:\/\/www.greenpeace.org\/brasil\/imprensa\/greenpeace-brasil-investe-em-iniciativa-que-beneficia-agricultores-familiares-atingidos-pelas-enchentes-no-rio-grande-do-sul\/\">Greenpeace Brasil investe em iniciativa que beneficia agricultores familiares atingidos pelas enchentes no Rio Grande do Sul<\/a><br><br><a href=\"https:\/\/www.greenpeace.org\/brasil\/imprensa\/greenpeace-brasil-consolida-dados-da-tragedia-climatica-do-rs-e-disponibiliza-banco-de-imagens-para-uso-livre-da-imprensa\/\">Greenpeace Brasil consolida dados da trag\u00e9dia clim\u00e1tica do RS e disponibiliza banco de imagens para uso livre da imprensa<\/a><\/p>\n\n<div class=\"wp-block-buttons is-content-justification-center is-layout-flex wp-container-core-buttons-is-layout-16018d1d wp-block-buttons-is-layout-flex\">\n<div class=\"wp-block-button has-custom-width wp-block-button__width-100\"><a class=\"wp-block-button__link has-action-yellow-background-color has-background has-text-align-center wp-element-button\" href=\"https:\/\/www.greenpeace.org\/brasil\/apoie\/crise-ambiental-climatica\/\">Assine e ajude a pressionar por medidas de adapta\u00e7\u00e3o que enfrentem a emerg\u00eancia clim\u00e1tica e priorizem as pessoas mais impactadas.<\/a><\/div>\n<\/div>\n\n<p><\/p>\n\n<p><\/p>\n","protected":false},"excerpt":{"rendered":"<p>Enquanto a popula\u00e7\u00e3o tenta se reerguer, o Brasil insiste em repetir erros do passado: aposta em combust\u00edveis f\u00f3sseis que aprofundam a crise e impedem a constru\u00e7\u00e3o de um futuro seguro<\/p>\n","protected":false},"author":67,"featured_media":57030,"comment_status":"open","ping_status":"closed","sticky":false,"template":"","format":"standard","meta":{"ep_exclude_from_search":false,"p4_og_title":"","p4_og_description":"","p4_og_image":"","p4_og_image_id":"","p4_seo_canonical_url":"","p4_campaign_name":"","p4_local_project":"","p4_basket_name":"","p4_department":"","footnotes":""},"categories":[71,48],"tags":[20,6,42],"p4-page-type":[16],"class_list":["post-57029","post","type-post","status-publish","format-standard","has-post-thumbnail","hentry","category-eventos-extremos","category-justica-climatica","tag-cidades","tag-clima","tag-justica-climatica","p4-page-type-blog"],"_links":{"self":[{"href":"https:\/\/www.greenpeace.org\/brasil\/wp-json\/wp\/v2\/posts\/57029","targetHints":{"allow":["GET"]}}],"collection":[{"href":"https:\/\/www.greenpeace.org\/brasil\/wp-json\/wp\/v2\/posts"}],"about":[{"href":"https:\/\/www.greenpeace.org\/brasil\/wp-json\/wp\/v2\/types\/post"}],"author":[{"embeddable":true,"href":"https:\/\/www.greenpeace.org\/brasil\/wp-json\/wp\/v2\/users\/67"}],"replies":[{"embeddable":true,"href":"https:\/\/www.greenpeace.org\/brasil\/wp-json\/wp\/v2\/comments?post=57029"}],"version-history":[{"count":13,"href":"https:\/\/www.greenpeace.org\/brasil\/wp-json\/wp\/v2\/posts\/57029\/revisions"}],"predecessor-version":[{"id":58454,"href":"https:\/\/www.greenpeace.org\/brasil\/wp-json\/wp\/v2\/posts\/57029\/revisions\/58454"}],"wp:featuredmedia":[{"embeddable":true,"href":"https:\/\/www.greenpeace.org\/brasil\/wp-json\/wp\/v2\/media\/57030"}],"wp:attachment":[{"href":"https:\/\/www.greenpeace.org\/brasil\/wp-json\/wp\/v2\/media?parent=57029"}],"wp:term":[{"taxonomy":"category","embeddable":true,"href":"https:\/\/www.greenpeace.org\/brasil\/wp-json\/wp\/v2\/categories?post=57029"},{"taxonomy":"post_tag","embeddable":true,"href":"https:\/\/www.greenpeace.org\/brasil\/wp-json\/wp\/v2\/tags?post=57029"},{"taxonomy":"p4-page-type","embeddable":true,"href":"https:\/\/www.greenpeace.org\/brasil\/wp-json\/wp\/v2\/p4-page-type?post=57029"}],"curies":[{"name":"wp","href":"https:\/\/api.w.org\/{rel}","templated":true}]}}