{"id":57079,"date":"2025-05-08T16:37:15","date_gmt":"2025-05-08T19:37:15","guid":{"rendered":"https:\/\/www.greenpeace.org\/brasil\/?p=57079"},"modified":"2025-05-09T10:55:37","modified_gmt":"2025-05-09T13:55:37","slug":"desintrusao-na-ti-kayapo-mais-um-passo-para-uma-amazonia-livre-de-garimpo","status":"publish","type":"post","link":"https:\/\/www.greenpeace.org\/brasil\/blog\/desintrusao-na-ti-kayapo-mais-um-passo-para-uma-amazonia-livre-de-garimpo\/","title":{"rendered":"Desintrus\u00e3o na TI Kayap\u00f3: mais um passo para uma Amaz\u00f4nia Livre de Garimpo"},"content":{"rendered":"\n<p><em>A\u00e7\u00e3o do governo iniciou no dia 02 de maio e deve durar 90 dias, podendo se estender<\/em><br><\/p>\n\n<figure class=\"wp-block-image size-full\"><img loading=\"lazy\" decoding=\"async\" width=\"800\" height=\"534\" src=\"https:\/\/www.greenpeace.org\/static\/planet4-brasil-stateless\/2025\/05\/440c08e5-gp0su50lx_low-res-800px.jpg\" alt=\"\" class=\"wp-image-57080\" srcset=\"https:\/\/www.greenpeace.org\/static\/planet4-brasil-stateless\/2025\/05\/440c08e5-gp0su50lx_low-res-800px.jpg 800w, https:\/\/www.greenpeace.org\/static\/planet4-brasil-stateless\/2025\/05\/440c08e5-gp0su50lx_low-res-800px-300x200.jpg 300w, https:\/\/www.greenpeace.org\/static\/planet4-brasil-stateless\/2025\/05\/440c08e5-gp0su50lx_low-res-800px-768x513.jpg 768w, https:\/\/www.greenpeace.org\/static\/planet4-brasil-stateless\/2025\/05\/440c08e5-gp0su50lx_low-res-800px-510x340.jpg 510w\" sizes=\"auto, (max-width: 800px) 100vw, 800px\" \/><figcaption class=\"wp-element-caption\">&nbsp;Em mar\u00e7o de 2025, o Greenpeace Brasil sobrevoou a Terra Ind\u00edgena Kayap\u00f3 para denunciar o garimpo ilegal. Cr\u00e9dito: \u00a9 Samara Souza \/ Greenpeace<\/figcaption><\/figure>\n\n<p>Na \u00faltima sexta-feira (02\/05), <a href=\"https:\/\/www.gov.br\/funai\/pt-br\/assuntos\/noticias\/2025\/governo-federal-inicia-forca-tarefa-contra-garimpo-ilegal-na-terra-indigena-kayapo-pa\">o Governo Federal deu in\u00edcio \u00e0 desintrus\u00e3o da Terra Ind\u00edgena Kayap\u00f3<\/a>, localizada no sudeste do Par\u00e1, em uma das \u00e1reas mais devastadas pelo garimpo ilegal no Brasil. A a\u00e7\u00e3o \u00e9 coordenada pela Casa Civil e envolve mais de 20 \u00f3rg\u00e3os, entre eles Minist\u00e9rio da Justi\u00e7a, For\u00e7as de Seguran\u00e7a, Funai, Ibama e a ABIN, em resposta a uma determina\u00e7\u00e3o do Supremo Tribunal Federal (STF), a partir da ADPF proposta pela Articula\u00e7\u00e3o dos Povos Ind\u00edgenas do Brasil (Apib) ainda em 2020, durante a pandemia. A opera\u00e7\u00e3o tem previs\u00e3o de dura\u00e7\u00e3o de tr\u00eas meses, mas conta com o clamor de lideran\u00e7as ind\u00edgenas para que tenha a\u00e7\u00e3o permanente dentro do territ\u00f3rio.<\/p>\n\n<p><strong>A opera\u00e7\u00e3o \u00e9 um marco simb\u00f3lico na luta dos povos ind\u00edgenas, significa o reconhecimento, pelo Estado, de que a presen\u00e7a de invasores ilegais, como garimpeiros, grileiros, madeireiros, dentro das Terras Ind\u00edgenas n\u00e3o pode mais ser tolerada.<\/strong> Mas \u00e9 preciso ir al\u00e9m. A retirada dos invasores, embora essencial, precisa ser acompanhada por a\u00e7\u00f5es estruturais de prote\u00e7\u00e3o permanente, restaura\u00e7\u00e3o ambiental, garantia de soberania dos povos origin\u00e1rios e puni\u00e7\u00e3o dos respons\u00e1veis pelos crimes cometidos dentro desses territ\u00f3rios.<\/p>\n\n<p>A Terra Ind\u00edgena Kayap\u00f3, com seus 3,2 milh\u00f5es de hectares, abriga mais de 6.000 pessoas dos povos Mebeng\u00f4kre e Isolados do Rio Fresco. Em 2024, ela foi a <a href=\"https:\/\/www.greenpeace.org\/brasil\/blog\/terra-indigena-kayapo-e-a-mais-atingida-por-queimadas-no-brasil\/\">Terra Ind\u00edgena mais atingida por inc\u00eandios florestais no Brasil<\/a>, com 3.246 focos de calor entre janeiro e setembro. Imagens de sat\u00e9lite revelam que os inc\u00eandios est\u00e3o diretamente ligados ao avan\u00e7o do garimpo ilegal, pois o fogo tem sido usado para abrir novas \u00e1reas de explora\u00e7\u00e3o para a pr\u00e1tica ilegal.<\/p>\n\n<p>O garimpo ilegal na Terra Ind\u00edgena Kayap\u00f3, como em muitas outras, alimenta uma cadeia de viola\u00e7\u00f5es. Viol\u00eancia armada, tr\u00e1fico de drogas, explora\u00e7\u00e3o sexual, trabalho an\u00e1logo a escravid\u00e3o, polui\u00e7\u00e3o dos rios por merc\u00fario e desestrutura\u00e7\u00e3o da vida comunit\u00e1ria. S\u00e3o muitos os problemas levados pelo garimpo para dentro desses territ\u00f3rios e combater essa pr\u00e1tica na raiz, \u00e9 assegurar qualidade de vida para essas popula\u00e7\u00f5es.<\/p>\n\n<p>Segundo o <a href=\"https:\/\/storage.googleapis.com\/gpbr-public\/toxic-gold\/Greenpeace_Relato%CC%81rio_Ouro_To%CC%81xico.pdf\">relat\u00f3rio <em>Ouro T\u00f3xico<\/em><\/a>, lan\u00e7ado pelo Greenpeace Brasil em abril de 2025, a atividade garimpeira na Amaz\u00f4nia est\u00e1 em deslocamento. Mesmo com a redu\u00e7\u00e3o de 31% na \u00e1rea garimpada dentro da TI Kayap\u00f3 de 2023 para 2024, o problema n\u00e3o est\u00e1 resolvido, apenas mudou de localiza\u00e7\u00e3o. Em outras terras, como a TI Sarar\u00e9, o garimpo cresceu 93%. Por isso \u00e9 essencial a presen\u00e7a cont\u00ednua do Estado, com investimentos em tecnologia de monitoramento, apoio \u00e0s guardas ind\u00edgenas e repress\u00e3o aos financiadores do crime ambiental, al\u00e9m de a\u00e7\u00f5es cont\u00ednuas de fiscaliza\u00e7\u00e3o.<\/p>\n\n<p><br><strong>\u201cA desintrus\u00e3o da Terra Ind\u00edgena Kayap\u00f3 \u00e9 um avan\u00e7o importante no combate ao garimpo ilegal. Mas ainda estamos no in\u00edcio dessa caminhada e as autoridades precisam contar com a participa\u00e7\u00e3o ativa das lideran\u00e7as ind\u00edgenas durante todo o processo. Essa \u00e9 uma das demandas centrais da nossa peti\u00e7\u00e3o <\/strong><strong><em>Amaz\u00f4nia Livre de Garimpo<\/em><\/strong><strong>, que j\u00e1 mobilizou mais de 215 mil pessoas nesse mesmo pedido. \u00c9 necess\u00e1rio um compromisso pol\u00edtico duradouro para proteger os povos ind\u00edgenas e a floresta, com a\u00e7\u00f5es estruturais e permanentes contra o garimpo ilegal\u201d<\/strong>, destaca Gr\u00e9gor Daflon, porta-voz da Frente de Povos Ind\u00edgenas do Greenpeace Brasil.<\/p>\n\n<p><strong>A Amaz\u00f4nia e os povos ind\u00edgenas n\u00e3o podem mais esperar.<\/strong> A destrui\u00e7\u00e3o causada pelo garimpo ilegal amea\u00e7a vidas, rios, florestas e o nosso futuro comum. A desintrus\u00e3o na Terra Ind\u00edgena Kayap\u00f3 \u00e9 s\u00f3 o come\u00e7o, precisamos de a\u00e7\u00f5es permanentes, justi\u00e7a e prote\u00e7\u00e3o real. <a href=\"https:\/\/www.greenpeace.org\/brasil\/apoie\/amazonia-livre-de-garimpo\/\">Assine agora a peti\u00e7\u00e3o Amaz\u00f4nia Livre de Garimpo<\/a> e junte-se a milhares de vozes exigindo que o governo continue agindo para acabar com essa cadeia criminosa. A floresta clama por socorro e voc\u00ea pode fazer a diferen\u00e7a.<\/p>\n","protected":false},"excerpt":{"rendered":"<p>A\u00e7\u00e3o do governo iniciou no dia 02 de maio e deve seguir at\u00e9 julho de 2025<\/p>\n","protected":false},"author":133,"featured_media":57080,"comment_status":"open","ping_status":"closed","sticky":false,"template":"","format":"standard","meta":{"ep_exclude_from_search":false,"p4_og_title":"","p4_og_description":"","p4_og_image":"","p4_og_image_id":"","p4_seo_canonical_url":"","p4_campaign_name":"","p4_local_project":"","p4_basket_name":"","p4_department":"","footnotes":""},"categories":[49,68],"tags":[43,60],"p4-page-type":[16],"class_list":["post-57079","post","type-post","status-publish","format-standard","has-post-thumbnail","hentry","category-amazonia","category-povos-e-territorios","tag-povos-e-territorios","tag-garimpo","p4-page-type-blog"],"_links":{"self":[{"href":"https:\/\/www.greenpeace.org\/brasil\/wp-json\/wp\/v2\/posts\/57079","targetHints":{"allow":["GET"]}}],"collection":[{"href":"https:\/\/www.greenpeace.org\/brasil\/wp-json\/wp\/v2\/posts"}],"about":[{"href":"https:\/\/www.greenpeace.org\/brasil\/wp-json\/wp\/v2\/types\/post"}],"author":[{"embeddable":true,"href":"https:\/\/www.greenpeace.org\/brasil\/wp-json\/wp\/v2\/users\/133"}],"replies":[{"embeddable":true,"href":"https:\/\/www.greenpeace.org\/brasil\/wp-json\/wp\/v2\/comments?post=57079"}],"version-history":[{"count":2,"href":"https:\/\/www.greenpeace.org\/brasil\/wp-json\/wp\/v2\/posts\/57079\/revisions"}],"predecessor-version":[{"id":57084,"href":"https:\/\/www.greenpeace.org\/brasil\/wp-json\/wp\/v2\/posts\/57079\/revisions\/57084"}],"wp:featuredmedia":[{"embeddable":true,"href":"https:\/\/www.greenpeace.org\/brasil\/wp-json\/wp\/v2\/media\/57080"}],"wp:attachment":[{"href":"https:\/\/www.greenpeace.org\/brasil\/wp-json\/wp\/v2\/media?parent=57079"}],"wp:term":[{"taxonomy":"category","embeddable":true,"href":"https:\/\/www.greenpeace.org\/brasil\/wp-json\/wp\/v2\/categories?post=57079"},{"taxonomy":"post_tag","embeddable":true,"href":"https:\/\/www.greenpeace.org\/brasil\/wp-json\/wp\/v2\/tags?post=57079"},{"taxonomy":"p4-page-type","embeddable":true,"href":"https:\/\/www.greenpeace.org\/brasil\/wp-json\/wp\/v2\/p4-page-type?post=57079"}],"curies":[{"name":"wp","href":"https:\/\/api.w.org\/{rel}","templated":true}]}}