{"id":57317,"date":"2025-04-10T17:17:49","date_gmt":"2025-04-10T20:17:49","guid":{"rendered":"https:\/\/www.greenpeace.org\/brasil\/?p=57317"},"modified":"2025-07-02T04:19:50","modified_gmt":"2025-07-02T07:19:50","slug":"greenpeace-brasil-disponibiliza-imagens-da-21a-edicao-do-acampamento-terra-livre-2025-para-uso-da-imprensa","status":"publish","type":"post","link":"https:\/\/www.greenpeace.org\/brasil\/imprensa\/greenpeace-brasil-disponibiliza-imagens-da-21a-edicao-do-acampamento-terra-livre-2025-para-uso-da-imprensa\/","title":{"rendered":"Greenpeace Brasil disponibiliza imagens da 21\u00aa edi\u00e7\u00e3o do Acampamento Terra Livre 2025 para uso da imprensa"},"content":{"rendered":"\n<p class=\"has-text-align-center\"><em>Profissionais de audiovisual da organiza\u00e7\u00e3o est\u00e3o em Bras\u00edlia cobrindo o evento, que re\u00fane milhares de ind\u00edgenas de 135 etnias na Capital Federal;&nbsp;<\/em><\/p>\n\n<p class=\"has-text-align-center\"><em>Galeria de imagens do Greenpeace Brasil para uso da imprensa mediante cr\u00e9ditos: <\/em><a href=\"https:\/\/media.greenpeace.org\/Detail\/27MZIFJVHPSOT\"><em>aqui<\/em><\/a><br><br><em>Relat\u00f3rio publicado pelo Greenpeace nesta ter\u00e7a (8) denuncia destrui\u00e7\u00e3o causada pelo garimpo em Terras Ind\u00edgenas e cobra a\u00e7\u00f5es da Ag\u00eancia Nacional de Minera\u00e7\u00e3o<\/em><\/p>\n\n<figure class=\"wp-block-image size-large\"><img loading=\"lazy\" decoding=\"async\" width=\"1024\" height=\"683\" src=\"https:\/\/www.greenpeace.org\/static\/planet4-brasil-stateless\/2025\/04\/3d5674b5-gp0su52e3_pressmedia_cprt_reduced-1024x683.jpg\" alt=\"\" class=\"wp-image-56810\" srcset=\"https:\/\/www.greenpeace.org\/static\/planet4-brasil-stateless\/2025\/04\/3d5674b5-gp0su52e3_pressmedia_cprt_reduced-1024x683.jpg 1024w, https:\/\/www.greenpeace.org\/static\/planet4-brasil-stateless\/2025\/04\/3d5674b5-gp0su52e3_pressmedia_cprt_reduced-300x200.jpg 300w, https:\/\/www.greenpeace.org\/static\/planet4-brasil-stateless\/2025\/04\/3d5674b5-gp0su52e3_pressmedia_cprt_reduced-768x512.jpg 768w, https:\/\/www.greenpeace.org\/static\/planet4-brasil-stateless\/2025\/04\/3d5674b5-gp0su52e3_pressmedia_cprt_reduced-510x340.jpg 510w, https:\/\/www.greenpeace.org\/static\/planet4-brasil-stateless\/2025\/04\/3d5674b5-gp0su52e3_pressmedia_cprt_reduced.jpg 1400w\" sizes=\"auto, (max-width: 1024px) 100vw, 1024px\" \/><figcaption class=\"wp-element-caption\"><em>R\u00e9plica da est\u00e1tua da Justi\u00e7a aparece adornada em marcha nesta ter\u00e7a (08) durante o Acampamento Terra Livre (ATL) | Foto: \u00a9 Lucas Landau \/ Greenpeace<\/em><\/figcaption><\/figure>\n\n<p class=\"has-text-align-left\">O Greenpeace Brasil est\u00e1 em campo na cobertura da 21\u00aa edi\u00e7\u00e3o do Acampamento Terra Livre (ATL), em Bras\u00edlia, e as imagens registradas est\u00e3o dispon\u00edveis para uso livre da imprensa.&nbsp;<\/p>\n\n<p>Para usar o conte\u00fado, basta acessar o banco de imagens internacional do Greenpeace, o Media Greenpeace, e clicar na <a href=\"https:\/\/media.greenpeace.org\/Detail\/27MZIFJVHPSOT\">galeria<\/a> dedicada ao ATL 2025. As imagens est\u00e3o em alta resolu\u00e7\u00e3o e cada uma traz informa\u00e7\u00f5es detalhadas e os cr\u00e9ditos do profissional e da organiza\u00e7\u00e3o, que devem ser mantidos na reprodu\u00e7\u00e3o. Para baixar as imagens, \u00e9 preciso se cadastrar no banco de imagens, que \u00e9 gratuito.<\/p>\n\n<p>O Greenpeace Brasil tem participado ativamente de todas as edi\u00e7\u00f5es do ATL, contribuindo para a visibilidade e o impacto das manifesta\u00e7\u00f5es p\u00fablicas realizadas durante o encontro ind\u00edgena, cujo tema em 2025 \u00e9 \u201cAPIB somos todos n\u00f3s: Em defesa da Constitui\u00e7\u00e3o e da vida\u201d.<\/p>\n\n<p><strong>\u201cOuro T\u00f3xico\u201d<\/strong><\/p>\n\n<p>Vale ressaltar que&nbsp; o Greenpeace Brasil lan\u00e7ou, nesta ter\u00e7a (8), o relat\u00f3rio <a href=\"https:\/\/storage.googleapis.com\/gpbr-public\/toxic-gold\/Greenpeace_Relato%CC%81rio_Ouro_To%CC%81xico.pdf\"><em>\u201cOuro T\u00f3xico &#8211; como a explora\u00e7\u00e3o ilegal de ouro na Amaz\u00f4nia alimenta a destrui\u00e7\u00e3o ambiental, as viola\u00e7\u00f5es dos direitos ind\u00edgenas e um com\u00e9rcio global obscuro\u201d<\/em><\/a>. As informa\u00e7\u00f5es trazidas pelo documento d\u00e3o conta de que, entre 2023 e 2024, o garimpo destruiu 4.219 hectares em Terras Ind\u00edgenas na Amaz\u00f4nia brasileira, nos territ\u00f3rios Kayap\u00f3 (PA), Munduruku (PA), Yanomami (AM e RR) e Sarar\u00e9 (MT). E Embora o garimpo tenha diminu\u00eddo nas tr\u00eas primeiras (Yanomami, -7%; Munduruku, -57%; e Kayap\u00f3, -31%), a atividade se deslocou para a TI Sarar\u00e9 (MT), com aumento expressivo de 93% neste territ\u00f3rio, concentrando 1.816 hectares destru\u00eddos no per\u00edodo analisado.&nbsp;<\/p>\n\n<p class=\"has-text-align-left\">Diante do cen\u00e1rio exposto, o Greenpeace Brasil refor\u00e7a a necessidade de uma auditoria urgente por parte da Ag\u00eancia Nacional de Minera\u00e7\u00e3o (ANM) nas Permiss\u00f5es de Lavra Garimpeira (PLGs) em atividade. A organiza\u00e7\u00e3o&nbsp; alerta que aANM tem falhado em controlar de maneira eficaz as lavras garimpeiras, abrindo brechas para que o ouro ilegal seja facilmente escoado. A falta de efici\u00eancia&nbsp; na concess\u00e3o e fiscaliza\u00e7\u00e3o das Permiss\u00f5es de Lavra Garimpeira acaba contribuindo para o avan\u00e7o do garimpo em Terras Ind\u00edgenas.&nbsp;&#8220;Enquanto n\u00e3o houver uma solu\u00e7\u00e3o permanente e o ouro continuar sendo comprado por pa\u00edses estrangeiros, persistir\u00e1 uma amea\u00e7a real para os Povos Ind\u00edgenas, para a floresta amaz\u00f4nica e para o clima global. A extra\u00e7\u00e3o ilegal de ouro afeta todo o planeta, j\u00e1 que grandes \u00e1reas da floresta amaz\u00f4nica s\u00e3o destru\u00eddas e envenenadas com merc\u00fario para a extra\u00e7\u00e3o do metal. \u00c9 necess\u00e1rio um esfor\u00e7o cont\u00ednuo e integrado para combater o garimpo ilegal de ouro, tanto por parte do Brasil quanto dos pa\u00edses que o importam&#8221;, afirma o porta-voz da campanha de Povos Ind\u00edgenas do Greenpeace Brasil, Jorge Eduardo Dantas.<\/p>\n","protected":false},"excerpt":{"rendered":"<p>Profissionais de audiovisual da organiza\u00e7\u00e3o est\u00e3o em Bras\u00edlia cobrindo o evento, que re\u00fane milhares de ind\u00edgenas de 135 etnias na Capital Federal;&nbsp; Galeria de imagens do Greenpeace Brasil para uso&hellip;<\/p>\n","protected":false},"author":116,"featured_media":56810,"comment_status":"closed","ping_status":"closed","sticky":false,"template":"","format":"standard","meta":{"ep_exclude_from_search":false,"p4_og_title":"","p4_og_description":"","p4_og_image":"","p4_og_image_id":"","p4_seo_canonical_url":"","p4_campaign_name":"","p4_local_project":"","p4_basket_name":"","p4_department":"","footnotes":""},"categories":[49,68],"tags":[43],"p4-page-type":[14],"class_list":["post-57317","post","type-post","status-publish","format-standard","has-post-thumbnail","hentry","category-amazonia","category-povos-e-territorios","tag-povos-e-territorios","p4-page-type-imprensa"],"_links":{"self":[{"href":"https:\/\/www.greenpeace.org\/brasil\/wp-json\/wp\/v2\/posts\/57317","targetHints":{"allow":["GET"]}}],"collection":[{"href":"https:\/\/www.greenpeace.org\/brasil\/wp-json\/wp\/v2\/posts"}],"about":[{"href":"https:\/\/www.greenpeace.org\/brasil\/wp-json\/wp\/v2\/types\/post"}],"author":[{"embeddable":true,"href":"https:\/\/www.greenpeace.org\/brasil\/wp-json\/wp\/v2\/users\/116"}],"replies":[{"embeddable":true,"href":"https:\/\/www.greenpeace.org\/brasil\/wp-json\/wp\/v2\/comments?post=57317"}],"version-history":[{"count":3,"href":"https:\/\/www.greenpeace.org\/brasil\/wp-json\/wp\/v2\/posts\/57317\/revisions"}],"predecessor-version":[{"id":58457,"href":"https:\/\/www.greenpeace.org\/brasil\/wp-json\/wp\/v2\/posts\/57317\/revisions\/58457"}],"wp:featuredmedia":[{"embeddable":true,"href":"https:\/\/www.greenpeace.org\/brasil\/wp-json\/wp\/v2\/media\/56810"}],"wp:attachment":[{"href":"https:\/\/www.greenpeace.org\/brasil\/wp-json\/wp\/v2\/media?parent=57317"}],"wp:term":[{"taxonomy":"category","embeddable":true,"href":"https:\/\/www.greenpeace.org\/brasil\/wp-json\/wp\/v2\/categories?post=57317"},{"taxonomy":"post_tag","embeddable":true,"href":"https:\/\/www.greenpeace.org\/brasil\/wp-json\/wp\/v2\/tags?post=57317"},{"taxonomy":"p4-page-type","embeddable":true,"href":"https:\/\/www.greenpeace.org\/brasil\/wp-json\/wp\/v2\/p4-page-type?post=57317"}],"curies":[{"name":"wp","href":"https:\/\/api.w.org\/{rel}","templated":true}]}}