{"id":57560,"date":"2025-06-02T17:38:31","date_gmt":"2025-06-02T20:38:31","guid":{"rendered":"https:\/\/www.greenpeace.org\/brasil\/?p=57560"},"modified":"2025-06-02T18:48:35","modified_gmt":"2025-06-02T21:48:35","slug":"manifestacoes-contra-pl-da-devastacao-ocupam-capitais-brasileiras","status":"publish","type":"post","link":"https:\/\/www.greenpeace.org\/brasil\/blog\/manifestacoes-contra-pl-da-devastacao-ocupam-capitais-brasileiras\/","title":{"rendered":"Manifesta\u00e7\u00f5es contra PL da Devasta\u00e7\u00e3o ocupam capitais brasileiras"},"content":{"rendered":"\n<p><em>Milhares de pessoas foram \u00e0s ruas para denunciar impactos do projeto de lei que implode o licenciamento ambiental brasileiro<\/em><br><\/p>\n\n<figure class=\"wp-block-image size-large\"><img loading=\"lazy\" decoding=\"async\" width=\"1024\" height=\"683\" src=\"https:\/\/www.greenpeace.org\/static\/planet4-brasil-stateless\/2025\/06\/05997f19-dmk0114-1024x683.jpg\" alt=\"\" class=\"wp-image-57562\" srcset=\"https:\/\/www.greenpeace.org\/static\/planet4-brasil-stateless\/2025\/06\/05997f19-dmk0114-1024x683.jpg 1024w, https:\/\/www.greenpeace.org\/static\/planet4-brasil-stateless\/2025\/06\/05997f19-dmk0114-300x200.jpg 300w, https:\/\/www.greenpeace.org\/static\/planet4-brasil-stateless\/2025\/06\/05997f19-dmk0114-768x512.jpg 768w, https:\/\/www.greenpeace.org\/static\/planet4-brasil-stateless\/2025\/06\/05997f19-dmk0114-1536x1024.jpg 1536w, https:\/\/www.greenpeace.org\/static\/planet4-brasil-stateless\/2025\/06\/05997f19-dmk0114-2048x1366.jpg 2048w, https:\/\/www.greenpeace.org\/static\/planet4-brasil-stateless\/2025\/06\/05997f19-dmk0114-510x340.jpg 510w\" sizes=\"auto, (max-width: 1024px) 100vw, 1024px\" \/><figcaption class=\"wp-element-caption\">\u00a9 <em>Greenpeace Brasil \/ Victor Bravo<\/em><\/figcaption><\/figure>\n\n<p class=\"has-text-align-left\">A resposta contra a aprova\u00e7\u00e3o do PL 2159\/2021 pelo Senado brasileiro na semana passada veio das ruas: milhares de pessoas participaram de manifesta\u00e7\u00f5es no \u00faltimo domingo (1\u00ba) para recha\u00e7ar o projeto de lei que<strong> flexibiliza drasticamente o licenciamento ambiental brasileiro.<\/strong><\/p>\n\n<p class=\"has-text-align-left\">Atos foram registrados em Belo Horizonte, Goi\u00e1s, Porto Alegre, Manaus, S\u00e3o Paulo, Rio de Janeiro, Curitiba, Bras\u00edlia e Salvador. Entre os pontos mais cr\u00edticos da proposta, j\u00e1 conhecida como a <strong>\u201cm\u00e3e de todas as boiadas\u201d,<\/strong> est\u00e1 a Licen\u00e7a por Ades\u00e3o e Compromisso (LAC), que permite que empreendimentos com poss\u00edveis impactos socioambientais se \u201cautolicenciem\u201d por meio de formul\u00e1rios online.<\/p>\n\n<p class=\"has-text-align-left\">O projeto tamb\u00e9m amea\u00e7a \u00e1reas sens\u00edveis, como terras ind\u00edgenas n\u00e3o homologadas ou Unidades de Conserva\u00e7\u00e3o pr\u00f3ximas a empreendimentos ao permitir que obras aconte\u00e7am sem consulta pr\u00e9via \u00e0s comunidades afetadas, desrespeitando conven\u00e7\u00f5es internacionais (como a OIT 169).&nbsp;<\/p>\n\n<div class=\"wp-block-buttons is-content-justification-center is-layout-flex wp-container-core-buttons-is-layout-16018d1d wp-block-buttons-is-layout-flex\">\n<div class=\"wp-block-button is-style-secondary\"><a class=\"wp-block-button__link has-text-align-center wp-element-button\" href=\"http:\/\/PLDADEVASTACAO.ORG\"><strong>ACESSE <\/strong><strong>E FORTALE\u00c7A A MOBILIZA\u00c7\u00c3O<\/strong><\/a><\/div>\n<\/div>\n\n<p>Caso o PL seja aprovado, cursos d\u2019\u00e1guas e rios tamb\u00e9m podem ser polu\u00eddos e impactados em n\u00edvel nacional. O PL permite ainda que algumas atividades agropecu\u00e1rias aconte\u00e7am&nbsp; sem o licenciamento adequado, sem a apresenta\u00e7\u00e3o de estudos de impacto e de condicionantes socioambientais&nbsp;<strong> &#8211; o que pode aumentar ainda mais o desmatamento na Amaz\u00f4nia e em outros biomas.<br><\/strong><br>Os volunt\u00e1rios do Greenpeace Brasil participaram em peso das mobiliza\u00e7\u00f5es de rua. Ruan Navarro, do grupo local de volunt\u00e1rios de Jo\u00e3o Pessoa, na Para\u00edba, relata como foi o protesto e ressalta a relev\u00e2ncia da mobiliza\u00e7\u00e3o nas ruas.<\/p>\n\n<p>\u201cFoi incr\u00edvel a experi\u00eancia de mobilizar a popula\u00e7\u00e3o da nossa cidade, reunindo colegas da \u00e1rea cient\u00edfica, acad\u00eamica e de outros movimentos socioambientais que puderam dar voz a essa luta extremamente importante\u201d, afirma Navarro.<br><br>\u201cEsse PL visa desestruturar toda a pol\u00edtica de licen\u00e7a ambiental do pa\u00eds, colocando em risco a exist\u00eancia de povos origin\u00e1rios, de nossas reservas, de nossos rios, das praias e do meio ambiente como todo. Nosso bem-comum\u201d, alerta o volunt\u00e1rio.<\/p>\n<div data-hydrate=\"planet4-blocks\/gallery\" data-attributes=\"{&quot;attributes&quot;:{&quot;multiple_image&quot;:&quot;57580,57575,57578,57576,57579,57567,57581,57574,57573&quot;,&quot;image_data&quot;:[{&quot;url&quot;:&quot;https:\\\/\\\/www.greenpeace.org\\\/static\\\/planet4-brasil-stateless\\\/2025\\\/06\\\/ab7e5c0c-503024616_18509087455061562_3899488378199990334_n.jpg&quot;,&quot;focalPoint&quot;:{&quot;x&quot;:0.5,&quot;y&quot;:0.5},&quot;id&quot;:57580},{&quot;url&quot;:&quot;https:\\\/\\\/www.greenpeace.org\\\/static\\\/planet4-brasil-stateless\\\/2025\\\/06\\\/ab7e5c0c-503172066_18509087491061562_8289080700974197943_n.jpg&quot;,&quot;focalPoint&quot;:{&quot;x&quot;:0.5,&quot;y&quot;:0.5},&quot;id&quot;:57575},{&quot;url&quot;:&quot;https:\\\/\\\/www.greenpeace.org\\\/static\\\/planet4-brasil-stateless\\\/2025\\\/06\\\/ab7e5c0c-503028936_18509087527061562_5616506775856576770_n.jpg&quot;,&quot;focalPoint&quot;:{&quot;x&quot;:0.5,&quot;y&quot;:0.5},&quot;id&quot;:57578},{&quot;url&quot;:&quot;https:\\\/\\\/www.greenpeace.org\\\/static\\\/planet4-brasil-stateless\\\/2025\\\/06\\\/ab7e5c0c-501979412_18509087482061562_5246819592101218810_n.jpg&quot;,&quot;focalPoint&quot;:{&quot;x&quot;:0.5,&quot;y&quot;:0.5},&quot;id&quot;:57576},{&quot;url&quot;:&quot;https:\\\/\\\/www.greenpeace.org\\\/static\\\/planet4-brasil-stateless\\\/2025\\\/06\\\/ab7e5c0c-502402610_18509087536061562_774758082063160891_n.jpg&quot;,&quot;focalPoint&quot;:{&quot;x&quot;:0.5,&quot;y&quot;:0.5},&quot;id&quot;:57579},{&quot;url&quot;:&quot;https:\\\/\\\/www.greenpeace.org\\\/static\\\/planet4-brasil-stateless\\\/2025\\\/06\\\/64f104fc-dmk9853-1-scaled.jpg&quot;,&quot;focalPoint&quot;:{&quot;x&quot;:0.5,&quot;y&quot;:0.5},&quot;id&quot;:57567},{&quot;url&quot;:&quot;https:\\\/\\\/www.greenpeace.org\\\/static\\\/planet4-brasil-stateless\\\/2025\\\/06\\\/ab7e5c0c-503655453_18509087518061562_5312012245978023475_n.jpg&quot;,&quot;focalPoint&quot;:{&quot;x&quot;:0.5,&quot;y&quot;:0.5},&quot;id&quot;:57581},{&quot;url&quot;:&quot;https:\\\/\\\/www.greenpeace.org\\\/static\\\/planet4-brasil-stateless\\\/2025\\\/06\\\/ab7e5c0c-503129883_18509087545061562_3658809449321345807_n.jpg&quot;,&quot;focalPoint&quot;:{&quot;x&quot;:0.5,&quot;y&quot;:0.5},&quot;id&quot;:57574},{&quot;url&quot;:&quot;https:\\\/\\\/www.greenpeace.org\\\/static\\\/planet4-brasil-stateless\\\/2025\\\/06\\\/ab7e5c0c-503035195_18509087554061562_2491930577626271048_n.jpg&quot;,&quot;focalPoint&quot;:{&quot;x&quot;:0.5,&quot;y&quot;:0.5},&quot;id&quot;:57573}],&quot;className&quot;:&quot;is-style-slider&quot;,&quot;gallery_block_style&quot;:0,&quot;gallery_block_title&quot;:&quot;&quot;,&quot;gallery_block_description&quot;:&quot;&quot;,&quot;gallery_block_focus_points&quot;:&quot;&quot;,&quot;images&quot;:[{&quot;image_src&quot;:&quot;https:\\\/\\\/www.greenpeace.org\\\/static\\\/planet4-brasil-stateless\\\/2025\\\/06\\\/ab7e5c0c-503024616_18509087455061562_3899488378199990334_n.jpg&quot;,&quot;image_srcset&quot;:&quot;https:\\\/\\\/www.greenpeace.org\\\/static\\\/planet4-brasil-stateless\\\/2025\\\/06\\\/ab7e5c0c-503024616_18509087455061562_3899488378199990334_n.jpg 1080w, https:\\\/\\\/www.greenpeace.org\\\/static\\\/planet4-brasil-stateless\\\/2025\\\/06\\\/ab7e5c0c-503024616_18509087455061562_3899488378199990334_n-300x300.jpg 300w, https:\\\/\\\/www.greenpeace.org\\\/static\\\/planet4-brasil-stateless\\\/2025\\\/06\\\/ab7e5c0c-503024616_18509087455061562_3899488378199990334_n-1024x1024.jpg 1024w, https:\\\/\\\/www.greenpeace.org\\\/static\\\/planet4-brasil-stateless\\\/2025\\\/06\\\/ab7e5c0c-503024616_18509087455061562_3899488378199990334_n-150x150.jpg 150w, https:\\\/\\\/www.greenpeace.org\\\/static\\\/planet4-brasil-stateless\\\/2025\\\/06\\\/ab7e5c0c-503024616_18509087455061562_3899488378199990334_n-768x768.jpg 768w, https:\\\/\\\/www.greenpeace.org\\\/static\\\/planet4-brasil-stateless\\\/2025\\\/06\\\/ab7e5c0c-503024616_18509087455061562_3899488378199990334_n-340x340.jpg 340w&quot;,&quot;image_sizes&quot;:false,&quot;alt_text&quot;:&quot;&quot;,&quot;caption&quot;:&quot;&quot;,&quot;focus_image&quot;:&quot;&quot;,&quot;credits&quot;:&quot;&quot;},{&quot;image_src&quot;:&quot;https:\\\/\\\/www.greenpeace.org\\\/static\\\/planet4-brasil-stateless\\\/2025\\\/06\\\/ab7e5c0c-503172066_18509087491061562_8289080700974197943_n.jpg&quot;,&quot;image_srcset&quot;:&quot;https:\\\/\\\/www.greenpeace.org\\\/static\\\/planet4-brasil-stateless\\\/2025\\\/06\\\/ab7e5c0c-503172066_18509087491061562_8289080700974197943_n.jpg 1080w, https:\\\/\\\/www.greenpeace.org\\\/static\\\/planet4-brasil-stateless\\\/2025\\\/06\\\/ab7e5c0c-503172066_18509087491061562_8289080700974197943_n-300x300.jpg 300w, https:\\\/\\\/www.greenpeace.org\\\/static\\\/planet4-brasil-stateless\\\/2025\\\/06\\\/ab7e5c0c-503172066_18509087491061562_8289080700974197943_n-1024x1024.jpg 1024w, https:\\\/\\\/www.greenpeace.org\\\/static\\\/planet4-brasil-stateless\\\/2025\\\/06\\\/ab7e5c0c-503172066_18509087491061562_8289080700974197943_n-150x150.jpg 150w, https:\\\/\\\/www.greenpeace.org\\\/static\\\/planet4-brasil-stateless\\\/2025\\\/06\\\/ab7e5c0c-503172066_18509087491061562_8289080700974197943_n-768x768.jpg 768w, https:\\\/\\\/www.greenpeace.org\\\/static\\\/planet4-brasil-stateless\\\/2025\\\/06\\\/ab7e5c0c-503172066_18509087491061562_8289080700974197943_n-340x340.jpg 340w&quot;,&quot;image_sizes&quot;:false,&quot;alt_text&quot;:&quot;&quot;,&quot;caption&quot;:&quot;&quot;,&quot;focus_image&quot;:&quot;&quot;,&quot;credits&quot;:&quot;&quot;},{&quot;image_src&quot;:&quot;https:\\\/\\\/www.greenpeace.org\\\/static\\\/planet4-brasil-stateless\\\/2025\\\/06\\\/ab7e5c0c-503028936_18509087527061562_5616506775856576770_n.jpg&quot;,&quot;image_srcset&quot;:&quot;https:\\\/\\\/www.greenpeace.org\\\/static\\\/planet4-brasil-stateless\\\/2025\\\/06\\\/ab7e5c0c-503028936_18509087527061562_5616506775856576770_n.jpg 1080w, https:\\\/\\\/www.greenpeace.org\\\/static\\\/planet4-brasil-stateless\\\/2025\\\/06\\\/ab7e5c0c-503028936_18509087527061562_5616506775856576770_n-300x300.jpg 300w, https:\\\/\\\/www.greenpeace.org\\\/static\\\/planet4-brasil-stateless\\\/2025\\\/06\\\/ab7e5c0c-503028936_18509087527061562_5616506775856576770_n-1024x1024.jpg 1024w, https:\\\/\\\/www.greenpeace.org\\\/static\\\/planet4-brasil-stateless\\\/2025\\\/06\\\/ab7e5c0c-503028936_18509087527061562_5616506775856576770_n-150x150.jpg 150w, https:\\\/\\\/www.greenpeace.org\\\/static\\\/planet4-brasil-stateless\\\/2025\\\/06\\\/ab7e5c0c-503028936_18509087527061562_5616506775856576770_n-768x768.jpg 768w, https:\\\/\\\/www.greenpeace.org\\\/static\\\/planet4-brasil-stateless\\\/2025\\\/06\\\/ab7e5c0c-503028936_18509087527061562_5616506775856576770_n-340x340.jpg 340w&quot;,&quot;image_sizes&quot;:false,&quot;alt_text&quot;:&quot;&quot;,&quot;caption&quot;:&quot;&quot;,&quot;focus_image&quot;:&quot;&quot;,&quot;credits&quot;:&quot;&quot;},{&quot;image_src&quot;:&quot;https:\\\/\\\/www.greenpeace.org\\\/static\\\/planet4-brasil-stateless\\\/2025\\\/06\\\/ab7e5c0c-501979412_18509087482061562_5246819592101218810_n.jpg&quot;,&quot;image_srcset&quot;:&quot;https:\\\/\\\/www.greenpeace.org\\\/static\\\/planet4-brasil-stateless\\\/2025\\\/06\\\/ab7e5c0c-501979412_18509087482061562_5246819592101218810_n.jpg 1080w, https:\\\/\\\/www.greenpeace.org\\\/static\\\/planet4-brasil-stateless\\\/2025\\\/06\\\/ab7e5c0c-501979412_18509087482061562_5246819592101218810_n-300x300.jpg 300w, https:\\\/\\\/www.greenpeace.org\\\/static\\\/planet4-brasil-stateless\\\/2025\\\/06\\\/ab7e5c0c-501979412_18509087482061562_5246819592101218810_n-1024x1024.jpg 1024w, https:\\\/\\\/www.greenpeace.org\\\/static\\\/planet4-brasil-stateless\\\/2025\\\/06\\\/ab7e5c0c-501979412_18509087482061562_5246819592101218810_n-150x150.jpg 150w, https:\\\/\\\/www.greenpeace.org\\\/static\\\/planet4-brasil-stateless\\\/2025\\\/06\\\/ab7e5c0c-501979412_18509087482061562_5246819592101218810_n-768x768.jpg 768w, https:\\\/\\\/www.greenpeace.org\\\/static\\\/planet4-brasil-stateless\\\/2025\\\/06\\\/ab7e5c0c-501979412_18509087482061562_5246819592101218810_n-340x340.jpg 340w&quot;,&quot;image_sizes&quot;:false,&quot;alt_text&quot;:&quot;&quot;,&quot;caption&quot;:&quot;&quot;,&quot;focus_image&quot;:&quot;&quot;,&quot;credits&quot;:&quot;&quot;},{&quot;image_src&quot;:&quot;https:\\\/\\\/www.greenpeace.org\\\/static\\\/planet4-brasil-stateless\\\/2025\\\/06\\\/ab7e5c0c-502402610_18509087536061562_774758082063160891_n.jpg&quot;,&quot;image_srcset&quot;:&quot;https:\\\/\\\/www.greenpeace.org\\\/static\\\/planet4-brasil-stateless\\\/2025\\\/06\\\/ab7e5c0c-502402610_18509087536061562_774758082063160891_n.jpg 902w, https:\\\/\\\/www.greenpeace.org\\\/static\\\/planet4-brasil-stateless\\\/2025\\\/06\\\/ab7e5c0c-502402610_18509087536061562_774758082063160891_n-300x300.jpg 300w, https:\\\/\\\/www.greenpeace.org\\\/static\\\/planet4-brasil-stateless\\\/2025\\\/06\\\/ab7e5c0c-502402610_18509087536061562_774758082063160891_n-150x150.jpg 150w, https:\\\/\\\/www.greenpeace.org\\\/static\\\/planet4-brasil-stateless\\\/2025\\\/06\\\/ab7e5c0c-502402610_18509087536061562_774758082063160891_n-768x768.jpg 768w, https:\\\/\\\/www.greenpeace.org\\\/static\\\/planet4-brasil-stateless\\\/2025\\\/06\\\/ab7e5c0c-502402610_18509087536061562_774758082063160891_n-340x340.jpg 340w&quot;,&quot;image_sizes&quot;:false,&quot;alt_text&quot;:&quot;&quot;,&quot;caption&quot;:&quot;&quot;,&quot;focus_image&quot;:&quot;&quot;,&quot;credits&quot;:&quot;&quot;},{&quot;image_src&quot;:&quot;https:\\\/\\\/www.greenpeace.org\\\/static\\\/planet4-brasil-stateless\\\/2025\\\/06\\\/64f104fc-dmk9853-1-scaled.jpg&quot;,&quot;image_srcset&quot;:&quot;https:\\\/\\\/www.greenpeace.org\\\/static\\\/planet4-brasil-stateless\\\/2025\\\/06\\\/64f104fc-dmk9853-1-scaled.jpg 2560w, https:\\\/\\\/www.greenpeace.org\\\/static\\\/planet4-brasil-stateless\\\/2025\\\/06\\\/64f104fc-dmk9853-1-300x170.jpg 300w, https:\\\/\\\/www.greenpeace.org\\\/static\\\/planet4-brasil-stateless\\\/2025\\\/06\\\/64f104fc-dmk9853-1-1024x579.jpg 1024w, https:\\\/\\\/www.greenpeace.org\\\/static\\\/planet4-brasil-stateless\\\/2025\\\/06\\\/64f104fc-dmk9853-1-768x435.jpg 768w, https:\\\/\\\/www.greenpeace.org\\\/static\\\/planet4-brasil-stateless\\\/2025\\\/06\\\/64f104fc-dmk9853-1-1536x869.jpg 1536w, https:\\\/\\\/www.greenpeace.org\\\/static\\\/planet4-brasil-stateless\\\/2025\\\/06\\\/64f104fc-dmk9853-1-2048x1159.jpg 2048w, https:\\\/\\\/www.greenpeace.org\\\/static\\\/planet4-brasil-stateless\\\/2025\\\/06\\\/64f104fc-dmk9853-1-510x289.jpg 510w&quot;,&quot;image_sizes&quot;:false,&quot;alt_text&quot;:&quot;&quot;,&quot;caption&quot;:&quot;&quot;,&quot;focus_image&quot;:&quot;&quot;,&quot;credits&quot;:&quot;&quot;},{&quot;image_src&quot;:&quot;https:\\\/\\\/www.greenpeace.org\\\/static\\\/planet4-brasil-stateless\\\/2025\\\/06\\\/ab7e5c0c-503655453_18509087518061562_5312012245978023475_n.jpg&quot;,&quot;image_srcset&quot;:&quot;https:\\\/\\\/www.greenpeace.org\\\/static\\\/planet4-brasil-stateless\\\/2025\\\/06\\\/ab7e5c0c-503655453_18509087518061562_5312012245978023475_n.jpg 1080w, https:\\\/\\\/www.greenpeace.org\\\/static\\\/planet4-brasil-stateless\\\/2025\\\/06\\\/ab7e5c0c-503655453_18509087518061562_5312012245978023475_n-300x300.jpg 300w, https:\\\/\\\/www.greenpeace.org\\\/static\\\/planet4-brasil-stateless\\\/2025\\\/06\\\/ab7e5c0c-503655453_18509087518061562_5312012245978023475_n-1024x1024.jpg 1024w, https:\\\/\\\/www.greenpeace.org\\\/static\\\/planet4-brasil-stateless\\\/2025\\\/06\\\/ab7e5c0c-503655453_18509087518061562_5312012245978023475_n-150x150.jpg 150w, https:\\\/\\\/www.greenpeace.org\\\/static\\\/planet4-brasil-stateless\\\/2025\\\/06\\\/ab7e5c0c-503655453_18509087518061562_5312012245978023475_n-768x768.jpg 768w, https:\\\/\\\/www.greenpeace.org\\\/static\\\/planet4-brasil-stateless\\\/2025\\\/06\\\/ab7e5c0c-503655453_18509087518061562_5312012245978023475_n-340x340.jpg 340w&quot;,&quot;image_sizes&quot;:false,&quot;alt_text&quot;:&quot;&quot;,&quot;caption&quot;:&quot;&quot;,&quot;focus_image&quot;:&quot;&quot;,&quot;credits&quot;:&quot;&quot;},{&quot;image_src&quot;:&quot;https:\\\/\\\/www.greenpeace.org\\\/static\\\/planet4-brasil-stateless\\\/2025\\\/06\\\/ab7e5c0c-503129883_18509087545061562_3658809449321345807_n.jpg&quot;,&quot;image_srcset&quot;:&quot;https:\\\/\\\/www.greenpeace.org\\\/static\\\/planet4-brasil-stateless\\\/2025\\\/06\\\/ab7e5c0c-503129883_18509087545061562_3658809449321345807_n.jpg 1080w, https:\\\/\\\/www.greenpeace.org\\\/static\\\/planet4-brasil-stateless\\\/2025\\\/06\\\/ab7e5c0c-503129883_18509087545061562_3658809449321345807_n-300x300.jpg 300w, https:\\\/\\\/www.greenpeace.org\\\/static\\\/planet4-brasil-stateless\\\/2025\\\/06\\\/ab7e5c0c-503129883_18509087545061562_3658809449321345807_n-1024x1024.jpg 1024w, https:\\\/\\\/www.greenpeace.org\\\/static\\\/planet4-brasil-stateless\\\/2025\\\/06\\\/ab7e5c0c-503129883_18509087545061562_3658809449321345807_n-150x150.jpg 150w, https:\\\/\\\/www.greenpeace.org\\\/static\\\/planet4-brasil-stateless\\\/2025\\\/06\\\/ab7e5c0c-503129883_18509087545061562_3658809449321345807_n-768x768.jpg 768w, https:\\\/\\\/www.greenpeace.org\\\/static\\\/planet4-brasil-stateless\\\/2025\\\/06\\\/ab7e5c0c-503129883_18509087545061562_3658809449321345807_n-340x340.jpg 340w&quot;,&quot;image_sizes&quot;:false,&quot;alt_text&quot;:&quot;&quot;,&quot;caption&quot;:&quot;&quot;,&quot;focus_image&quot;:&quot;&quot;,&quot;credits&quot;:&quot;&quot;},{&quot;image_src&quot;:&quot;https:\\\/\\\/www.greenpeace.org\\\/static\\\/planet4-brasil-stateless\\\/2025\\\/06\\\/ab7e5c0c-503035195_18509087554061562_2491930577626271048_n.jpg&quot;,&quot;image_srcset&quot;:&quot;https:\\\/\\\/www.greenpeace.org\\\/static\\\/planet4-brasil-stateless\\\/2025\\\/06\\\/ab7e5c0c-503035195_18509087554061562_2491930577626271048_n.jpg 1080w, https:\\\/\\\/www.greenpeace.org\\\/static\\\/planet4-brasil-stateless\\\/2025\\\/06\\\/ab7e5c0c-503035195_18509087554061562_2491930577626271048_n-300x300.jpg 300w, https:\\\/\\\/www.greenpeace.org\\\/static\\\/planet4-brasil-stateless\\\/2025\\\/06\\\/ab7e5c0c-503035195_18509087554061562_2491930577626271048_n-1024x1024.jpg 1024w, https:\\\/\\\/www.greenpeace.org\\\/static\\\/planet4-brasil-stateless\\\/2025\\\/06\\\/ab7e5c0c-503035195_18509087554061562_2491930577626271048_n-150x150.jpg 150w, https:\\\/\\\/www.greenpeace.org\\\/static\\\/planet4-brasil-stateless\\\/2025\\\/06\\\/ab7e5c0c-503035195_18509087554061562_2491930577626271048_n-768x768.jpg 768w, https:\\\/\\\/www.greenpeace.org\\\/static\\\/planet4-brasil-stateless\\\/2025\\\/06\\\/ab7e5c0c-503035195_18509087554061562_2491930577626271048_n-340x340.jpg 340w&quot;,&quot;image_sizes&quot;:false,&quot;alt_text&quot;:&quot;&quot;,&quot;caption&quot;:&quot;&quot;,&quot;focus_image&quot;:&quot;&quot;,&quot;credits&quot;:&quot;&quot;}]}}\"><section class=\"block carousel-wrap is-style-slider\"><\/section><\/div>\n<p>Ocupar as ruas tamb\u00e9m foi fundamental para mostrar a for\u00e7a da mobiliza\u00e7\u00e3o, avalia Carmem T\u00e2nia, volunt\u00e1ria que saiu de Senador Canedo, em Goi\u00e1s, para participar do ato em Goi\u00e2nia.<\/p>\n\n<p>Para ela foi gratificante ouvir acad\u00eamicos, universit\u00e1rios e outras organiza\u00e7\u00f5es ambientais se posicionando e explicando os impactos do PL.<\/p>\n\n<p> \u201cVoltei pra casa mais confiante, sabendo que existem mais pessoas interessadas na prote\u00e7\u00e3o da fauna e da flora. Isso me deixou animada. N\u00e3o s\u00e3o pessoas que t\u00eam interesses pol\u00edticos e dinheiro, e sim na natureza\u201d, celebra.<\/p>\n\n<p><strong>A luta continua<\/strong><\/p>\n\n<p>Ao lado da sociedade civil, intensamente mobilizada para barrar esse retrocesso, o Greenpeace Brasil defende que para uma lei de licenciamento ambiental s\u00e9ria \u00e9 preciso debates e an\u00e1lises cuidadosas antes de qualquer decis\u00e3o, o que n\u00e3o ocorreu no PL 2159\/21.<br><br>\u201c<strong><em>A C\u00e2mara dos Deputados \u00e9 a Casa do Povo. Este \u00e9 um momento importante para honrar esse t\u00edtulo. Por isso pedimos que Hugo Motta, presidente da C\u00e2mara, n\u00e3o coloque o PL do licenciamento em pauta\u201d, argumenta Gabriela Nemopoceno, do tipo pol\u00edtico do Greenpeace Brasil.<\/em><\/strong><br><br>\u201cN\u00e3o podemos avan\u00e7ar no erro que \u00e9 esse projeto. \u00c9 urgente a constru\u00e7\u00e3o de uma lei de licenciamento ambiental com todos na mesa, em que a voz popular seja ouvida\u201d.<br><br>Especialistas independentes da Organiza\u00e7\u00e3o das Na\u00e7\u00f5es Unidas (ONU), <a href=\"https:\/\/brasil.un.org\/pt-br\/295525-projeto-de-lei-21592021-comunicado-de-especialistas-independentes-da-onu-ao-governo\">enviaram uma carta ao governo brasileiro no dia 26 de maio<\/a>, pontuando a gravidade do PL e alertando que as mudan\u00e7as previstas em lei podem causar danos irrevers\u00edveis ao meio ambiente, aumentar a polui\u00e7\u00e3o e violar direitos de ind\u00edgenas, quilombolas e comunidades rurais. \u200b<\/p>\n\n<p>O documento ainda enfatiza que o Projeto de Lei 2159\/2021 contradiz compromissos internacionais do Brasil tanto sobre direitos humanos quanto sobre meio ambiente, dificultando o acesso das comunidades afetadas \u00e0 justi\u00e7a e \u00e0 repara\u00e7\u00e3o e esvaziando a responsabilidade empresarial em caso de trag\u00e9dias.<\/p>\n\n<p><strong>Solidariedade a Marina Silva<\/strong><br><br>Al\u00e9m de demarcar um posicionamento contr\u00e1rio ao PL da Devasta\u00e7\u00e3o, as manifesta\u00e7\u00f5es tamb\u00e9m repudiaram as falas machistas de senadores contra a ministra Marina Silva, em epis\u00f3dio lament\u00e1vel ocorrido tamb\u00e9m na semana passada.<br><br>Na ocasi\u00e3o, o Greenpeace Brasil tamb\u00e9m se manifestou em solidariedade a Marina.<br><br>\u201cMinistra de Estado, com not\u00f3ria carreira p\u00fablica e em defesa do meio ambiente, Marina e qualquer mulher que deve ser respeitada acima de qualquer disputa pol\u00edtica.<\/p>\n\n<p>E respeito n\u00e3o se limita ao g\u00eanero. Ofensas a uma importante representante de governo s\u00e3o inaceit\u00e1veis. O plen\u00e1rio do Senado, com parlamentares eleitos pela popula\u00e7\u00e3o, deveria ter a discuss\u00e3o democr\u00e1tica e respeitosa como premissa\u201d, registrou o<a href=\"https:\/\/www.greenpeace.org\/brasil\/blog\/greenpeace-brasil-repudia-falas-machistas-e-desrespeitosas-contra-a-ministra-marina-silva\/\"> posicionamento.<\/a><\/p>\n","protected":false},"excerpt":{"rendered":"<p>Milhares de pessoas foram \u00e0s ruas para denunciar impactos do projeto de lei que implode o licenciamento ambiental brasileiro no \u00faltimo 1\u00ba de junho.<\/p>\n","protected":false},"author":98,"featured_media":57567,"comment_status":"open","ping_status":"closed","sticky":false,"template":"","format":"standard","meta":{"ep_exclude_from_search":false,"p4_og_title":"","p4_og_description":"","p4_og_image":"","p4_og_image_id":"","p4_seo_canonical_url":"","p4_campaign_name":"","p4_local_project":"","p4_basket_name":"","p4_department":"","footnotes":""},"categories":[5],"tags":[50],"p4-page-type":[16],"class_list":["post-57560","post","type-post","status-publish","format-standard","has-post-thumbnail","hentry","category-greenpeace","tag-institucional","p4-page-type-blog"],"_links":{"self":[{"href":"https:\/\/www.greenpeace.org\/brasil\/wp-json\/wp\/v2\/posts\/57560","targetHints":{"allow":["GET"]}}],"collection":[{"href":"https:\/\/www.greenpeace.org\/brasil\/wp-json\/wp\/v2\/posts"}],"about":[{"href":"https:\/\/www.greenpeace.org\/brasil\/wp-json\/wp\/v2\/types\/post"}],"author":[{"embeddable":true,"href":"https:\/\/www.greenpeace.org\/brasil\/wp-json\/wp\/v2\/users\/98"}],"replies":[{"embeddable":true,"href":"https:\/\/www.greenpeace.org\/brasil\/wp-json\/wp\/v2\/comments?post=57560"}],"version-history":[{"count":8,"href":"https:\/\/www.greenpeace.org\/brasil\/wp-json\/wp\/v2\/posts\/57560\/revisions"}],"predecessor-version":[{"id":57588,"href":"https:\/\/www.greenpeace.org\/brasil\/wp-json\/wp\/v2\/posts\/57560\/revisions\/57588"}],"wp:featuredmedia":[{"embeddable":true,"href":"https:\/\/www.greenpeace.org\/brasil\/wp-json\/wp\/v2\/media\/57567"}],"wp:attachment":[{"href":"https:\/\/www.greenpeace.org\/brasil\/wp-json\/wp\/v2\/media?parent=57560"}],"wp:term":[{"taxonomy":"category","embeddable":true,"href":"https:\/\/www.greenpeace.org\/brasil\/wp-json\/wp\/v2\/categories?post=57560"},{"taxonomy":"post_tag","embeddable":true,"href":"https:\/\/www.greenpeace.org\/brasil\/wp-json\/wp\/v2\/tags?post=57560"},{"taxonomy":"p4-page-type","embeddable":true,"href":"https:\/\/www.greenpeace.org\/brasil\/wp-json\/wp\/v2\/p4-page-type?post=57560"}],"curies":[{"name":"wp","href":"https:\/\/api.w.org\/{rel}","templated":true}]}}