{"id":57805,"date":"2025-06-13T16:20:49","date_gmt":"2025-06-13T19:20:49","guid":{"rendered":"https:\/\/www.greenpeace.org\/brasil\/?p=57805"},"modified":"2025-06-13T17:15:02","modified_gmt":"2025-06-13T20:15:02","slug":"novo-leilao-de-blocos-de-petroleo-da-anp-colocara-em-risco-seguranca-socioambiental-de-toda-a-costa-amazonica","status":"publish","type":"post","link":"https:\/\/www.greenpeace.org\/brasil\/blog\/novo-leilao-de-blocos-de-petroleo-da-anp-colocara-em-risco-seguranca-socioambiental-de-toda-a-costa-amazonica\/","title":{"rendered":"Novo leil\u00e3o de blocos de petr\u00f3leo da ANP colocar\u00e1 em risco seguran\u00e7a socioambiental de toda costa amaz\u00f4nica"},"content":{"rendered":"\n<p><em>Dos blocos 172 blocos que ir\u00e3o a leil\u00e3o, 47 est\u00e3o na Bacia da Foz do Amazonas, em \u00e1reas altamente sens\u00edveis do territ\u00f3rio brasileiro.<\/em> <em>Em vez de expandir  novas fronteiras petrol\u00edferas, o Brasil deveria se concentrar em tra\u00e7ar plano para se afastar dos combust\u00edveis f\u00f3sseis.\u00a0<\/em><\/p>\n\n<figure class=\"wp-block-image size-large\"><img loading=\"lazy\" decoding=\"async\" width=\"1024\" height=\"683\" src=\"https:\/\/www.greenpeace.org\/static\/planet4-brasil-stateless\/2025\/05\/0849342e-gp0stzzim_medium-res-with-credit-line-1200px-1024x683.jpg\" title=\"Imagem captada durante a Expedi\u00e7\u00e3o Costa Amaz\u00f4nica Viva, que teve com o objetivo de documentar os potenciais impactos da explora\u00e7\u00e3o de petr\u00f3leo na costa amaz\u00f4nica. Na foto se v\u00ea um pescador artesanal no barco, de chap\u00e9u vermelho, jogando sua rede na \u00e1gua.\" alt=\"Imagem captada durante a Expedi\u00e7\u00e3o Costa Amaz\u00f4nica Viva, que teve com o objetivo de documentar os potenciais impactos da explora\u00e7\u00e3o de petr\u00f3leo na costa amaz\u00f4nica. Na foto se v\u00ea um pescador artesanal no barco, de chap\u00e9u vermelho, jogando sua rede na \u00e1gua.\" class=\"wp-image-57074\" srcset=\"https:\/\/www.greenpeace.org\/static\/planet4-brasil-stateless\/2025\/05\/0849342e-gp0stzzim_medium-res-with-credit-line-1200px-1024x683.jpg 1024w, https:\/\/www.greenpeace.org\/static\/planet4-brasil-stateless\/2025\/05\/0849342e-gp0stzzim_medium-res-with-credit-line-1200px-300x200.jpg 300w, https:\/\/www.greenpeace.org\/static\/planet4-brasil-stateless\/2025\/05\/0849342e-gp0stzzim_medium-res-with-credit-line-1200px-768x512.jpg 768w, https:\/\/www.greenpeace.org\/static\/planet4-brasil-stateless\/2025\/05\/0849342e-gp0stzzim_medium-res-with-credit-line-1200px-510x340.jpg 510w, https:\/\/www.greenpeace.org\/static\/planet4-brasil-stateless\/2025\/05\/0849342e-gp0stzzim_medium-res-with-credit-line-1200px.jpg 1200w\" sizes=\"auto, (max-width: 1024px) 100vw, 1024px\" \/><figcaption class=\"wp-element-caption\"><br>O Greenpeace Brasil conduziu a Expedi\u00e7\u00e3o Costa Amaz\u00f4nica Viva para documentar os potenciais impactos da explora\u00e7\u00e3o de petr\u00f3leo na costa amaz\u00f4nica. A regi\u00e3o abriga uma biodiversidade \u00fanica, incluindo o Grande Sistema de Recifes da Amaz\u00f4nia e vastos manguezais, que s\u00e3o essenciais para as comunidades locais em termos de alimenta\u00e7\u00e3o e renda. A expedi\u00e7\u00e3o navegou pela costa do Amap\u00e1 e do Par\u00e1, colaborando com pesquisadores do Instituto de Pesquisa Cient\u00edficas e Tecnol\u00f3gicas do Estado do Amap\u00e1 (IEPA) para coletar dados sobre as correntes mar\u00edtimas e contribuir para a compreens\u00e3o e prote\u00e7\u00e3o desse ecossistema\u00a0\u00fanico.<\/figcaption><\/figure>\n\n<p>O Greenpeace Brasil v\u00ea com extrema preocupa\u00e7\u00e3o a 5\u00aa Rodada da Oferta Permanente de Blocos de Petr\u00f3leo, promovida pela Ag\u00eancia Nacional do Petr\u00f3leo (ANP) na pr\u00f3xima ter\u00e7a-feira, 17 de junho. Entre os 172 blocos que ir\u00e3o a leil\u00e3o, <strong>47 est\u00e3o localizados na Bacia da Foz do Amazonas<\/strong>, em \u00e1reas altamente sens\u00edveis do territ\u00f3rio brasileiro e adjacentes ao Bloco 59, arrematado em 2013 e em processo de licenciamento e alvo de resist\u00eancia h\u00e1 mais de uma d\u00e9cada por representar alto risco ambiental, social e clim\u00e1tico.<\/p>\n\n<p>\u201c\u00c9 inacredit\u00e1vel que, em pleno ano de COP30 no Brasil, a ANP siga com inten\u00e7\u00f5es de esburacar a costa amaz\u00f4nica, ofertando 47 novos blocos na regi\u00e3o\u201d, afirma a porta-voz de Oceanos do Greenpeace Brasil, Mariana Andrade.<\/p>\n\n<p>Al\u00e9m da Foz do Amazonas, blocos em outras quatro bacias sedimentares ser\u00e3o leiloados no dia 17: \u00a0Parecis; Potiguar; Santos e Pelotas.<\/p>\n\n<p>\u201cEnquanto dever\u00edamos estar focados em nos distanciar dos combust\u00edveis f\u00f3sseis, a ANP promove uma 5\u00aa rodada de leil\u00e3o de novos blocos de petr\u00f3leo em diferentes regi\u00f5es do Brasil, colocando em jogo a seguran\u00e7a socioambiental de toda a costa brasileira, e, em especial, a amaz\u00f4nica. Um leil\u00e3o desta magnitude certamente aprofundar\u00e1 amea\u00e7as que j\u00e1 vulnerabilizam as popula\u00e7\u00f5es costeiras e a biodiversidade marinha no Brasil\u201d, explica Andrade.<\/p>\n\n<p>Diante das mudan\u00e7as clim\u00e1ticas cada vez mais aceleradas e da <strong>contribui\u00e7\u00e3o dos combust\u00edveis f\u00f3sseis para a crise global do clima<\/strong>, o Greenpeace defende a urg\u00eancia de o Brasil tra\u00e7ar um plano concreto de transi\u00e7\u00e3o energ\u00e9tica para longe do petr\u00f3leo.<\/p>\n\n<p><strong>\u201c<\/strong>Se levarmos a s\u00e9rio a crise clim\u00e1tica e a agenda global de descarboniza\u00e7\u00e3o, a conclus\u00e3o \u00e9 evidente: os ativos de combust\u00edveis f\u00f3sseis est\u00e3o perdendo valor. Em vez de expandir para fronteiras petrol\u00edferas, o Brasil deveria se concentrar em garantir uma estrat\u00e9gia coerente e um mandato social e pol\u00edtico para se afastar dos combust\u00edveis f\u00f3sseis\u201d, pontua a porta-voz.\u00a0<\/p>\n\n<p>\u201cO Brasil, com sua sociodiversidade, sua matriz energ\u00e9tica j\u00e1 majoritariamente limpa e sua capacidade de inova\u00e7\u00e3o, pode liderar um movimento de transi\u00e7\u00e3o energ\u00e9tica justo, popular e equitativo\u201d, completa.<\/p>\n\n<p><strong>Impactos complexos<\/strong><\/p>\n\n<figure class=\"wp-block-image size-large\"><img loading=\"lazy\" decoding=\"async\" width=\"1024\" height=\"767\" src=\"https:\/\/www.greenpeace.org\/static\/planet4-brasil-stateless\/2024\/11\/644786cf-gp0styb26_medium-res-with-credit-line-1200px-1024x767.jpg\" alt=\"\" class=\"wp-image-55318\" srcset=\"https:\/\/www.greenpeace.org\/static\/planet4-brasil-stateless\/2024\/11\/644786cf-gp0styb26_medium-res-with-credit-line-1200px-1024x767.jpg 1024w, https:\/\/www.greenpeace.org\/static\/planet4-brasil-stateless\/2024\/11\/644786cf-gp0styb26_medium-res-with-credit-line-1200px-300x225.jpg 300w, https:\/\/www.greenpeace.org\/static\/planet4-brasil-stateless\/2024\/11\/644786cf-gp0styb26_medium-res-with-credit-line-1200px-768x575.jpg 768w, https:\/\/www.greenpeace.org\/static\/planet4-brasil-stateless\/2024\/11\/644786cf-gp0styb26_medium-res-with-credit-line-1200px-454x340.jpg 454w, https:\/\/www.greenpeace.org\/static\/planet4-brasil-stateless\/2024\/11\/644786cf-gp0styb26_medium-res-with-credit-line-1200px.jpg 1200w\" sizes=\"auto, (max-width: 1024px) 100vw, 1024px\" \/><figcaption class=\"wp-element-caption\"><br>Em julho de 2023, um time do Greenpeace Brasil visitou comunidades da Bacia da Foz do Amazonas (Oiapoque e Bailique) e fez registros visuais da biodiversidade local.  A regi\u00e3o est\u00e1 sendo visada pela ind\u00fastria do petr\u00f3leo.<\/figcaption><\/figure>\n\n<p>O Greenpeace tamb\u00e9m vem alertando que explorar petr\u00f3leo na Bacia da Foz do Amazonas, uma regi\u00e3o t\u00e3o sens\u00edvel da Amaz\u00f4nia \u2014 onde o conhecimento sobre a din\u00e2mica das correntes marinhas ainda \u00e9 limitado \u2014 poder\u00e1 ter impactos complexos, como colocar em risco a seguran\u00e7a alimentar tanto das comunidades que t\u00eam seus modos de vida associados ao mar, como de todo o norte do Brasil.&nbsp;<\/p>\n\n<p>Em um estudo apoiado pelo Greenpeace em 2024, boias equipadas com GPS foram soltas em diversos pontos da Bacia da Foz do Amazonas para mapear o comportamento das correntes superficiais que poderiam transportar o \u00f3leo em caso de um acidente na regi\u00e3o.  <em><a href=\"https:\/\/www.greenpeace.org\/brasil\/informe-se\/oceanos\/costa-amazonica-viva\/\">Veja o resultado deste estudo na p\u00e1gina especial Costa Amaz\u00f4nica Viva.<\/a><\/em><\/p>\n\n<p>\u201cCom os equipamentos atingindo a costa brasileira e \u00e1guas internacionais em poucas horas, foi poss\u00edvel perceber que a din\u00e2mica de correntes nesta \u00e1rea \u00e9 muito complexa e que h\u00e1 um enorme risco de um poss\u00edvel derramamento de \u00f3leo atingir as comunidades e ecossistemas costeiros muito rapidamente e causando danos irrevers\u00edveis\u201d, explica Andrade.<\/p>\n\n<p><strong>Dinheiro do petr\u00f3leo n\u00e3o ir\u00e1 acelerar transi\u00e7\u00e3o energ\u00e9tica<\/strong><\/p>\n\n<p>O petr\u00f3leo, na pr\u00e1tica, tem servido para alimentar um modelo que atrasa a transi\u00e7\u00e3o energ\u00e9tica. Al\u00e9m disso, financiar a transi\u00e7\u00e3o energ\u00e9tica com petr\u00f3leo n\u00e3o ter\u00e1 como resultado uma transi\u00e7\u00e3o justa, inclusiva, nem popular.<\/p>\n\n<p>Al\u00e9m disso, apostar no petr\u00f3leo como motor da transi\u00e7\u00e3o energ\u00e9tica contradiz os compromissos clim\u00e1ticos do Brasil, uma vez que a extra\u00e7\u00e3o de petr\u00f3leo na margem equatorial ampliaria as emiss\u00f5es de CO\u2082, distanciando o Brasil do protagonismo clim\u00e1tico global em um momento decisivo para a agenda ambiental.\u00a0<\/p>\n\n<p>\u201cO apoio por parte do governo ao projeto de explora\u00e7\u00e3o de petr\u00f3leo na Foz do Amazonas revela a aus\u00eancia de um plano concreto para uma transi\u00e7\u00e3o energ\u00e9tica justa, que inclua um cronograma claro para a elimina\u00e7\u00e3o gradual dos combust\u00edveis f\u00f3sseis e garanta pol\u00edticas efetivas que reduzam os impactos e promovam uma rela\u00e7\u00e3o mais harmoniosa, com controle social, dos projetos de energia renov\u00e1vel\u201d, diz Andrade.<\/p>\n\n<p><strong>Uso de imagens pela imprensa<\/strong><\/p>\n\n<ul class=\"wp-block-list\">\n<li><a href=\"https:\/\/media.greenpeace.org\/C.aspx?VP3=SearchResult_VPage&amp;STID=27MZIFJBEPEPE\">Imagens sobre a Foz do Amazonas<\/a>, mediante cadastro no site e uso devido dos cr\u00e9dito<\/li>\n<\/ul>\n\n<ul class=\"wp-block-list\">\n<li><a href=\"https:\/\/media.greenpeace.org\/C.aspx?VP3=SearchResult_VPage&amp;STID=27MZIFJFF1S90\">Imagens sobre comunidades pesqueiras e ribeirinhas da Foz do Amazonas<\/a>, mediante cadastro no site e uso devido dos cr\u00e9dito<\/li>\n<\/ul>\n\n<p><strong>Links importantes<\/strong> <strong>para acompanhar o leil\u00e3o<\/strong><\/p>\n\n<ul class=\"wp-block-list\">\n<li><a href=\"https:\/\/www.gov.br\/anp\/pt-br\/rodadas-anp\/oferta-permanente\/opc\/5o-ciclo-da-oferta-permanente-de-concessao\/setores-em-oferta-no-5o-ciclo\">Setores em oferta no 5\u00ba Ciclo &#8211; site da ANP<\/a> <\/li>\n\n\n\n<li><a href=\"https:\/\/www.gov.br\/anp\/pt-br\/rodadas-anp\/oferta-permanente\/opc\/5o-ciclo-da-oferta-permanente-de-concessao\/arquivos\/mapa-geral-opc5.png\">Mapa<\/a> para visualiza\u00e7\u00e3o dos blocos\u00a0<\/li>\n\n\n\n<li><a href=\"https:\/\/www.gov.br\/anp\/pt-br\/rodadas-anp\/oferta-permanente\/opc\/5o-ciclo-da-oferta-permanente-de-concessao\/relacao-de-licitantes-do-5o-ciclo-da-oferta-permanente-de-concessao\">Rela\u00e7\u00e3o das empresas licitantes do 5\u00ba ciclo da Oferta Permanente de Concess\u00e3o<\/a><\/li>\n\n\n\n<li>O leil\u00e3o no dia 17 ter\u00e1 transmiss\u00e3o ao vivo pelo <a href=\"https:\/\/www.youtube.com\/user\/ANPgovbr\">canal da ANP no YouTube<\/a><\/li>\n<\/ul>\n\n<p><br><br><\/p>\n","protected":false},"excerpt":{"rendered":"<p>Entre os blocos que ir\u00e3o a leil\u00e3o, 47 est\u00e3o na Bacia da Foz do Amazonas, em \u00e1reas altamente sens\u00edveis do territ\u00f3rio brasileiro.<\/p>\n","protected":false},"author":121,"featured_media":57074,"comment_status":"open","ping_status":"closed","sticky":false,"template":"","format":"standard","meta":{"ep_exclude_from_search":false,"p4_og_title":"","p4_og_description":"","p4_og_image":"","p4_og_image_id":"","p4_seo_canonical_url":"","p4_campaign_name":"","p4_local_project":"","p4_basket_name":"","p4_department":"","footnotes":""},"categories":[49,64],"tags":[55],"p4-page-type":[16],"class_list":["post-57805","post","type-post","status-publish","format-standard","has-post-thumbnail","hentry","category-amazonia","category-oceanos","tag-imprensa","p4-page-type-blog"],"_links":{"self":[{"href":"https:\/\/www.greenpeace.org\/brasil\/wp-json\/wp\/v2\/posts\/57805","targetHints":{"allow":["GET"]}}],"collection":[{"href":"https:\/\/www.greenpeace.org\/brasil\/wp-json\/wp\/v2\/posts"}],"about":[{"href":"https:\/\/www.greenpeace.org\/brasil\/wp-json\/wp\/v2\/types\/post"}],"author":[{"embeddable":true,"href":"https:\/\/www.greenpeace.org\/brasil\/wp-json\/wp\/v2\/users\/121"}],"replies":[{"embeddable":true,"href":"https:\/\/www.greenpeace.org\/brasil\/wp-json\/wp\/v2\/comments?post=57805"}],"version-history":[{"count":10,"href":"https:\/\/www.greenpeace.org\/brasil\/wp-json\/wp\/v2\/posts\/57805\/revisions"}],"predecessor-version":[{"id":57820,"href":"https:\/\/www.greenpeace.org\/brasil\/wp-json\/wp\/v2\/posts\/57805\/revisions\/57820"}],"wp:featuredmedia":[{"embeddable":true,"href":"https:\/\/www.greenpeace.org\/brasil\/wp-json\/wp\/v2\/media\/57074"}],"wp:attachment":[{"href":"https:\/\/www.greenpeace.org\/brasil\/wp-json\/wp\/v2\/media?parent=57805"}],"wp:term":[{"taxonomy":"category","embeddable":true,"href":"https:\/\/www.greenpeace.org\/brasil\/wp-json\/wp\/v2\/categories?post=57805"},{"taxonomy":"post_tag","embeddable":true,"href":"https:\/\/www.greenpeace.org\/brasil\/wp-json\/wp\/v2\/tags?post=57805"},{"taxonomy":"p4-page-type","embeddable":true,"href":"https:\/\/www.greenpeace.org\/brasil\/wp-json\/wp\/v2\/p4-page-type?post=57805"}],"curies":[{"name":"wp","href":"https:\/\/api.w.org\/{rel}","templated":true}]}}