{"id":58828,"date":"2025-07-04T16:10:38","date_gmt":"2025-07-04T19:10:38","guid":{"rendered":"https:\/\/www.greenpeace.org\/brasil\/?p=58828"},"modified":"2025-07-04T16:26:37","modified_gmt":"2025-07-04T19:26:37","slug":"cupula-do-brics-deve-priorizar-agenda-climatica-e-fortalecer-multilateralismo-internacional","status":"publish","type":"post","link":"https:\/\/www.greenpeace.org\/brasil\/imprensa\/cupula-do-brics-deve-priorizar-agenda-climatica-e-fortalecer-multilateralismo-internacional\/","title":{"rendered":"BRICS deve priorizar agenda clim\u00e1tica e fortalecer multilateralismo internacional"},"content":{"rendered":"\n<p><em>Ap\u00f3s avan\u00e7os t\u00edmidos na Confer\u00eancia de Bonn e resultados p\u00e9ssimos para os pa\u00edses em desenvolvimento na COP29, l\u00edderes do Brics precisam contribuir para preencher o v\u00e1cuo de lideran\u00e7a global frente \u00e0 emerg\u00eancia clim\u00e1tica.<\/em><\/p>\n\n<figure class=\"wp-block-image size-full\"><img loading=\"lazy\" decoding=\"async\" width=\"800\" height=\"599\" src=\"https:\/\/www.greenpeace.org\/static\/planet4-brasil-stateless\/2025\/01\/dcdde3a5-gp0su0uwq_low-res-800px.jpg\" alt=\"\" class=\"wp-image-55983\" srcset=\"https:\/\/www.greenpeace.org\/static\/planet4-brasil-stateless\/2025\/01\/dcdde3a5-gp0su0uwq_low-res-800px.jpg 800w, https:\/\/www.greenpeace.org\/static\/planet4-brasil-stateless\/2025\/01\/dcdde3a5-gp0su0uwq_low-res-800px-300x225.jpg 300w, https:\/\/www.greenpeace.org\/static\/planet4-brasil-stateless\/2025\/01\/dcdde3a5-gp0su0uwq_low-res-800px-768x575.jpg 768w, https:\/\/www.greenpeace.org\/static\/planet4-brasil-stateless\/2025\/01\/dcdde3a5-gp0su0uwq_low-res-800px-454x340.jpg 454w\" sizes=\"auto, (max-width: 800px) 100vw, 800px\" \/><figcaption class=\"wp-element-caption\"><br>Impacto e destrui\u00e7\u00e3o causadas pela cheia do Rio Taquari, no munic\u00edpio de Arroio do Meio, no Rio Grande do Sul, ap\u00f3s as grandes chuvas que acometeram o estado em 2024, a maior trag\u00e9dia clim\u00e1tica de sua hist\u00f3ria.<\/figcaption><\/figure>\n\n<p>H\u00e1 cerca de quatro meses do in\u00edcio da <strong><a href=\"https:\/\/www.greenpeace.org\/brasil\/tag\/cop\/\">COP30<\/a><\/strong>, a reuni\u00e3o da <strong>C\u00fapula do Brics <\/strong>no Rio de Janeiro, nos pr\u00f3ximos dias 6 e 7, representa uma oportunidade estrat\u00e9gica para que o f\u00f3rum priorize a agenda clim\u00e1tica, majoritariamente ainda deixada de lado nas suas negocia\u00e7\u00f5es.&nbsp;<\/p>\n\n<p>Diante do atual cen\u00e1rio geopol\u00edtico global desafiador e, em especial, ap\u00f3s avan\u00e7os t\u00edmidos na Confer\u00eancia de Bonn de 2025, os l\u00edderes dos Brics t\u00eam a responsabilidade de contribuir para preencher o v\u00e1cuo de lideran\u00e7a global frente \u00e0s mudan\u00e7as clim\u00e1ticas, executando compromissos e a\u00e7\u00f5es que respondam aos desafios globais da crise do clima.&nbsp;<\/p>\n\n<p>\u201cCom a retra\u00e7\u00e3o da lideran\u00e7a dos Estados Unidos e a deteriora\u00e7\u00e3o do cen\u00e1rio geopol\u00edtico internacional, o multilateralismo precisa de novos l\u00edderes que promovam o direcionamento e as reformas necess\u00e1rias para a a\u00e7\u00e3o clim\u00e1tica. Os Brics fazem parte do seleto grupo de atores capazes de assumir a lideran\u00e7a da agenda multilateral, em especial o Brasil, com a dobradinha de presid\u00eancias no Brics e na COP30, seguidas da presid\u00eancia do G20 no ano passado&#8221;, diz a especialista em pol\u00edtica internacional do Greenpeace Brasil, Camila Jardim.&nbsp;<\/p>\n\n<p><strong>Expectativa: financiamento clim\u00e1tico<\/strong><\/p>\n\n<figure class=\"wp-block-image size-large\"><img loading=\"lazy\" decoding=\"async\" width=\"1024\" height=\"731\" src=\"https:\/\/www.greenpeace.org\/static\/planet4-brasil-stateless\/2024\/11\/f156100b-gp0su3eqp_medium-res-with-credit-line-1200px-1-1024x731.jpg\" alt=\"\" class=\"wp-image-55429\" srcset=\"https:\/\/www.greenpeace.org\/static\/planet4-brasil-stateless\/2024\/11\/f156100b-gp0su3eqp_medium-res-with-credit-line-1200px-1-1024x731.jpg 1024w, https:\/\/www.greenpeace.org\/static\/planet4-brasil-stateless\/2024\/11\/f156100b-gp0su3eqp_medium-res-with-credit-line-1200px-1-300x214.jpg 300w, https:\/\/www.greenpeace.org\/static\/planet4-brasil-stateless\/2024\/11\/f156100b-gp0su3eqp_medium-res-with-credit-line-1200px-1-768x548.jpg 768w, https:\/\/www.greenpeace.org\/static\/planet4-brasil-stateless\/2024\/11\/f156100b-gp0su3eqp_medium-res-with-credit-line-1200px-1-476x340.jpg 476w, https:\/\/www.greenpeace.org\/static\/planet4-brasil-stateless\/2024\/11\/f156100b-gp0su3eqp_medium-res-with-credit-line-1200px-1.jpg 1200w\" sizes=\"auto, (max-width: 1024px) 100vw, 1024px\" \/><figcaption><div class=\"credit icon-left\"> \u00a9 Marie Jacquemin\/Greenpeace<\/div><\/figcaption><\/figure>\n\n<p>Uma das grandes expectativas da reuni\u00e3o da C\u00fapula do Brics, no Rio, \u00e9 o <a href=\"https:\/\/cop30.br\/pt-br\/noticias-da-cop30\/boletim-cop30\/30-brics-aprova-primeira-recomendacao-sobre-financiamento-climatico-rumo-a-cop30\">documento com recomenda\u00e7\u00f5es<\/a> para a agenda de <strong>financiamento clim\u00e1tico<\/strong>, apresentado no m\u00eas passado por representantes de alto n\u00edvel do f\u00f3rum.&nbsp;<\/p>\n\n<p>Se endossado pelos l\u00edderes da C\u00fapula do Brics, este documento ser\u00e1 a primeira comunica\u00e7\u00e3o conjunta do f\u00f3rum no contexto das negocia\u00e7\u00f5es do clima.&nbsp;<\/p>\n\n<p>\u201cEsperamos que os l\u00edderes do Brics assinem o documento com as recomenda\u00e7\u00f5es de financiamento clim\u00e1tico, no Rio de Janeiro, e que este seja o in\u00edcio de uma mudan\u00e7a de postura do f\u00f3rum. O mundo precisa de muito mais lideran\u00e7a na agenda clim\u00e1tica por parte dos Brics\u201d, defende Jardim.&nbsp;<\/p>\n\n<p>O Financiamento clim\u00e1tico foi o grande <a href=\"https:\/\/www.greenpeace.org\/brasil\/blog\/fazer-os-poluidores-climaticos-pagarem-as-demandas-do-greenpeace-na-cop29\/\">tema da <strong>COP29<\/strong><\/a>, em Baku, onde teve um <a href=\"https:\/\/www.greenpeace.org\/brasil\/blog\/cop29-chega-ao-fim-com-financiamento-climatico-fraco-e-insuficiente\/\">resultado p\u00e9ssimo para os pa\u00edses em desenvolvimento<\/a>. Este ano, ap\u00f3s travar as salas de negocia\u00e7\u00e3o na Confer\u00eancia de Bonn, a agenda de financiamento clim\u00e1tico dever\u00e1 retornar, mais uma vez, nas negocia\u00e7\u00f5es da COP30.&nbsp;<\/p>\n\n<p><strong>Justi\u00e7a social e crise clim\u00e1tica<\/strong><\/p>\n\n<p>Para o Greenpeace, a crise clim\u00e1tica deve ser tratada como eixo central das negocia\u00e7\u00f5es multilaterais a partir do vi\u00e9s da <strong>justi\u00e7a social<\/strong>. Avan\u00e7os no combate \u00e0 fome, no desenvolvimento do com\u00e9rcio internacional e na resolu\u00e7\u00e3o pac\u00edfica de conflitos entre os pa\u00edses &#8211; assuntos centrais na C\u00fapula dos Brics &#8211; n\u00e3o s\u00e3o vi\u00e1veis em um planeta que ruma para o colapso clim\u00e1tico.&nbsp;<\/p>\n\n<p>\u201cDaqui em diante, a agenda clim\u00e1tica deve ser a liga que sustenta e fortalece o multilateralismo em seus m\u00faltiplos formatos, j\u00e1 que \u00e9 a crise internacional que centraliza todas as demais. N\u00e3o existe paz, desenvolvimento econ\u00f4mico, combate \u00e0 fome e \u00e0 pobreza ou com\u00e9rcio internacional poss\u00edveis em um cen\u00e1rio de colapso clim\u00e1tico\u201d, afirma Jardim.<\/p>\n\n<p><strong>Minera\u00e7\u00e3o em alto-mar<\/strong><\/p>\n\n<p>Importantes assuntos relacionados \u00e0 prote\u00e7\u00e3o dos oceanos tamb\u00e9m podem aparecer nas discuss\u00f5es desta C\u00fapula, uma vez que os pa\u00edses do Brics est\u00e3o no centro dos debates sobre polui\u00e7\u00e3o por pl\u00e1stico e a minera\u00e7\u00e3o em alto-mar.&nbsp;<\/p>\n\n<p>Sobre o tema, a coordenadora de Oceanos do Greenpeace Brasil, Mariana Andrade, afirma que o Brics tem um papel importante para fortalecer o oceano como pilar de prote\u00e7\u00e3o das popula\u00e7\u00f5es mais vulner\u00e1veis do Sul Global.<\/p>\n\n<p>\u201cO oceano \u00e9 um eixo estrat\u00e9gico da diplomacia clim\u00e1tica e da coopera\u00e7\u00e3o internacional. A explora\u00e7\u00e3o irrespons\u00e1vel das profundezas do mar trairia os princ\u00edpios do multilateralismo que os pa\u00edses do BRICS t\u00eam defendido. Esta reuni\u00e3o no Rio de Janeiro \u00e9 um momento importante para o Brics se comprometer com a prote\u00e7\u00e3o global do oceano, um patrim\u00f4nio comum da humanidade, barrando a minera\u00e7\u00e3o em alto mar e se comprometendo a combater a polui\u00e7\u00e3o pl\u00e1stica\u201d, afirma Andrade.<\/p>\n\n<p>\u201cO Brasil tamb\u00e9m precisa cumprir com suas responsabilidades globais e ratificar o Tratado Global dos Oceanos, al\u00e9m de avan\u00e7ar na constru\u00e7\u00e3o de um Tratado Global de Pl\u00e1sticos ambicioso e pressionar outros membros do Brics a fazerem o mesmo\u201d, completa a porta-voz.<\/p>\n\n<figure class=\"wp-block-embed is-type-video is-provider-youtube wp-block-embed-youtube wp-embed-aspect-16-9 wp-has-aspect-ratio\"><div class=\"wp-block-embed__wrapper\">\n<iframe loading=\"lazy\" title=\"O que \u00e9 o Tratado Global dos Oceanos? - Greenpeace Explica\" width=\"500\" height=\"281\" src=\"https:\/\/www.youtube.com\/embed\/nOT8NEpvzZU?feature=oembed\" frameborder=\"0\" allow=\"accelerometer; autoplay; clipboard-write; encrypted-media; gyroscope; picture-in-picture; web-share\" referrerpolicy=\"strict-origin-when-cross-origin\" allowfullscreen><\/iframe>\n<\/div><\/figure>\n\n<p><br><\/p>\n","protected":false},"excerpt":{"rendered":"<p>Ap\u00f3s avan\u00e7os t\u00edmidos na Confer\u00eancia de Bonn e resultados p\u00e9ssimos para os pa\u00edses em desenvolvimento na COP29, l\u00edderes do Brics precisam contribuir para preencher o v\u00e1cuo de lideran\u00e7a global frente&hellip;<\/p>\n","protected":false},"author":121,"featured_media":55983,"comment_status":"open","ping_status":"closed","sticky":false,"template":"","format":"standard","meta":{"ep_exclude_from_search":false,"p4_og_title":"","p4_og_description":"","p4_og_image":"","p4_og_image_id":"","p4_seo_canonical_url":"","p4_campaign_name":"","p4_local_project":"","p4_basket_name":"","p4_department":"Imprensa ","footnotes":""},"categories":[48,64],"tags":[55,6],"p4-page-type":[14],"class_list":["post-58828","post","type-post","status-publish","format-standard","has-post-thumbnail","hentry","category-justica-climatica","category-oceanos","tag-imprensa","tag-clima","p4-page-type-imprensa"],"_links":{"self":[{"href":"https:\/\/www.greenpeace.org\/brasil\/wp-json\/wp\/v2\/posts\/58828","targetHints":{"allow":["GET"]}}],"collection":[{"href":"https:\/\/www.greenpeace.org\/brasil\/wp-json\/wp\/v2\/posts"}],"about":[{"href":"https:\/\/www.greenpeace.org\/brasil\/wp-json\/wp\/v2\/types\/post"}],"author":[{"embeddable":true,"href":"https:\/\/www.greenpeace.org\/brasil\/wp-json\/wp\/v2\/users\/121"}],"replies":[{"embeddable":true,"href":"https:\/\/www.greenpeace.org\/brasil\/wp-json\/wp\/v2\/comments?post=58828"}],"version-history":[{"count":3,"href":"https:\/\/www.greenpeace.org\/brasil\/wp-json\/wp\/v2\/posts\/58828\/revisions"}],"predecessor-version":[{"id":58832,"href":"https:\/\/www.greenpeace.org\/brasil\/wp-json\/wp\/v2\/posts\/58828\/revisions\/58832"}],"wp:featuredmedia":[{"embeddable":true,"href":"https:\/\/www.greenpeace.org\/brasil\/wp-json\/wp\/v2\/media\/55983"}],"wp:attachment":[{"href":"https:\/\/www.greenpeace.org\/brasil\/wp-json\/wp\/v2\/media?parent=58828"}],"wp:term":[{"taxonomy":"category","embeddable":true,"href":"https:\/\/www.greenpeace.org\/brasil\/wp-json\/wp\/v2\/categories?post=58828"},{"taxonomy":"post_tag","embeddable":true,"href":"https:\/\/www.greenpeace.org\/brasil\/wp-json\/wp\/v2\/tags?post=58828"},{"taxonomy":"p4-page-type","embeddable":true,"href":"https:\/\/www.greenpeace.org\/brasil\/wp-json\/wp\/v2\/p4-page-type?post=58828"}],"curies":[{"name":"wp","href":"https:\/\/api.w.org\/{rel}","templated":true}]}}