{"id":58854,"date":"2025-07-17T02:34:03","date_gmt":"2025-07-17T05:34:03","guid":{"rendered":"https:\/\/www.greenpeace.org\/brasil\/?p=58854"},"modified":"2025-07-17T20:47:01","modified_gmt":"2025-07-17T23:47:01","slug":"congresso-nacional-aprova-pl-da-devastacao","status":"publish","type":"post","link":"https:\/\/www.greenpeace.org\/brasil\/blog\/congresso-nacional-aprova-pl-da-devastacao\/","title":{"rendered":"Congresso Nacional aprova PL da Devasta\u00e7\u00e3o"},"content":{"rendered":"\n<p><strong><em>Este \u00e9 o maior retrocesso ambiental nos \u00faltimos 40 anos do Brasil, alerta Greenpeace; projeto de lei segue para san\u00e7\u00e3o presidencial<\/em><\/strong><\/p>\n\n<figure class=\"wp-block-image size-large\"><img loading=\"lazy\" decoding=\"async\" width=\"1024\" height=\"683\" src=\"https:\/\/www.greenpeace.org\/static\/planet4-brasil-stateless\/2025\/07\/f046e278-gp0su059a_medium-res-with-credit-line-1200px-1024x683.jpg\" alt=\"\" class=\"wp-image-58920\" srcset=\"https:\/\/www.greenpeace.org\/static\/planet4-brasil-stateless\/2025\/07\/f046e278-gp0su059a_medium-res-with-credit-line-1200px-1024x683.jpg 1024w, https:\/\/www.greenpeace.org\/static\/planet4-brasil-stateless\/2025\/07\/f046e278-gp0su059a_medium-res-with-credit-line-1200px-300x200.jpg 300w, https:\/\/www.greenpeace.org\/static\/planet4-brasil-stateless\/2025\/07\/f046e278-gp0su059a_medium-res-with-credit-line-1200px-768x512.jpg 768w, https:\/\/www.greenpeace.org\/static\/planet4-brasil-stateless\/2025\/07\/f046e278-gp0su059a_medium-res-with-credit-line-1200px-510x340.jpg 510w, https:\/\/www.greenpeace.org\/static\/planet4-brasil-stateless\/2025\/07\/f046e278-gp0su059a_medium-res-with-credit-line-1200px.jpg 1200w\" sizes=\"auto, (max-width: 1024px) 100vw, 1024px\" \/><figcaption class=\"wp-element-caption\">Projeto de Lei 2.159 flexibiliza as regras do licenciamento ambiental e pode expandir a destrui\u00e7\u00e3o na Amaz\u00f4nia. Na imagem, desmatamento ilegal registrado em L\u00e1brea, no Amazonas. <div class=\"credit icon-left\"> \u00a9 Marizilda Cruppe \/ Greenpeace<\/div><\/figcaption><\/figure>\n\n<p>Ap\u00f3s uma longa e conturbada sess\u00e3o, a C\u00e2mara dos Deputados aprovou o<strong> PL do Licenciamento Ambiental <\/strong>na madrugada desta quinta (17), ignorando os pedidos de ambientalistas e da sociedade civil em defesa do adiamento da vota\u00e7\u00e3o e da rediscuss\u00e3o do projeto.&nbsp;<\/p>\n\n<p>Com 267 votos a favor e 116 contra, a maioria dos parlamentares aprovou o projeto de lei, que agora segue para a san\u00e7\u00e3o do presidente Luiz In\u00e1cio Lula da Silva. Ele tem at\u00e9 15 dias para decidir sobre poss\u00edveis vetos.<\/p>\n\n<p>Diante da gravidade das altera\u00e7\u00f5es previstas no texto aprovado, que ir\u00e3o permitir, por exemplo, que grandes empresas se autodeclararem aptas a construir seus empreendimentos sem estudos pr\u00e9vios dos impactos ambientais, sem a fiscaliza\u00e7\u00e3o do poder p\u00fablico e sem ouvir popula\u00e7\u00f5es potencialmente afetadas, <strong>o Greenpeace Brasil pede que o projeto seja vetado integralmente.<\/strong><\/p>\n\n<p><strong>\u201cEste \u00e9 o maior retrocesso ambiental nos \u00faltimos 40 anos do Brasil\u201d<\/strong>, ressalta Gabriela Nepomuceno, especialista de Pol\u00edticas P\u00fablicas da organiza\u00e7\u00e3o.&nbsp;<\/p>\n\n<p>\u201cEsse resultado demonstra que nossos parlamentares est\u00e3o mais preocupados em destruir do que aprimorar a legisla\u00e7\u00e3o ambiental, esvaziando a capacidade do Estado de prevenir e mitigar os impactos de obras Brasil afora. Na pr\u00e1tica, \u00e9 como se tivessem autorizado um m\u00e9dico fazer uma grande cirurgia sem antes cursar a resid\u00eancia e sem antes consultar o paciente\u201d, critica.<\/p>\n\n<div class=\"wp-block-buttons is-horizontal is-content-justification-center is-layout-flex wp-container-core-buttons-is-layout-499968f5 wp-block-buttons-is-layout-flex\">\n<div class=\"wp-block-button has-custom-width wp-block-button__width-50\"><a class=\"wp-block-button__link has-grey-900-color has-action-yellow-background-color has-text-color has-background has-link-color has-medium-font-size has-custom-font-size wp-element-button\" href=\"https:\/\/pldadevastacao.org\/\">PARTICIPE DA MOBILIZA\u00c7\u00c3O: <br>PL DA DEVASTA\u00c7\u00c3O N\u00c3O!<\/a><\/div>\n<\/div>\n\n<p>Entre os pontos mais pol\u00eamicos do PL, est\u00e1 o autolicenciamento via Licen\u00e7a por Ades\u00e3o e Compromisso (LAC), que dispensa empreendimentos de estudos e an\u00e1lises ambientais pr\u00e9vias, e tamb\u00e9m libera algumas atividades agropecu\u00e1rias do licenciamento ambiental. <br><br>Considerando que o setor \u00e9 o principal respons\u00e1vel pelo desmatamento na Amaz\u00f4nia, <strong>o PL abre margem para a expans\u00e3o da atividade ilegal,<\/strong> promovendo a destrui\u00e7\u00e3o das florestas e agravando a crise clim\u00e1tica.<\/p>\n\n<h2 class=\"wp-block-heading\"><strong>Tratora\u00e7o parlamentar<\/strong><\/h2>\n\n<p>A vota\u00e7\u00e3o aconteceu por meio do Infoleg, aplicativo de vota\u00e7\u00e3o virtual da C\u00e2mara, com discursos inflamados de favor\u00e1veis e contr\u00e1rios no plen\u00e1rio. A aprova\u00e7\u00e3o acontece a menos de quatro meses da COP30, a confer\u00eancia do Clima da ONU que ser\u00e1 realizada em Bel\u00e9m.<\/p>\n\n<h5 class=\"wp-block-heading has-text-align-left is-style-default has-action-yellow-background-color has-background\" style=\"font-size:25px\"><strong>\u201cO momento \u00e9 cr\u00edtico, mas esperamos que parte dessa lamban\u00e7a feita pelo Congresso Nacional com a aprova\u00e7\u00e3o do PL da Devasta\u00e7\u00e3o possa ser revertida na san\u00e7\u00e3o presidencial\u201d, reitera Nepomuceno.<\/strong><\/h5>\n\n<p>O projeto, conhecido como \u201cPL da Devasta\u00e7\u00e3o\u201d, tamb\u00e9m restringe a participa\u00e7\u00e3o de \u00f3rg\u00e3os federais de fiscaliza\u00e7\u00e3o e controle no processo de licenciamento, como Funai, Ibama e ICMBio, fragilizando ainda mais os direitos de povos ind\u00edgenas e comunidades tradicionais,  impactando Unidades de Conserva\u00e7\u00e3o e outros territ\u00f3rios protegidos.<\/p>\n\n<p>A sa\u00fade da popula\u00e7\u00e3o nas cidades brasileiras tamb\u00e9m est\u00e1 amea\u00e7ada com o projeto que ser\u00e1 analisado pelo presidente. Isso porque a constru\u00e7\u00e3o de cemit\u00e9rios, avenidas, aterros sanit\u00e1rios, assim como obras de saneamento b\u00e1sico, tamb\u00e9m ter\u00e3o o licenciamento flexibilizado.<br><br>A sociedade civil segue em mobiliza\u00e7\u00e3o contra esse retrocesso! <a href=\"https:\/\/pldadevastacao.org\/\" data-type=\"link\" data-id=\"https:\/\/pldadevastacao.org\/\">Fa\u00e7a parte.&nbsp;<\/a><\/p>\n","protected":false},"excerpt":{"rendered":"<p>Este \u00e9 o maior retrocesso ambiental nos \u00faltimos 40 anos do Brasil, alerta Greenpeace; projeto de lei segue para san\u00e7\u00e3o presidencial<\/p>\n","protected":false},"author":98,"featured_media":58920,"comment_status":"open","ping_status":"closed","sticky":false,"template":"","format":"standard","meta":{"ep_exclude_from_search":false,"p4_og_title":"","p4_og_description":"","p4_og_image":"","p4_og_image_id":"","p4_seo_canonical_url":"","p4_campaign_name":"","p4_local_project":"","p4_basket_name":"","p4_department":"","footnotes":""},"categories":[5],"tags":[50,13],"p4-page-type":[16],"class_list":["post-58854","post","type-post","status-publish","format-standard","has-post-thumbnail","hentry","category-greenpeace","tag-institucional","tag-greenpeace","p4-page-type-blog"],"_links":{"self":[{"href":"https:\/\/www.greenpeace.org\/brasil\/wp-json\/wp\/v2\/posts\/58854","targetHints":{"allow":["GET"]}}],"collection":[{"href":"https:\/\/www.greenpeace.org\/brasil\/wp-json\/wp\/v2\/posts"}],"about":[{"href":"https:\/\/www.greenpeace.org\/brasil\/wp-json\/wp\/v2\/types\/post"}],"author":[{"embeddable":true,"href":"https:\/\/www.greenpeace.org\/brasil\/wp-json\/wp\/v2\/users\/98"}],"replies":[{"embeddable":true,"href":"https:\/\/www.greenpeace.org\/brasil\/wp-json\/wp\/v2\/comments?post=58854"}],"version-history":[{"count":20,"href":"https:\/\/www.greenpeace.org\/brasil\/wp-json\/wp\/v2\/posts\/58854\/revisions"}],"predecessor-version":[{"id":58987,"href":"https:\/\/www.greenpeace.org\/brasil\/wp-json\/wp\/v2\/posts\/58854\/revisions\/58987"}],"wp:featuredmedia":[{"embeddable":true,"href":"https:\/\/www.greenpeace.org\/brasil\/wp-json\/wp\/v2\/media\/58920"}],"wp:attachment":[{"href":"https:\/\/www.greenpeace.org\/brasil\/wp-json\/wp\/v2\/media?parent=58854"}],"wp:term":[{"taxonomy":"category","embeddable":true,"href":"https:\/\/www.greenpeace.org\/brasil\/wp-json\/wp\/v2\/categories?post=58854"},{"taxonomy":"post_tag","embeddable":true,"href":"https:\/\/www.greenpeace.org\/brasil\/wp-json\/wp\/v2\/tags?post=58854"},{"taxonomy":"p4-page-type","embeddable":true,"href":"https:\/\/www.greenpeace.org\/brasil\/wp-json\/wp\/v2\/p4-page-type?post=58854"}],"curies":[{"name":"wp","href":"https:\/\/api.w.org\/{rel}","templated":true}]}}