{"id":59281,"date":"2025-08-09T09:00:00","date_gmt":"2025-08-09T12:00:00","guid":{"rendered":"https:\/\/www.greenpeace.org\/brasil\/?p=59281"},"modified":"2025-08-08T16:05:45","modified_gmt":"2025-08-08T19:05:45","slug":"dia-internacional-dos-povos-indigenas-a-resposta-que-vem-da-floresta","status":"publish","type":"post","link":"https:\/\/www.greenpeace.org\/brasil\/blog\/dia-internacional-dos-povos-indigenas-a-resposta-que-vem-da-floresta\/","title":{"rendered":"Dia Internacional dos Povos Ind\u00edgenas: a resposta que vem da floresta"},"content":{"rendered":"\n<p>No dia 9 de agosto, celebramos o Dia Internacional dos Povos Ind\u00edgenas, data proclamada pela ONU em 1994 com o objetivo de reconhecer, proteger e valorizar os direitos dos povos origin\u00e1rios ao redor do mundo. <\/p>\n\n<p>Mais do que uma celebra\u00e7\u00e3o, a data marca a resist\u00eancia hist\u00f3rica vivida por esses povos, que n\u00e3o s\u00e3o apenas guardi\u00f5es de culturas milenares, l\u00ednguas e saberes tradicionais, s\u00e3o tamb\u00e9m protagonistas na prote\u00e7\u00e3o dos maiores ecossistemas do planeta, especialmente no combate \u00e0 crise clim\u00e1tica.<\/p>\n\n<figure class=\"wp-block-image\"><img decoding=\"async\" src=\"https:\/\/lh7-rt.googleusercontent.com\/docsz\/AD_4nXe6-9VIP5fZobPR80270kIqCE_O9drXolqHXkkzQLX6P5EYfpQWgUFgG7ILbZ36U7myJ026uhkUClbtWVRwP_PDWSbpYUEiUngdW94WeaR4C0D3VEgM72mrsfA5Bb-HHF4C-QPr?key=W9FKEVVA-Xb0-ycZQliaaQ\" alt=\"\"\/><figcaption class=\"wp-element-caption\">Acampamento Terra Livre. Cr\u00e9dito: \u00a9 Tuane Fernandes \/ Greenpeace<\/figcaption><\/figure>\n\n<p>Muitos estudos j\u00e1 comprovam que as Terras Ind\u00edgenas demarcadas s\u00e3o verdadeiros escudos ambientais. Uma pesquisa do <a href=\"https:\/\/www.wribrasil.org.br\/noticias\/florestas-em-terras-indigenas-estao-entre-os-ultimos-sumidouros-de-carbono-da-amazonia\">WRI Brasil<\/a>, inclusive, j\u00e1 indica que essas \u00e1reas s\u00e3o essenciais tanto no sequestro de carbono, quanto na conten\u00e7\u00e3o do desmatamento. No contexto de emerg\u00eancia clim\u00e1tica, elas funcionam como barreiras naturais contra a degrada\u00e7\u00e3o ambiental, contribuindo para a regula\u00e7\u00e3o do clima e a manuten\u00e7\u00e3o de ecossistemas inteiros. Os povos ind\u00edgenas dominam h\u00e1 mil\u00eanios a agricultura regenerativa, o manejo, o extrativismo e diversas formas de conserva\u00e7\u00e3o ambiental, mostrando que \u00e9 poss\u00edvel conviver com a natureza e contribuir para a sua manuten\u00e7\u00e3o.<\/p>\n\n<p>Na Amaz\u00f4nia, o maior territ\u00f3rio cont\u00ednuo de floresta tropical do mundo, essa realidade \u00e9 ainda mais evidente. O Brasil concentra a maior extens\u00e3o de Terras Ind\u00edgenas demarcadas do planeta, especialmente na regi\u00e3o amaz\u00f4nica. <a href=\"https:\/\/www.fundoamazonia.gov.br\/export\/sites\/default\/pt\/.galleries\/documentos\/biblioteca\/ISA-REDD-Povos-Indigenas.pdf\">Dados do Instituto Socioambiental (ISA)<\/a> mostram que as Terras Ind\u00edgenas da Amaz\u00f4nia Legal ocupam cerca de 110 milh\u00f5es de hectares, e s\u00e3o justamente nessas \u00e1reas que a floresta permanece mais protegida.<\/p>\n\n<p>Enquanto outras regi\u00f5es enfrentam taxas alarmantes de desmatamento, a floresta nas Terras Ind\u00edgenas resiste, mesmo diante de intensas press\u00f5es do agroneg\u00f3cio, do garimpo e das v\u00e1rias tentativas de abertura dos territ\u00f3rios para explora\u00e7\u00e3o econ\u00f4mica predat\u00f3ria.&nbsp;<\/p>\n\n<h3 class=\"wp-block-heading\"><strong>A Resposta Somos N\u00f3s: a voz ind\u00edgena na lideran\u00e7a clim\u00e1tica<\/strong><\/h3>\n\n<p>Diante de tantos retrocessos nos direitos ind\u00edgenas e do avan\u00e7o da destrui\u00e7\u00e3o ambiental, os povos ind\u00edgenas da Amaz\u00f4nia se colocam \u00e0 frente da luta clim\u00e1tica com a campanha \u201cA Resposta Somos N\u00f3s\u201d, idealizada pela Coordena\u00e7\u00e3o das Organiza\u00e7\u00f5es Ind\u00edgenas da Amaz\u00f4nia Brasileira (<a href=\"https:\/\/www.instagram.com\/coiabamazonia\/\">COIAB<\/a>) em parceria com lideran\u00e7as ind\u00edgenas de toda a regi\u00e3o.&nbsp;<\/p>\n\n<p>Lan\u00e7ada em 2024, em Manaus, a campanha \u00e9 um chamado global para reconhecer o papel fundamental dos povos ind\u00edgenas na prote\u00e7\u00e3o da floresta e no enfrentamento da crise clim\u00e1tica. Mais de 180 povos ind\u00edgenas da Amaz\u00f4nia brasileira, falantes de mais de 160 l\u00ednguas e guardi\u00f5es de cerca de 110 milh\u00f5es de hectares de floresta, est\u00e3o unidos para levar suas vozes \u00e0 COP 30, propondo uma agenda pr\u00f3pria, enraizada no conhecimento ancestral e na conviv\u00eancia harm\u00f4nica com a natureza.<\/p>\n\n<p>Entre seus principais pedidos, incluem a co-presid\u00eancia ind\u00edgena da COP 30, a demarca\u00e7\u00e3o de terras como pol\u00edtica clim\u00e1tica vinculada \u00e0s NDCs brasileiras (a chamada &#8220;NDC Ind\u00edgena&#8221;), o fim dos combust\u00edveis f\u00f3sseis com uma transi\u00e7\u00e3o energ\u00e9tica justa, e o financiamento clim\u00e1tico direto para os povos que vivem em harmonia com a natureza.<\/p>\n\n<p>A campanha tamb\u00e9m convoca a sociedade a assumir sua responsabilidade. O lema \u201cA Resposta Somos N\u00f3s\u201d \u00e9 um chamado para todos aqueles comprometidos com o futuro do planeta.&nbsp;<\/p>\n\n<p>Valorizar os povos ind\u00edgenas \u00e9 reconhecer que sem eles, n\u00e3o h\u00e1 futuro poss\u00edvel para a Amaz\u00f4nia e sem a Amaz\u00f4nia, n\u00e3o h\u00e1 futuro poss\u00edvel para o planeta. Nosso chamado pelo respeito \u00e0 floresta, se une ao chamado dos povos ind\u00edgenas. Assine a peti\u00e7\u00e3o \u201c<a href=\"https:\/\/respeitemaamazonia.org.br\/\">Respeitem a Amaz\u00f4nia<\/a>\u201d e junte-se a esse movimento de defesa da vida, dos territ\u00f3rios e do clima. Que a Amaz\u00f4nia seja reconhecida n\u00e3o como uma fronteira de explora\u00e7\u00e3o, mas como um exemplo de exist\u00eancia poss\u00edvel, diversa, sustent\u00e1vel e viva.<\/p>\n\n<p><\/p>\n","protected":false},"excerpt":{"rendered":"<p>No dia 9 de agosto, celebramos o Dia Internacional dos Povos Ind\u00edgenas, data proclamada pela ONU em 1994 para reconhecer e valorizar direitos<\/p>\n","protected":false},"author":133,"featured_media":59282,"comment_status":"open","ping_status":"closed","sticky":false,"template":"","format":"standard","meta":{"ep_exclude_from_search":false,"p4_og_title":"","p4_og_description":"","p4_og_image":"","p4_og_image_id":"","p4_seo_canonical_url":"","p4_campaign_name":"","p4_local_project":"","p4_basket_name":"","p4_department":"","footnotes":""},"categories":[49,68],"tags":[6,43],"p4-page-type":[16],"class_list":["post-59281","post","type-post","status-publish","format-standard","has-post-thumbnail","hentry","category-amazonia","category-povos-e-territorios","tag-clima","tag-povos-e-territorios","p4-page-type-blog"],"_links":{"self":[{"href":"https:\/\/www.greenpeace.org\/brasil\/wp-json\/wp\/v2\/posts\/59281","targetHints":{"allow":["GET"]}}],"collection":[{"href":"https:\/\/www.greenpeace.org\/brasil\/wp-json\/wp\/v2\/posts"}],"about":[{"href":"https:\/\/www.greenpeace.org\/brasil\/wp-json\/wp\/v2\/types\/post"}],"author":[{"embeddable":true,"href":"https:\/\/www.greenpeace.org\/brasil\/wp-json\/wp\/v2\/users\/133"}],"replies":[{"embeddable":true,"href":"https:\/\/www.greenpeace.org\/brasil\/wp-json\/wp\/v2\/comments?post=59281"}],"version-history":[{"count":2,"href":"https:\/\/www.greenpeace.org\/brasil\/wp-json\/wp\/v2\/posts\/59281\/revisions"}],"predecessor-version":[{"id":59357,"href":"https:\/\/www.greenpeace.org\/brasil\/wp-json\/wp\/v2\/posts\/59281\/revisions\/59357"}],"wp:featuredmedia":[{"embeddable":true,"href":"https:\/\/www.greenpeace.org\/brasil\/wp-json\/wp\/v2\/media\/59282"}],"wp:attachment":[{"href":"https:\/\/www.greenpeace.org\/brasil\/wp-json\/wp\/v2\/media?parent=59281"}],"wp:term":[{"taxonomy":"category","embeddable":true,"href":"https:\/\/www.greenpeace.org\/brasil\/wp-json\/wp\/v2\/categories?post=59281"},{"taxonomy":"post_tag","embeddable":true,"href":"https:\/\/www.greenpeace.org\/brasil\/wp-json\/wp\/v2\/tags?post=59281"},{"taxonomy":"p4-page-type","embeddable":true,"href":"https:\/\/www.greenpeace.org\/brasil\/wp-json\/wp\/v2\/p4-page-type?post=59281"}],"curies":[{"name":"wp","href":"https:\/\/api.w.org\/{rel}","templated":true}]}}