{"id":5933,"date":"2018-11-05T16:55:57","date_gmt":"2018-11-05T19:55:57","guid":{"rendered":"https:\/\/www.greenpeace.org\/brasil\/?p=5933"},"modified":"2023-08-23T00:06:57","modified_gmt":"2023-08-23T03:06:57","slug":"decepcao-o-santuario-do-oceano-antartico-nao-foi-aprovado","status":"publish","type":"post","link":"https:\/\/www.greenpeace.org\/brasil\/blog\/decepcao-o-santuario-do-oceano-antartico-nao-foi-aprovado\/","title":{"rendered":"Decep\u00e7\u00e3o: o Santu\u00e1rio do Oceano Ant\u00e1rtico n\u00e3o foi aprovado"},"content":{"rendered":"<h4>Apesar das duas semanas de reuni\u00e3o entre governantes do mundo todo, a \u00e1rea de prote\u00e7\u00e3o marinha n\u00e3o foi aprovada. A Ant\u00e1rtida e os seres que moram ali continuar\u00e3o amea\u00e7ados pela sobrepesca, aquecimento global e polui\u00e7\u00e3o.<\/h4>\n<div id=\"attachment_5940\" style=\"width: 1210px\" class=\"wp-caption alignnone\"><img loading=\"lazy\" decoding=\"async\" aria-describedby=\"caption-attachment-5940\" class=\"size-full wp-image-5940\" src=\"https:\/\/www.greenpeace.org\/static\/planet4-brasil-stateless\/2018\/11\/39d31e29-gp0strj8c.jpg\" alt=\"Icebergs in Charlotte Bay in the Antarctic. \u00a9 Christian \u00c5slund\" width=\"1200\" height=\"674\" srcset=\"https:\/\/www.greenpeace.org\/static\/planet4-brasil-stateless\/2018\/11\/39d31e29-gp0strj8c.jpg 1200w, https:\/\/www.greenpeace.org\/static\/planet4-brasil-stateless\/2018\/11\/39d31e29-gp0strj8c-300x169.jpg 300w, https:\/\/www.greenpeace.org\/static\/planet4-brasil-stateless\/2018\/11\/39d31e29-gp0strj8c-768x431.jpg 768w, https:\/\/www.greenpeace.org\/static\/planet4-brasil-stateless\/2018\/11\/39d31e29-gp0strj8c-1024x575.jpg 1024w, https:\/\/www.greenpeace.org\/static\/planet4-brasil-stateless\/2018\/11\/39d31e29-gp0strj8c-510x286.jpg 510w\" sizes=\"auto, (max-width: 1200px) 100vw, 1200px\" \/><p id=\"caption-attachment-5940\" class=\"wp-caption-text\">Icebergs na Ba\u00eda de Charlotte, na Ant\u00e1rtida, registrados no come\u00e7o de 2018. O Greenpeace fez uma expedi\u00e7\u00e3o at\u00e9 o continente de gelo para mostrar as belezas da regi\u00e3o e a import\u00e2ncia de proteg\u00ea-la. Foto:\u00a0\u00a9 Christian \u00c5slund \/ Greenpeace<\/p><\/div>\n<p><span style=\"font-weight: 400;\">Durante as duas \u00faltimas semanas, a cria\u00e7\u00e3o do Santu\u00e1rio do Oceano Ant\u00e1rtico estava sendo debatida. Mas, dessa vez, a prote\u00e7\u00e3o da natureza n\u00e3o falou mais alto \ud83d\ude41<\/span><\/p>\n<p><span style=\"font-weight: 400;\">Na reuni\u00e3o, que aconteceu na Tasm\u00e2nia, apesar de 22 pa\u00edses terem sido favor\u00e1veis ao Santu\u00e1rio, os governos da Noruega, China e R\u00fassia foram contra. Isso foi suficiente para barrar a cria\u00e7\u00e3o dele. Essas tr\u00eas na\u00e7\u00f5es fizeram de tudo para atrapalhar e atrasar a reuni\u00e3o.<br \/>\n<\/span><span style=\"font-weight: 400;\"><br \/>\n<\/span><span style=\"font-weight: 400;\">Sem a cria\u00e7\u00e3o do Santu\u00e1rio, que seria a maior \u00e1rea protegida da Terra, a vida na Ant\u00e1rtida permanece amea\u00e7ada, principalmente pela sobrepesca, pela polui\u00e7\u00e3o e pelo efeito das mudan\u00e7as clim\u00e1ticas. Entre as esp\u00e9cies em risco est\u00e3o pinguins, focas e baleias que habitam a regi\u00e3o, entre tantos outros seres.<\/span><\/p>\n<p><span style=\"font-weight: 400;\">Como as \u00e1guas que cercam a Ant\u00e1rtida n\u00e3o s\u00e3o apenas de uma na\u00e7\u00e3o, quem toma decis\u00f5es sobre elas \u00e9 um \u00f3rg\u00e3o internacional: a Comiss\u00e3o do Oceano Ant\u00e1rtico. Oficialmente conhecida como CCAMLR, a comiss\u00e3o \u00e9 composta por 24 pa\u00edses mais a Uni\u00e3o Europeia. Sua miss\u00e3o \u00e9 cuidar da vida marinha da Ant\u00e1rtida e garantir que os mares ali n\u00e3o se tornem uma \u00e1rea com pesca em excesso \u2013 o que desequilibra todo o ecossistema e amea\u00e7a a exist\u00eancia de esp\u00e9cies.<\/span><span style=\"font-weight: 400;\"><br \/>\n<\/span><span style=\"font-weight: 400;\"><br \/>\n<\/span><span style=\"font-weight: 400;\">Todos os pa\u00edses da comiss\u00e3o precisavam concordar com a cria\u00e7\u00e3o do Santu\u00e1rio para que ele fosse criado. Por isso, a oposi\u00e7\u00e3o de apenas tr\u00eas foi suficiente para barrar essa medida t\u00e3o importante.<\/span><span style=\"font-weight: 400;\"><br \/>\n<\/span><\/p>\n<div id=\"attachment_5937\" style=\"width: 1209px\" class=\"wp-caption alignnone\"><img loading=\"lazy\" decoding=\"async\" aria-describedby=\"caption-attachment-5937\" class=\"wp-image-5937 size-full\" src=\"https:\/\/www.greenpeace.org\/static\/planet4-brasil-stateless\/2018\/11\/362ab65b-gp0strom6.jpg\" alt=\"Ativistas do Greenpeace colocam banner em um navio de pesca industrial\" width=\"1199\" height=\"779\" srcset=\"https:\/\/www.greenpeace.org\/static\/planet4-brasil-stateless\/2018\/11\/362ab65b-gp0strom6.jpg 1199w, https:\/\/www.greenpeace.org\/static\/planet4-brasil-stateless\/2018\/11\/362ab65b-gp0strom6-300x195.jpg 300w, https:\/\/www.greenpeace.org\/static\/planet4-brasil-stateless\/2018\/11\/362ab65b-gp0strom6-768x499.jpg 768w, https:\/\/www.greenpeace.org\/static\/planet4-brasil-stateless\/2018\/11\/362ab65b-gp0strom6-1024x665.jpg 1024w, https:\/\/www.greenpeace.org\/static\/planet4-brasil-stateless\/2018\/11\/362ab65b-gp0strom6-510x331.jpg 510w\" sizes=\"auto, (max-width: 1199px) 100vw, 1199px\" \/><p id=\"caption-attachment-5937\" class=\"wp-caption-text\">Neste ano, nossos ativistas foram at\u00e9 a Ant\u00e1rtida e protestaram contra a pesca predat\u00f3ria ali, que amea\u00e7a animais, como as baleias.\u00a0Foto:\u00a0\u00a9 Paul Hilton\/ Greenpeace<\/p><\/div>\n<p><strong>Uma nova esperan\u00e7a para a prote\u00e7\u00e3o dos oceanos<br \/>\n<\/strong><span style=\"font-weight: 400;\"><br \/>\n<\/span><span style=\"font-weight: 400;\">Hoje \u00e9 um dia triste para quem se preocupa com o meio ambiente, mas n\u00e3o \u00e9 o fim. Na verdade, \u00e9 apenas uma etapa de um processo que vamos seguir adiante. Mais de 2,7 milh\u00f5es de pessoas se uniram para proteger a Ant\u00e1rtida e assinaram nossa peti\u00e7\u00e3o. Isso \u00e9 muito significativo e prova que h\u00e1 muita gente interessada no bem do planeta. E que juntos podemos fazer muitas coisas. <\/span><span style=\"font-weight: 400;\"><br \/>\n<\/span><span style=\"font-weight: 400;\"><br \/>\n<\/span><span style=\"font-weight: 400;\">Uma pr\u00f3xima etapa para que possamos defender a Ant\u00e1rtida \u00e9 pensar em como protegemos os oceanos do planeta como um todo. Em breve, teremos uma chance para mudar \u00a0para melhor a forma como fazemos isso.<\/span><\/p>\n<p><span style=\"font-weight: 400;\">Atualmente, <a href=\"https:\/\/www.greenpeace.org\/brasil\/blog\/precisamos-proteger-o-alto-mar\/\" target=\"_blank\" rel=\"noopener noreferrer\">as Na\u00e7\u00f5es Unidas est\u00e3o debatendo o chamado Tratado Global para os Oceanos,<\/a> um novo acordo entre os pa\u00edses do mundo que visa fortalecer nossos cuidados com as \u00e1guas do alto-mar. Se for aprovado, ele vai abrir uma porta para a cria\u00e7\u00e3o de muitas \u00e1reas marinhas protegidas, como gostar\u00edamos que fosse o Oceano Ant\u00e1rtico. <\/span><\/p>\n<p><span style=\"font-weight: 400;\">\u00c9 uma esperan\u00e7a para quem segue na caminhada para ver os mares protegidos. E voc\u00ea, topa continuar com a gente nessa caminhada?<\/span><span style=\"font-weight: 400;\"><br \/>\n<\/span><\/p>\n","protected":false},"excerpt":{"rendered":"<p>A Ant\u00e1rtida e os seres que moram ali continuar\u00e3o amea\u00e7ados pela sobrepesca, aquecimento global e polui\u00e7\u00e3o.<\/p>\n","protected":false},"author":25,"featured_media":5937,"comment_status":"open","ping_status":"closed","sticky":false,"template":"","format":"standard","meta":{"ep_exclude_from_search":false,"p4_og_title":"","p4_og_description":"","p4_og_image":"","p4_og_image_id":"","p4_seo_canonical_url":"","p4_campaign_name":"","p4_local_project":"","p4_basket_name":"","p4_department":"","footnotes":""},"categories":[64,3],"tags":[26,27],"p4-page-type":[16],"class_list":["post-5933","post","type-post","status-publish","format-standard","has-post-thumbnail","hentry","category-oceanos","category-proteja-a-natureza","tag-biodiversidade","tag-oceanos","p4-page-type-blog"],"_links":{"self":[{"href":"https:\/\/www.greenpeace.org\/brasil\/wp-json\/wp\/v2\/posts\/5933","targetHints":{"allow":["GET"]}}],"collection":[{"href":"https:\/\/www.greenpeace.org\/brasil\/wp-json\/wp\/v2\/posts"}],"about":[{"href":"https:\/\/www.greenpeace.org\/brasil\/wp-json\/wp\/v2\/types\/post"}],"author":[{"embeddable":true,"href":"https:\/\/www.greenpeace.org\/brasil\/wp-json\/wp\/v2\/users\/25"}],"replies":[{"embeddable":true,"href":"https:\/\/www.greenpeace.org\/brasil\/wp-json\/wp\/v2\/comments?post=5933"}],"version-history":[{"count":12,"href":"https:\/\/www.greenpeace.org\/brasil\/wp-json\/wp\/v2\/posts\/5933\/revisions"}],"predecessor-version":[{"id":12835,"href":"https:\/\/www.greenpeace.org\/brasil\/wp-json\/wp\/v2\/posts\/5933\/revisions\/12835"}],"wp:featuredmedia":[{"embeddable":true,"href":"https:\/\/www.greenpeace.org\/brasil\/wp-json\/wp\/v2\/media\/5937"}],"wp:attachment":[{"href":"https:\/\/www.greenpeace.org\/brasil\/wp-json\/wp\/v2\/media?parent=5933"}],"wp:term":[{"taxonomy":"category","embeddable":true,"href":"https:\/\/www.greenpeace.org\/brasil\/wp-json\/wp\/v2\/categories?post=5933"},{"taxonomy":"post_tag","embeddable":true,"href":"https:\/\/www.greenpeace.org\/brasil\/wp-json\/wp\/v2\/tags?post=5933"},{"taxonomy":"p4-page-type","embeddable":true,"href":"https:\/\/www.greenpeace.org\/brasil\/wp-json\/wp\/v2\/p4-page-type?post=5933"}],"curies":[{"name":"wp","href":"https:\/\/api.w.org\/{rel}","templated":true}]}}