{"id":59341,"date":"2025-08-08T14:36:59","date_gmt":"2025-08-08T17:36:59","guid":{"rendered":"https:\/\/www.greenpeace.org\/brasil\/?p=59341"},"modified":"2025-08-08T20:15:33","modified_gmt":"2025-08-08T23:15:33","slug":"vetos-presidenciais-freiam-desmonte-do-licenciamento-ambiental","status":"publish","type":"post","link":"https:\/\/www.greenpeace.org\/brasil\/blog\/vetos-presidenciais-freiam-desmonte-do-licenciamento-ambiental\/","title":{"rendered":"Vetos presidenciais freiam desmonte do licenciamento ambiental"},"content":{"rendered":"\n<p><strong><em>Lula vetou 63 dispositivos do PL da Devasta\u00e7\u00e3o e, agora, projeto volta para an\u00e1lise do Congresso<\/em><\/strong><\/p>\n\n<figure class=\"wp-block-image size-large\"><img loading=\"lazy\" decoding=\"async\" width=\"1024\" height=\"683\" src=\"https:\/\/www.greenpeace.org\/static\/planet4-brasil-stateless\/2025\/08\/b3696459-gp0su6fpx_medium-res-with-credit-line-1200px-1024x683.jpg\" alt=\"\" class=\"wp-image-59346\" srcset=\"https:\/\/www.greenpeace.org\/static\/planet4-brasil-stateless\/2025\/08\/b3696459-gp0su6fpx_medium-res-with-credit-line-1200px-1024x683.jpg 1024w, https:\/\/www.greenpeace.org\/static\/planet4-brasil-stateless\/2025\/08\/b3696459-gp0su6fpx_medium-res-with-credit-line-1200px-300x200.jpg 300w, https:\/\/www.greenpeace.org\/static\/planet4-brasil-stateless\/2025\/08\/b3696459-gp0su6fpx_medium-res-with-credit-line-1200px-768x512.jpg 768w, https:\/\/www.greenpeace.org\/static\/planet4-brasil-stateless\/2025\/08\/b3696459-gp0su6fpx_medium-res-with-credit-line-1200px-510x340.jpg 510w, https:\/\/www.greenpeace.org\/static\/planet4-brasil-stateless\/2025\/08\/b3696459-gp0su6fpx_medium-res-with-credit-line-1200px.jpg 1200w\" sizes=\"auto, (max-width: 1024px) 100vw, 1024px\" \/><figcaption class=\"wp-element-caption\">IV Marcha das Mulheres Ind\u00edgenas em Bras\u00edlia<div class=\"credit icon-left\"> \u00a9 Pedro Ladeira \/ Greenpeace<\/div><\/figcaption><\/figure>\n\n<p>Ap\u00f3s semanas de mobiliza\u00e7\u00e3o da sociedade civil, o <strong>PL do Licenciamento Ambiental <\/strong>foi sancionado com vetos do presidente Luiz In\u00e1cio Lula da Silva nesta sexta-feira (8).<\/p>\n\n<p>Ao todo, 63 dispositivos da lei foram vetados e textos alternativos foram sugeridos. As altera\u00e7\u00f5es ser\u00e3o feitas por meio de um projeto de lei que ser\u00e1 enviado com urg\u00eancia constitucional ao Congresso, que poder\u00e1 ou n\u00e3o derrubar os vetos.<\/p>\n\n<p>Segundo Gabriela Nepomuceno, especialista de Pol\u00edticas P\u00fablicas do Greenpeace Brasil, a partir de an\u00e1lise do que fora divulgado pelo governo at\u00e9 agora, <strong>os vetos significam um esfor\u00e7o de tentar preservar a seguran\u00e7a jur\u00eddica, o meio ambiente e a vida das pessoas, <\/strong>na medida que busca conciliar a integridade do licenciamento ambiental com o desenvolvimento econ\u00f4mico.<br><br>&#8220;\u00c9 uma iniciativa que a gente sa\u00fada, porque reconhecemos o esfor\u00e7o do governo e <strong>entendemos que o movimento da sociedade civil organizada teve um papel importante para sensibilizar o presidente Lula <\/strong>para os problemas que o projeto apresentava&#8221;, afirma.<\/p>\n\n<p>Entretanto, agora existe uma grande batalha pela frente, ressalta a porta-voz. <br><br>&#8220;Temos, primeiro, que nos debru\u00e7ar sobre o conte\u00fado dos vetos, da medida provis\u00f3ria e do projeto de lei que ser\u00e3o encaminhados para entendermos a extens\u00e3o dos ajustes que est\u00e3o propondo. <strong>Obviamente, entendemos que a vit\u00f3ria n\u00e3o foi total, porque s\u00e3o muitos interesses envolvidos<\/strong>. Depois, \u00e9 preciso lembrar que ainda haver\u00e1 novas vota\u00e7\u00f5es no Congresso Nacional, tanto da medida provis\u00f3ria, que deve versar sobre a Licen\u00e7a Ambiental Especial (LAE), como do projeto de lei que tenta corrigir as distor\u00e7\u00f5es decorrentes dos vetos feitos, aperfei\u00e7oando o texto&#8221;, pondera Gabriela. <\/p>\n\n<p>A autoriza\u00e7\u00e3o da <strong>Licen\u00e7a por Ades\u00e3o e Compromisso (LAC)<\/strong> para atividades de m\u00e9dio potencial poluidor e a transfer\u00eancia do licenciamento para os entes federativos est\u00e3o entre os vetos do presidente. A LAC, portanto, segue restrita apenas para empreendimentos de baixo potencial poluidor e os crit\u00e9rios nacionais para o procedimento de licenciamento dever\u00e3o ser seguidos pelos estados.<\/p>\n\n<p>Entre outras sinaliza\u00e7\u00f5es positivas, est\u00e3o o veto para impedir que o regime de prote\u00e7\u00e3o especial previsto na <strong>Lei da Mata Atl\u00e2ntica<\/strong> fosse retirado assim como os vetos aos dispositivos que restringiam a consulta aos \u00f3rg\u00e3os respons\u00e1veis pela prote\u00e7\u00e3o de povos indigenas e comunidades quilombolas, como Funai.<br><br>O artigo que acabava com o car\u00e1ter vinculante de manifesta\u00e7\u00e3o de \u00f3rg\u00e3os gestores de <strong>Unidades de Conserva\u00e7\u00e3o<\/strong> no licenciamento de empreendimentos que afetem diretamente uma unidade ou sua zona de amortecimento, tamb\u00e9m foi vetado.<\/p>\n\n<p>De acordo com o anunciado por integrantes do governo em entrevista coletiva na manh\u00e3 de hoje, Lula assinar\u00e1 uma medida provis\u00f3ria (MP) que determina a efic\u00e1cia imediata da<strong> Licen\u00e7a Ambiental Especial (LAE)<\/strong>, com veto ao trecho que estabelecia um procedimento monof\u00e1sico que permitiria a autoriza\u00e7\u00e3o de todas as licen\u00e7as ao mesmo tempo.<br><br>O Greenpeace Brasil aguarda a divulga\u00e7\u00e3o integral do texto vetado para avaliar com precis\u00e3o o alcance das mudan\u00e7as, bem como das medidas adicionais presentes na Medida Provis\u00f3ria e no Projeto de Lei. De toda forma, a organiza\u00e7\u00e3o considera que a decis\u00e3o do governo \u00e9 uma<strong> vit\u00f3ria da mobiliza\u00e7\u00e3o social.<\/strong><\/p>\n\n<p><\/p>\n\n<p><\/p>\n","protected":false},"excerpt":{"rendered":"<p>Lula vetou 63 dispositivos do PL da Devasta\u00e7\u00e3o e, agora, projeto volta para an\u00e1lise do Congresso<\/p>\n","protected":false},"author":98,"featured_media":59346,"comment_status":"open","ping_status":"closed","sticky":false,"template":"","format":"standard","meta":{"ep_exclude_from_search":false,"p4_og_title":"","p4_og_description":"","p4_og_image":"","p4_og_image_id":"","p4_seo_canonical_url":"","p4_campaign_name":"","p4_local_project":"","p4_basket_name":"","p4_department":"","footnotes":""},"categories":[49],"tags":[],"p4-page-type":[16],"class_list":["post-59341","post","type-post","status-publish","format-standard","has-post-thumbnail","hentry","category-amazonia","p4-page-type-blog"],"_links":{"self":[{"href":"https:\/\/www.greenpeace.org\/brasil\/wp-json\/wp\/v2\/posts\/59341","targetHints":{"allow":["GET"]}}],"collection":[{"href":"https:\/\/www.greenpeace.org\/brasil\/wp-json\/wp\/v2\/posts"}],"about":[{"href":"https:\/\/www.greenpeace.org\/brasil\/wp-json\/wp\/v2\/types\/post"}],"author":[{"embeddable":true,"href":"https:\/\/www.greenpeace.org\/brasil\/wp-json\/wp\/v2\/users\/98"}],"replies":[{"embeddable":true,"href":"https:\/\/www.greenpeace.org\/brasil\/wp-json\/wp\/v2\/comments?post=59341"}],"version-history":[{"count":15,"href":"https:\/\/www.greenpeace.org\/brasil\/wp-json\/wp\/v2\/posts\/59341\/revisions"}],"predecessor-version":[{"id":59367,"href":"https:\/\/www.greenpeace.org\/brasil\/wp-json\/wp\/v2\/posts\/59341\/revisions\/59367"}],"wp:featuredmedia":[{"embeddable":true,"href":"https:\/\/www.greenpeace.org\/brasil\/wp-json\/wp\/v2\/media\/59346"}],"wp:attachment":[{"href":"https:\/\/www.greenpeace.org\/brasil\/wp-json\/wp\/v2\/media?parent=59341"}],"wp:term":[{"taxonomy":"category","embeddable":true,"href":"https:\/\/www.greenpeace.org\/brasil\/wp-json\/wp\/v2\/categories?post=59341"},{"taxonomy":"post_tag","embeddable":true,"href":"https:\/\/www.greenpeace.org\/brasil\/wp-json\/wp\/v2\/tags?post=59341"},{"taxonomy":"p4-page-type","embeddable":true,"href":"https:\/\/www.greenpeace.org\/brasil\/wp-json\/wp\/v2\/p4-page-type?post=59341"}],"curies":[{"name":"wp","href":"https:\/\/api.w.org\/{rel}","templated":true}]}}