{"id":5943,"date":"2018-11-05T17:04:50","date_gmt":"2018-11-05T20:04:50","guid":{"rendered":"https:\/\/www.greenpeace.org\/brasil\/?p=5943"},"modified":"2021-12-01T09:32:58","modified_gmt":"2021-12-01T12:32:58","slug":"pnara-de-volta-a-mesa","status":"publish","type":"post","link":"https:\/\/www.greenpeace.org\/brasil\/blog\/pnara-de-volta-a-mesa\/","title":{"rendered":"PNaRA de volta \u00e0 mesa"},"content":{"rendered":"<h4><strong>O ano de 2018 pode definir como produzimos e consumimos alimentos no pa\u00eds. Queremos um caminho livre de veneno<\/strong><\/h4>\n<p><span style=\"font-weight: 400;\">Nesta ter\u00e7a-feira (06\/11), o debate sobre a <\/span><b>Pol\u00edtica Nacional de Redu\u00e7\u00e3o de Agrot\u00f3xicos (PNaRA &#8211; PL n\u00ba 6.670\/2016)<\/b><span style=\"font-weight: 400;\"> ser\u00e1 retomado na C\u00e2mara dos Deputados. Representantes de institui\u00e7\u00f5es renomadas e organiza\u00e7\u00f5es do campo e da sociedade civil, como Organiza\u00e7\u00e3o das Na\u00e7\u00f5es Unidas para Agricultura e Alimenta\u00e7\u00e3o (FAO), Associa\u00e7\u00e3o Brasileira de Sa\u00fade Coletiva (Abrasco) e Greenpeace, participar\u00e3o de um semin\u00e1rio convocado pela Comiss\u00e3o da PNaRA para discutir os pr\u00f3ximos passos rumo a uma <\/span><b>agricultura justa e sustent\u00e1vel<\/b><span style=\"font-weight: 400;\">, que garanta a sa\u00fade e a seguran\u00e7a alimentar da popula\u00e7\u00e3o brasileira. [Acompanhe a transmiss\u00e3o ao vivo a partir das 14h:\u00a0<a href=\"https:\/\/act.gp\/2JImy4X\" target=\"_blank\" rel=\"noopener noreferrer\">https:\/\/act.gp\/2JImy4X<\/a>]\u00a0<\/span><\/p>\n<p><span style=\"font-weight: 400;\">O acesso \u00e0 alimenta\u00e7\u00e3o saud\u00e1vel e sem veneno \u00e9 um direito de todas as pessoas, mas ainda n\u00e3o \u00e9 isso que acontece na pr\u00e1tica. O Brasil \u00e9 um dos pa\u00edses que mais consomem agrot\u00f3xicos no mundo e isso se reflete na qualidade da comida que chega \u00e0 nossa mesa. Desde o in\u00edcio de 2018, o trabalho de garantir alimenta\u00e7\u00e3o saud\u00e1vel para toda a popula\u00e7\u00e3o se tornou ainda mais desafiador porque o<\/span><b> Pacote do Veneno<\/b><span style=\"font-weight: 400;\"> (PL n\u00ba 6.299\/2002), que pode colocar ainda mais agrot\u00f3xicos no nosso prato, <\/span><a href=\"https:\/\/www.greenpeace.org\/brasil\/blog\/mais-agrotoxico-no-prato-pl-do-veneno-caminha-a-passos-largos\/\" target=\"_blank\" rel=\"noopener noreferrer\"><span style=\"font-weight: 400;\">ganhou espa\u00e7o no Congresso Nacional<\/span><\/a><span style=\"font-weight: 400;\">.<\/span><\/p>\n<p><span style=\"font-weight: 400;\">No entanto, os defensores do veneno n\u00e3o tiveram terreno livre. Um lampejo de esperan\u00e7a se acendeu quando em maio <\/span><a href=\"https:\/\/www.greenpeace.org\/brasil\/blog\/comissao-especial-da-pnara-um-importante-espaco-para-o-debate-sobre-a-producao-de-alimentos-de-verdade\/\" target=\"_blank\" rel=\"noopener noreferrer\"><span style=\"font-weight: 400;\">foi estabelecida uma Comiss\u00e3o Especial<\/span><\/a><span style=\"font-weight: 400;\"> no Congresso Nacional \u00a0para analisar a PNaRA. De l\u00e1 para c\u00e1, mais de 1,5 milh\u00e3o de pessoas <\/span><a href=\"https:\/\/www.chegadeagrotoxicos.org.br\/\" target=\"_blank\" rel=\"noopener noreferrer\"><span style=\"font-weight: 400;\">entraram na campanha em favor da PNaRA<\/span><\/a><span style=\"font-weight: 400;\"> e a Comiss\u00e3o recebeu diversos especialistas, que t\u00eam contribu\u00eddo com a discuss\u00e3o de como reduzir de forma gradual o uso dessas subst\u00e2ncias.<\/span><\/p>\n<p><span style=\"font-weight: 400;\">A PNaRA \u00e9 o caminho para democratizar o acesso \u00e0 alimenta\u00e7\u00e3o de qualidade e garantir a sa\u00fade tanto de quem produz quanto de quem consome. Precisamos continuar pressionando para que o Pacote do Veneno seja rejeitado em plen\u00e1rio e a PNaRA tenha seu texto-base aprovado ainda este ano. <\/span><\/p>\n<p><span style=\"font-weight: 400;\"><strong>Programa\u00e7\u00e3o do semin\u00e1rio<\/strong>: <a href=\"https:\/\/act.gp\/2PdgG9z\" target=\"_blank\" rel=\"noopener noreferrer\">https:\/\/act.gp\/2PdgG9z<\/a>\u00a0<\/span><\/p>\n<p><span style=\"font-weight: 400;\"><strong>Transmiss\u00e3o ao vivo (06\/11, a partir das 14h)<\/strong>:\u00a0<a href=\"https:\/\/act.gp\/2JImy4X\" target=\"_blank\" rel=\"noopener noreferrer\">https:\/\/act.gp\/2JImy4X<\/a><\/span><\/p>\n<p>P<span style=\"font-weight: 400;\">articipe! <\/span><span style=\"font-weight: 400;\">Assine a peti\u00e7\u00e3o #ChegadeAgrot\u00f3xicos<\/span><span style=\"font-weight: 400;\">: <\/span><a href=\"https:\/\/act.gp\/2OtR4jT\" target=\"_blank\" rel=\"noopener noreferrer\"><span style=\"font-weight: 400;\">https:\/\/act.gp\/2OtR4jT<\/span><\/a><\/p>\n<p>&nbsp;<\/p>\n<p><img loading=\"lazy\" decoding=\"async\" class=\"aligncenter size-full wp-image-5945\" src=\"https:\/\/www.greenpeace.org\/static\/planet4-brasil-stateless\/2018\/11\/c2a20e81-post_convite_seminario_pnara-politica-reducao-agrotoxicos.png\" alt=\"semin\u00e1rio PNaRA\" width=\"700\" height=\"700\" srcset=\"https:\/\/www.greenpeace.org\/static\/planet4-brasil-stateless\/2018\/11\/c2a20e81-post_convite_seminario_pnara-politica-reducao-agrotoxicos.png 700w, https:\/\/www.greenpeace.org\/static\/planet4-brasil-stateless\/2018\/11\/c2a20e81-post_convite_seminario_pnara-politica-reducao-agrotoxicos-150x150.png 150w, https:\/\/www.greenpeace.org\/static\/planet4-brasil-stateless\/2018\/11\/c2a20e81-post_convite_seminario_pnara-politica-reducao-agrotoxicos-300x300.png 300w, https:\/\/www.greenpeace.org\/static\/planet4-brasil-stateless\/2018\/11\/c2a20e81-post_convite_seminario_pnara-politica-reducao-agrotoxicos-340x340.png 340w\" sizes=\"auto, (max-width: 700px) 100vw, 700px\" \/><\/p>\n<div class=\"EmptyMessage\">Block content is empty. Check the block&#8217;s settings or remove it.<\/div>","protected":false},"excerpt":{"rendered":"<p>O ano de 2018 pode definir como produzimos e consumimos alimentos no pa\u00eds. Queremos um caminho livre de veneno<\/p>\n","protected":false},"author":19,"featured_media":5947,"comment_status":"open","ping_status":"closed","sticky":false,"template":"","format":"standard","meta":{"ep_exclude_from_search":false,"p4_og_title":"","p4_og_description":"","p4_og_image":"","p4_og_image_id":"","p4_seo_canonical_url":"","p4_campaign_name":"","p4_local_project":"","p4_basket_name":"","p4_department":"","footnotes":""},"categories":[2],"tags":[18],"p4-page-type":[16],"class_list":["post-5943","post","type-post","status-publish","format-standard","has-post-thumbnail","hentry","category-transforme-a-sociedade","tag-agroecologia","p4-page-type-blog"],"_links":{"self":[{"href":"https:\/\/www.greenpeace.org\/brasil\/wp-json\/wp\/v2\/posts\/5943","targetHints":{"allow":["GET"]}}],"collection":[{"href":"https:\/\/www.greenpeace.org\/brasil\/wp-json\/wp\/v2\/posts"}],"about":[{"href":"https:\/\/www.greenpeace.org\/brasil\/wp-json\/wp\/v2\/types\/post"}],"author":[{"embeddable":true,"href":"https:\/\/www.greenpeace.org\/brasil\/wp-json\/wp\/v2\/users\/19"}],"replies":[{"embeddable":true,"href":"https:\/\/www.greenpeace.org\/brasil\/wp-json\/wp\/v2\/comments?post=5943"}],"version-history":[{"count":15,"href":"https:\/\/www.greenpeace.org\/brasil\/wp-json\/wp\/v2\/posts\/5943\/revisions"}],"predecessor-version":[{"id":35461,"href":"https:\/\/www.greenpeace.org\/brasil\/wp-json\/wp\/v2\/posts\/5943\/revisions\/35461"}],"wp:featuredmedia":[{"embeddable":true,"href":"https:\/\/www.greenpeace.org\/brasil\/wp-json\/wp\/v2\/media\/5947"}],"wp:attachment":[{"href":"https:\/\/www.greenpeace.org\/brasil\/wp-json\/wp\/v2\/media?parent=5943"}],"wp:term":[{"taxonomy":"category","embeddable":true,"href":"https:\/\/www.greenpeace.org\/brasil\/wp-json\/wp\/v2\/categories?post=5943"},{"taxonomy":"post_tag","embeddable":true,"href":"https:\/\/www.greenpeace.org\/brasil\/wp-json\/wp\/v2\/tags?post=5943"},{"taxonomy":"p4-page-type","embeddable":true,"href":"https:\/\/www.greenpeace.org\/brasil\/wp-json\/wp\/v2\/p4-page-type?post=5943"}],"curies":[{"name":"wp","href":"https:\/\/api.w.org\/{rel}","templated":true}]}}