{"id":59440,"date":"2025-08-21T14:00:00","date_gmt":"2025-08-21T17:00:00","guid":{"rendered":"https:\/\/www.greenpeace.org\/brasil\/?p=59440"},"modified":"2026-03-24T13:52:31","modified_gmt":"2026-03-24T16:52:31","slug":"greenpeace-brasil-lanca-loja-virtual-em-parceria-com-uma-penca","status":"publish","type":"post","link":"https:\/\/www.greenpeace.org\/brasil\/blog\/greenpeace-brasil-lanca-loja-virtual-em-parceria-com-uma-penca\/","title":{"rendered":"Greenpeace Brasil lan\u00e7a loja virtual em parceria com Uma Penca"},"content":{"rendered":"\n<p><em>Agora \u00e9 poss\u00edvel literalmente vestir a camisa da maior organiza\u00e7\u00e3o ambiental do planeta!<\/em><\/p>\n\n<figure class=\"wp-block-image size-full\"><img loading=\"lazy\" decoding=\"async\" width=\"1024\" height=\"529\" src=\"https:\/\/www.greenpeace.org\/static\/planet4-brasil-stateless\/2025\/08\/3da28982-lojinha-blog-clean.png\" alt=\"\" class=\"wp-image-59442\" srcset=\"https:\/\/www.greenpeace.org\/static\/planet4-brasil-stateless\/2025\/08\/3da28982-lojinha-blog-clean.png 1024w, https:\/\/www.greenpeace.org\/static\/planet4-brasil-stateless\/2025\/08\/3da28982-lojinha-blog-clean-300x155.png 300w, https:\/\/www.greenpeace.org\/static\/planet4-brasil-stateless\/2025\/08\/3da28982-lojinha-blog-clean-768x397.png 768w, https:\/\/www.greenpeace.org\/static\/planet4-brasil-stateless\/2025\/08\/3da28982-lojinha-blog-clean-510x263.png 510w\" sizes=\"auto, (max-width: 1024px) 100vw, 1024px\" \/><\/figure>\n\n<p>J\u00e1 pensou em vestir e usar&nbsp; itens que carregam a mensagem de defesa da natureza e do clima? Agora isso \u00e9 poss\u00edvel!&nbsp; O <strong>Greenpeace Brasil<\/strong> acaba de lan\u00e7ar sua <strong>loja virtual<\/strong> por meio da plataforma <strong>Uma Penca<\/strong>!<\/p>\n\n<p>Aqui voc\u00ea encontra <strong>camisetas, canecas, bottons e im\u00e3s<\/strong> do Greenpeace Brasil. Mais do que produtos, eles s\u00e3o uma forma de <strong>espalhar nosso ativismo.<\/strong> \u00c9 o seu momento, de, literalmente, vestir a camisa da causa ambiental!&nbsp;<\/p>\n\n<p>Ao mesmo tempo, voc\u00ea ainda contribuir\u00e1 para mantermos vivas nossas<strong> a\u00e7\u00f5es de den\u00fancia de crimes ambientais, pesquisas, monitoramento da Amaz\u00f4nia<\/strong>, mobiliza\u00e7\u00e3o de volunt\u00e1rios e manifesta\u00e7\u00f5es pac\u00edficas.<\/p>\n\n<p><strong>Sustentabilidade em cada detalhe<\/strong><\/p>\n\n<p>Todos os produtos s\u00e3o produzidos <strong>sob demanda<\/strong>, evitando desperd\u00edcios e estoques desnecess\u00e1rios.&nbsp;<\/p>\n\n<p><strong>Independ\u00eancia financeira<\/strong><\/p>\n\n<p><strong>O Greenpeace Brasil n\u00e3o recebe dinheiro de empresas, governos ou partidos pol\u00edticos<\/strong>. A Uma Penca \u00e9&nbsp;um fornecedor respons\u00e1vel pela opera\u00e7\u00e3o da loja, assim como contamos com outros prestadores de servi\u00e7os para a execu\u00e7\u00e3o do nosso trabalho. Ao comprar um produto do <strong>Greenpeace Brasil<\/strong>, voc\u00ea leva para o dia a dia um s\u00edmbolo de compromisso com o planeta \u2013 e ajuda a garantir que nossa luta socioambiental continue.<\/p>\n\n<p><strong>Visite agora<\/strong> <a href=\"https:\/\/loja.greenpeace.org.br?entrypoint=p4_blog\">https:\/\/loja.greenpeace.org.br<\/a> <strong>e escreva novos cap\u00edtulos dessa hist\u00f3ria com a gente!<\/strong><\/p>\n\n<p><\/p>\n","protected":false},"excerpt":{"rendered":"<p>J\u00e1 pensou em vestir e usar\u00a0 itens que carregam a mensagem de defesa da natureza e do clima? Agora isso \u00e9 poss\u00edvel!<\/p>\n","protected":false},"author":28,"featured_media":59443,"comment_status":"open","ping_status":"closed","sticky":false,"template":"","format":"standard","meta":{"ep_exclude_from_search":false,"p4_og_title":"","p4_og_description":"","p4_og_image":"","p4_og_image_id":"","p4_seo_canonical_url":"","p4_campaign_name":"","p4_local_project":"","p4_basket_name":"","p4_department":"","footnotes":""},"categories":[5],"tags":[],"p4-page-type":[16],"class_list":["post-59440","post","type-post","status-publish","format-standard","has-post-thumbnail","hentry","category-greenpeace","p4-page-type-blog"],"_links":{"self":[{"href":"https:\/\/www.greenpeace.org\/brasil\/wp-json\/wp\/v2\/posts\/59440","targetHints":{"allow":["GET"]}}],"collection":[{"href":"https:\/\/www.greenpeace.org\/brasil\/wp-json\/wp\/v2\/posts"}],"about":[{"href":"https:\/\/www.greenpeace.org\/brasil\/wp-json\/wp\/v2\/types\/post"}],"author":[{"embeddable":true,"href":"https:\/\/www.greenpeace.org\/brasil\/wp-json\/wp\/v2\/users\/28"}],"replies":[{"embeddable":true,"href":"https:\/\/www.greenpeace.org\/brasil\/wp-json\/wp\/v2\/comments?post=59440"}],"version-history":[{"count":3,"href":"https:\/\/www.greenpeace.org\/brasil\/wp-json\/wp\/v2\/posts\/59440\/revisions"}],"predecessor-version":[{"id":63065,"href":"https:\/\/www.greenpeace.org\/brasil\/wp-json\/wp\/v2\/posts\/59440\/revisions\/63065"}],"wp:featuredmedia":[{"embeddable":true,"href":"https:\/\/www.greenpeace.org\/brasil\/wp-json\/wp\/v2\/media\/59443"}],"wp:attachment":[{"href":"https:\/\/www.greenpeace.org\/brasil\/wp-json\/wp\/v2\/media?parent=59440"}],"wp:term":[{"taxonomy":"category","embeddable":true,"href":"https:\/\/www.greenpeace.org\/brasil\/wp-json\/wp\/v2\/categories?post=59440"},{"taxonomy":"post_tag","embeddable":true,"href":"https:\/\/www.greenpeace.org\/brasil\/wp-json\/wp\/v2\/tags?post=59440"},{"taxonomy":"p4-page-type","embeddable":true,"href":"https:\/\/www.greenpeace.org\/brasil\/wp-json\/wp\/v2\/p4-page-type?post=59440"}],"curies":[{"name":"wp","href":"https:\/\/api.w.org\/{rel}","templated":true}]}}