{"id":59584,"date":"2025-09-07T14:32:29","date_gmt":"2025-09-07T17:32:29","guid":{"rendered":"https:\/\/www.greenpeace.org\/brasil\/?p=59584"},"modified":"2025-09-07T14:32:35","modified_gmt":"2025-09-07T17:32:35","slug":"7-de-setembro-greenpeace-brasil-realiza-acao-pacifica-em-copacabana-pedindo-a-independencia-de-combustiveis-fosseis","status":"publish","type":"post","link":"https:\/\/www.greenpeace.org\/brasil\/blog\/7-de-setembro-greenpeace-brasil-realiza-acao-pacifica-em-copacabana-pedindo-a-independencia-de-combustiveis-fosseis\/","title":{"rendered":"\u00a07 de setembro: Greenpeace Brasil realiza a\u00e7\u00e3o pac\u00edfica em Copacabana pedindo a \u201cindepend\u00eancia de combust\u00edveis f\u00f3sseis\u201d\u00a0"},"content":{"rendered":"\n<figure class=\"wp-block-image size-large\"><img loading=\"lazy\" decoding=\"async\" width=\"1024\" height=\"767\" src=\"https:\/\/www.greenpeace.org\/static\/planet4-brasil-stateless\/2025\/09\/f9f142f6-250906_copacabana_thomas_mendel_greenpeace-1-1024x767.jpg\" alt=\"Vista a\u00e9rea da Praia de Copacabana, no Rio de Janeiro, com grandes letras pretas na areia formando a frase 'INDEPEND\u00caNCIA DE COMBUST\u00cdVEIS F\u00d3SSEIS'. O mar ocupa a parte inferior da imagem, enquanto a orla e o cal\u00e7ad\u00e3o com ondas em preto e branco aparecem acima. Ao lado da frase, em verde, est\u00e1 escrito 'Greenpeace'.\" class=\"wp-image-59585\" srcset=\"https:\/\/www.greenpeace.org\/static\/planet4-brasil-stateless\/2025\/09\/f9f142f6-250906_copacabana_thomas_mendel_greenpeace-1-1024x767.jpg 1024w, https:\/\/www.greenpeace.org\/static\/planet4-brasil-stateless\/2025\/09\/f9f142f6-250906_copacabana_thomas_mendel_greenpeace-1-300x225.jpg 300w, https:\/\/www.greenpeace.org\/static\/planet4-brasil-stateless\/2025\/09\/f9f142f6-250906_copacabana_thomas_mendel_greenpeace-1-768x575.jpg 768w, https:\/\/www.greenpeace.org\/static\/planet4-brasil-stateless\/2025\/09\/f9f142f6-250906_copacabana_thomas_mendel_greenpeace-1-1536x1150.jpg 1536w, https:\/\/www.greenpeace.org\/static\/planet4-brasil-stateless\/2025\/09\/f9f142f6-250906_copacabana_thomas_mendel_greenpeace-1-2048x1534.jpg 2048w, https:\/\/www.greenpeace.org\/static\/planet4-brasil-stateless\/2025\/09\/f9f142f6-250906_copacabana_thomas_mendel_greenpeace-1-1824x1366.jpg 1824w, https:\/\/www.greenpeace.org\/static\/planet4-brasil-stateless\/2025\/09\/f9f142f6-250906_copacabana_thomas_mendel_greenpeace-1-454x340.jpg 454w\" sizes=\"auto, (max-width: 1024px) 100vw, 1024px\" \/><figcaption class=\"wp-element-caption\"><em>Protesto pac\u00edfico do Greenpeace Brasil na praia de Copacabana, no Rio de Janeiro, em refer\u00eancia \u00e0 data comemorativa de 7 de setembro.&nbsp;<\/em><br><em>Foto: Thomas Mendel\/Greenpeace<\/em><\/figcaption><\/figure>\n\n<p class=\"has-text-align-center\"><em>Manifesta\u00e7\u00e3o denuncia que avan\u00e7o da explora\u00e7\u00e3o de petr\u00f3leo no Brasil conduz o pa\u00eds a um projeto econ\u00f4mico insustent\u00e1vel, baseado em um modelo extrativista ultrapassado, socialmente excludente e ambientalmente predat\u00f3rio<\/em><\/p>\n\n<p><strong>Rio de Janeiro, 7 setembro de 2025 &#8211;<\/strong> Nas areias da praia de Copacabana, no Rio de Janeiro, ativistas do Greenpeace Brasil montaram uma frase gigante, de 150 metros de extens\u00e3o, com os dizeres: <em>\u201cIndepend\u00eancia de Combust\u00edveis F\u00f3sseis\u201d, <\/em>uma alus\u00e3o ao 07 de setembro, data em que o Brasil comemora a independ\u00eancia do pa\u00eds. A manifesta\u00e7\u00e3o pac\u00edfica tamb\u00e9m teve por objetivo chamar a aten\u00e7\u00e3o para o avan\u00e7o perigoso da explora\u00e7\u00e3o de petr\u00f3leo na Bacia da Foz do Amazonas.&nbsp;<\/p>\n\n<blockquote class=\"wp-block-quote is-layout-flow wp-block-quote-is-layout-flow\">\n<p>\u201cA verdadeira independ\u00eancia que dever\u00edamos buscar e celebrar hoje, 7 de setembro, \u00e9 a que nos liberta dos combust\u00edveis f\u00f3sseis. No entanto, esse grito de liberdade segue preso na garganta, j\u00e1 que seguimos sem uma perspectiva de um plano de transi\u00e7\u00e3o energ\u00e9tica que seja justo e esteja \u00e0 altura da lideran\u00e7a clim\u00e1tica que o Brasil deseja exercer<\/p>\n<\/blockquote>\n\n<p>Alerta a porta-voz de Oceanos do <em>Greenpeace Brasil<\/em>, <strong>Mariana Andrade<\/strong>.<\/p>\n<div data-hydrate=\"planet4-blocks\/gallery\" data-attributes=\"{&quot;attributes&quot;:{&quot;gallery_block_title&quot;:&quot;Independ\\u00eancia ou f\\u00f3ssil?&quot;,&quot;multiple_image&quot;:&quot;59589,59592,59593,59588,59591,59587&quot;,&quot;gallery_block_focus_points&quot;:&quot;{\\&quot;59587\\&quot;:\\&quot;50% 50%\\&quot;,\\&quot;59588\\&quot;:\\&quot;50% 50%\\&quot;,\\&quot;59589\\&quot;:\\&quot;48% 47%\\&quot;,\\&quot;59591\\&quot;:\\&quot;50% 50%\\&quot;,\\&quot;59592\\&quot;:\\&quot;50% 50%\\&quot;,\\&quot;59593\\&quot;:\\&quot;50% 50%\\&quot;}&quot;,&quot;image_data&quot;:[{&quot;url&quot;:&quot;https:\\\/\\\/www.greenpeace.org\\\/static\\\/planet4-brasil-stateless\\\/2025\\\/09\\\/7810071e-chao_banner_2_lucas-landau-scaled.jpg&quot;,&quot;focalPoint&quot;:{&quot;x&quot;:&quot;0.48&quot;,&quot;y&quot;:&quot;0.47&quot;},&quot;id&quot;:59589},{&quot;url&quot;:&quot;https:\\\/\\\/www.greenpeace.org\\\/static\\\/planet4-brasil-stateless\\\/2025\\\/09\\\/cd200631-chao_4_lucas-landau-scaled.jpg&quot;,&quot;focalPoint&quot;:{&quot;x&quot;:0.5,&quot;y&quot;:0.5},&quot;id&quot;:59592},{&quot;url&quot;:&quot;https:\\\/\\\/www.greenpeace.org\\\/static\\\/planet4-brasil-stateless\\\/2025\\\/09\\\/3a71de47-chao_6_lucas-landau-scaled.jpg&quot;,&quot;focalPoint&quot;:{&quot;x&quot;:0.5,&quot;y&quot;:0.5},&quot;id&quot;:59593},{&quot;url&quot;:&quot;https:\\\/\\\/www.greenpeace.org\\\/static\\\/planet4-brasil-stateless\\\/2025\\\/09\\\/7810071e-chao_banner_3_lucas-landau-scaled.jpg&quot;,&quot;focalPoint&quot;:{&quot;x&quot;:0.5,&quot;y&quot;:0.5},&quot;id&quot;:59588},{&quot;url&quot;:&quot;https:\\\/\\\/www.greenpeace.org\\\/static\\\/planet4-brasil-stateless\\\/2025\\\/09\\\/39e0c2c5-chao_banner_6_mari_lucas-landau-scaled.jpg&quot;,&quot;focalPoint&quot;:{&quot;x&quot;:0.5,&quot;y&quot;:0.5},&quot;id&quot;:59591},{&quot;url&quot;:&quot;https:\\\/\\\/www.greenpeace.org\\\/static\\\/planet4-brasil-stateless\\\/2025\\\/09\\\/8be14e93-chao_3_lucas-landau-scaled.jpg&quot;,&quot;focalPoint&quot;:{&quot;x&quot;:0.5,&quot;y&quot;:0.5},&quot;id&quot;:59587}],&quot;className&quot;:&quot;is-style-slider&quot;,&quot;gallery_block_style&quot;:0,&quot;gallery_block_description&quot;:&quot;&quot;,&quot;images&quot;:[{&quot;image_src&quot;:&quot;https:\\\/\\\/www.greenpeace.org\\\/static\\\/planet4-brasil-stateless\\\/2025\\\/09\\\/7810071e-chao_banner_2_lucas-landau-scaled.jpg&quot;,&quot;image_srcset&quot;:&quot;https:\\\/\\\/www.greenpeace.org\\\/static\\\/planet4-brasil-stateless\\\/2025\\\/09\\\/7810071e-chao_banner_2_lucas-landau-scaled.jpg 2560w, https:\\\/\\\/www.greenpeace.org\\\/static\\\/planet4-brasil-stateless\\\/2025\\\/09\\\/7810071e-chao_banner_2_lucas-landau-300x200.jpg 300w, https:\\\/\\\/www.greenpeace.org\\\/static\\\/planet4-brasil-stateless\\\/2025\\\/09\\\/7810071e-chao_banner_2_lucas-landau-1024x683.jpg 1024w, https:\\\/\\\/www.greenpeace.org\\\/static\\\/planet4-brasil-stateless\\\/2025\\\/09\\\/7810071e-chao_banner_2_lucas-landau-768x513.jpg 768w, https:\\\/\\\/www.greenpeace.org\\\/static\\\/planet4-brasil-stateless\\\/2025\\\/09\\\/7810071e-chao_banner_2_lucas-landau-1536x1025.jpg 1536w, https:\\\/\\\/www.greenpeace.org\\\/static\\\/planet4-brasil-stateless\\\/2025\\\/09\\\/7810071e-chao_banner_2_lucas-landau-2048x1366.jpg 2048w, https:\\\/\\\/www.greenpeace.org\\\/static\\\/planet4-brasil-stateless\\\/2025\\\/09\\\/7810071e-chao_banner_2_lucas-landau-510x340.jpg 510w&quot;,&quot;image_sizes&quot;:false,&quot;alt_text&quot;:&quot;&quot;,&quot;caption&quot;:&quot;Protesto pac\\u00edfico do Greenpeace Brasil na praia de Copacabana, no Rio de Janeiro, em refer\\u00eancia \\u00e0 data comemorativa de 7 de setembro. \\nFoto: Lucas Landau \\\/Greenpeace \\n&quot;,&quot;focus_image&quot;:&quot;48% 47%&quot;,&quot;credits&quot;:&quot;&quot;},{&quot;image_src&quot;:&quot;https:\\\/\\\/www.greenpeace.org\\\/static\\\/planet4-brasil-stateless\\\/2025\\\/09\\\/cd200631-chao_4_lucas-landau-scaled.jpg&quot;,&quot;image_srcset&quot;:&quot;https:\\\/\\\/www.greenpeace.org\\\/static\\\/planet4-brasil-stateless\\\/2025\\\/09\\\/cd200631-chao_4_lucas-landau-scaled.jpg 2560w, https:\\\/\\\/www.greenpeace.org\\\/static\\\/planet4-brasil-stateless\\\/2025\\\/09\\\/cd200631-chao_4_lucas-landau-300x200.jpg 300w, https:\\\/\\\/www.greenpeace.org\\\/static\\\/planet4-brasil-stateless\\\/2025\\\/09\\\/cd200631-chao_4_lucas-landau-1024x683.jpg 1024w, https:\\\/\\\/www.greenpeace.org\\\/static\\\/planet4-brasil-stateless\\\/2025\\\/09\\\/cd200631-chao_4_lucas-landau-768x513.jpg 768w, https:\\\/\\\/www.greenpeace.org\\\/static\\\/planet4-brasil-stateless\\\/2025\\\/09\\\/cd200631-chao_4_lucas-landau-1536x1025.jpg 1536w, https:\\\/\\\/www.greenpeace.org\\\/static\\\/planet4-brasil-stateless\\\/2025\\\/09\\\/cd200631-chao_4_lucas-landau-2048x1366.jpg 2048w, https:\\\/\\\/www.greenpeace.org\\\/static\\\/planet4-brasil-stateless\\\/2025\\\/09\\\/cd200631-chao_4_lucas-landau-510x340.jpg 510w&quot;,&quot;image_sizes&quot;:false,&quot;alt_text&quot;:&quot;&quot;,&quot;caption&quot;:&quot;Protesto pac\\u00edfico do Greenpeace Brasil na praia de Copacabana, no Rio de Janeiro, em refer\\u00eancia \\u00e0 data comemorativa de 7 de setembro. \\nFoto: Lucas Landau \\\/Greenpeace \\n&quot;,&quot;focus_image&quot;:&quot;50% 50%&quot;,&quot;credits&quot;:&quot;&quot;},{&quot;image_src&quot;:&quot;https:\\\/\\\/www.greenpeace.org\\\/static\\\/planet4-brasil-stateless\\\/2025\\\/09\\\/3a71de47-chao_6_lucas-landau-scaled.jpg&quot;,&quot;image_srcset&quot;:&quot;https:\\\/\\\/www.greenpeace.org\\\/static\\\/planet4-brasil-stateless\\\/2025\\\/09\\\/3a71de47-chao_6_lucas-landau-scaled.jpg 2560w, https:\\\/\\\/www.greenpeace.org\\\/static\\\/planet4-brasil-stateless\\\/2025\\\/09\\\/3a71de47-chao_6_lucas-landau-300x200.jpg 300w, https:\\\/\\\/www.greenpeace.org\\\/static\\\/planet4-brasil-stateless\\\/2025\\\/09\\\/3a71de47-chao_6_lucas-landau-1024x683.jpg 1024w, https:\\\/\\\/www.greenpeace.org\\\/static\\\/planet4-brasil-stateless\\\/2025\\\/09\\\/3a71de47-chao_6_lucas-landau-768x512.jpg 768w, https:\\\/\\\/www.greenpeace.org\\\/static\\\/planet4-brasil-stateless\\\/2025\\\/09\\\/3a71de47-chao_6_lucas-landau-1536x1024.jpg 1536w, https:\\\/\\\/www.greenpeace.org\\\/static\\\/planet4-brasil-stateless\\\/2025\\\/09\\\/3a71de47-chao_6_lucas-landau-2048x1366.jpg 2048w, https:\\\/\\\/www.greenpeace.org\\\/static\\\/planet4-brasil-stateless\\\/2025\\\/09\\\/3a71de47-chao_6_lucas-landau-510x340.jpg 510w&quot;,&quot;image_sizes&quot;:false,&quot;alt_text&quot;:&quot;&quot;,&quot;caption&quot;:&quot;Protesto pac\\u00edfico do Greenpeace Brasil na praia de Copacabana, no Rio de Janeiro, em refer\\u00eancia \\u00e0 data comemorativa de 7 de setembro. \\nFoto: Lucas Landau \\\/Greenpeace \\n&quot;,&quot;focus_image&quot;:&quot;50% 50%&quot;,&quot;credits&quot;:&quot;&quot;},{&quot;image_src&quot;:&quot;https:\\\/\\\/www.greenpeace.org\\\/static\\\/planet4-brasil-stateless\\\/2025\\\/09\\\/7810071e-chao_banner_3_lucas-landau-scaled.jpg&quot;,&quot;image_srcset&quot;:&quot;https:\\\/\\\/www.greenpeace.org\\\/static\\\/planet4-brasil-stateless\\\/2025\\\/09\\\/7810071e-chao_banner_3_lucas-landau-scaled.jpg 2560w, https:\\\/\\\/www.greenpeace.org\\\/static\\\/planet4-brasil-stateless\\\/2025\\\/09\\\/7810071e-chao_banner_3_lucas-landau-300x200.jpg 300w, https:\\\/\\\/www.greenpeace.org\\\/static\\\/planet4-brasil-stateless\\\/2025\\\/09\\\/7810071e-chao_banner_3_lucas-landau-1024x683.jpg 1024w, https:\\\/\\\/www.greenpeace.org\\\/static\\\/planet4-brasil-stateless\\\/2025\\\/09\\\/7810071e-chao_banner_3_lucas-landau-768x513.jpg 768w, https:\\\/\\\/www.greenpeace.org\\\/static\\\/planet4-brasil-stateless\\\/2025\\\/09\\\/7810071e-chao_banner_3_lucas-landau-1536x1025.jpg 1536w, https:\\\/\\\/www.greenpeace.org\\\/static\\\/planet4-brasil-stateless\\\/2025\\\/09\\\/7810071e-chao_banner_3_lucas-landau-2048x1366.jpg 2048w, https:\\\/\\\/www.greenpeace.org\\\/static\\\/planet4-brasil-stateless\\\/2025\\\/09\\\/7810071e-chao_banner_3_lucas-landau-510x340.jpg 510w&quot;,&quot;image_sizes&quot;:false,&quot;alt_text&quot;:&quot;&quot;,&quot;caption&quot;:&quot;Protesto pac\\u00edfico do Greenpeace Brasil na praia de Copacabana, no Rio de Janeiro, em refer\\u00eancia \\u00e0 data comemorativa de 7 de setembro. \\nFoto: Lucas Landau \\\/Greenpeace \\n&quot;,&quot;focus_image&quot;:&quot;50% 50%&quot;,&quot;credits&quot;:&quot;&quot;},{&quot;image_src&quot;:&quot;https:\\\/\\\/www.greenpeace.org\\\/static\\\/planet4-brasil-stateless\\\/2025\\\/09\\\/39e0c2c5-chao_banner_6_mari_lucas-landau-scaled.jpg&quot;,&quot;image_srcset&quot;:&quot;https:\\\/\\\/www.greenpeace.org\\\/static\\\/planet4-brasil-stateless\\\/2025\\\/09\\\/39e0c2c5-chao_banner_6_mari_lucas-landau-scaled.jpg 2560w, https:\\\/\\\/www.greenpeace.org\\\/static\\\/planet4-brasil-stateless\\\/2025\\\/09\\\/39e0c2c5-chao_banner_6_mari_lucas-landau-300x200.jpg 300w, https:\\\/\\\/www.greenpeace.org\\\/static\\\/planet4-brasil-stateless\\\/2025\\\/09\\\/39e0c2c5-chao_banner_6_mari_lucas-landau-1024x683.jpg 1024w, https:\\\/\\\/www.greenpeace.org\\\/static\\\/planet4-brasil-stateless\\\/2025\\\/09\\\/39e0c2c5-chao_banner_6_mari_lucas-landau-768x513.jpg 768w, https:\\\/\\\/www.greenpeace.org\\\/static\\\/planet4-brasil-stateless\\\/2025\\\/09\\\/39e0c2c5-chao_banner_6_mari_lucas-landau-1536x1025.jpg 1536w, https:\\\/\\\/www.greenpeace.org\\\/static\\\/planet4-brasil-stateless\\\/2025\\\/09\\\/39e0c2c5-chao_banner_6_mari_lucas-landau-2048x1366.jpg 2048w, https:\\\/\\\/www.greenpeace.org\\\/static\\\/planet4-brasil-stateless\\\/2025\\\/09\\\/39e0c2c5-chao_banner_6_mari_lucas-landau-510x340.jpg 510w&quot;,&quot;image_sizes&quot;:false,&quot;alt_text&quot;:&quot;&quot;,&quot;caption&quot;:&quot;Protesto pac\\u00edfico do Greenpeace Brasil na praia de Copacabana, no Rio de Janeiro, em refer\\u00eancia \\u00e0 data comemorativa de 7 de setembro. \\nFoto: Lucas Landau \\\/Greenpeace \\n&quot;,&quot;focus_image&quot;:&quot;50% 50%&quot;,&quot;credits&quot;:&quot;&quot;},{&quot;image_src&quot;:&quot;https:\\\/\\\/www.greenpeace.org\\\/static\\\/planet4-brasil-stateless\\\/2025\\\/09\\\/8be14e93-chao_3_lucas-landau-scaled.jpg&quot;,&quot;image_srcset&quot;:&quot;https:\\\/\\\/www.greenpeace.org\\\/static\\\/planet4-brasil-stateless\\\/2025\\\/09\\\/8be14e93-chao_3_lucas-landau-scaled.jpg 2560w, https:\\\/\\\/www.greenpeace.org\\\/static\\\/planet4-brasil-stateless\\\/2025\\\/09\\\/8be14e93-chao_3_lucas-landau-300x200.jpg 300w, https:\\\/\\\/www.greenpeace.org\\\/static\\\/planet4-brasil-stateless\\\/2025\\\/09\\\/8be14e93-chao_3_lucas-landau-1024x683.jpg 1024w, https:\\\/\\\/www.greenpeace.org\\\/static\\\/planet4-brasil-stateless\\\/2025\\\/09\\\/8be14e93-chao_3_lucas-landau-768x513.jpg 768w&quot;,&quot;image_sizes&quot;:false,&quot;alt_text&quot;:&quot;&quot;,&quot;caption&quot;:&quot;Protesto pac\\u00edfico do Greenpeace Brasil na praia de Copacabana, no Rio de Janeiro, em refer\\u00eancia \\u00e0 data comemorativa de 7 de setembro. \\nFoto: Lucas Landau \\\/Greenpeace \\n&quot;,&quot;focus_image&quot;:&quot;50% 50%&quot;,&quot;credits&quot;:&quot;&quot;}]}}\"><section class=\"block carousel-wrap is-style-slider\"><header><h2 class=\"page-section-header\">Independ\u00eancia ou f\u00f3ssil?<\/h2><\/header><\/section><\/div>\n<p>H\u00e1 anos, o Greenpeace vem alertando que o Brasil deveria estar focado em acelerar medidas para diminuir a demanda interna por petr\u00f3leo e implementar os marcos regulat\u00f3rios que impulsionam a transi\u00e7\u00e3o energ\u00e9tica nacional, respeitando os direitos de comunidades em seus territ\u00f3rios e assegurando a prote\u00e7\u00e3o dos ecossistemas. Al\u00e9m disso, o desenvolvimento do pa\u00eds j\u00e1 deveria estar baseado em uma matriz energ\u00e9tica renov\u00e1vel e na potencializa\u00e7\u00e3o das economias e atividades sustent\u00e1veis que j\u00e1 existem nos territ\u00f3rios amaz\u00f4nicos.&nbsp;<\/p>\n\n<p>Por\u00e9m, na contram\u00e3o da urg\u00eancia da crise clim\u00e1tica, segue a press\u00e3o da Petrobras sobre o Ibama para a emiss\u00e3o de uma licen\u00e7a para a perfura\u00e7\u00e3o do Bloco 59, na Margem Equatorial.&nbsp;<\/p>\n\n<p>No final de agosto, a Petrobras realizou um teste operacional na Bacia da Foz do Amazonas, supervisionado pelo Ibama, como \u00faltima etapa para o processo de licenciamento ambiental para explora\u00e7\u00e3o de petr\u00f3leo no Bloco 59. Na ocasi\u00e3o, o Greenpeace Brasil chamou os testes de \u201c<em><strong>teatro caro e f\u00fanebre que tentou legitimar uma decis\u00e3o capaz de comprometer o futuro da Amaz\u00f4nia e do planeta<\/strong><\/em>\u201d e questionou as contradi\u00e7\u00f5es do governo brasileiro na agenda ambiental.<\/p>\n\n<h3 class=\"wp-block-heading\"><mark style=\"background-color:#80d643\" class=\"has-inline-color has-white-color\">Apostar na abertura de uma nova fronteira de explora\u00e7\u00e3o de petr\u00f3leo, como \u00e9 o caso da Bacia da Foz do Amazonas, n\u00e3o responde \u00e0 necessidade energ\u00e9tica nacional e intensifica a l\u00f3gica de exporta\u00e7\u00e3o e lucro de curto prazo.<\/mark><\/h3>\n\n<h2 class=\"wp-block-heading\"><strong>Petr\u00f3leo na Amaz\u00f4nia n\u00e3o<\/strong><\/h2>\n\n<p>O avan\u00e7o da explora\u00e7\u00e3o de petr\u00f3leo no Brasil, principalmente na Foz do Amazonas, representa um verdadeiro contrassenso ao Brasil. Seguir com a promessa de \u2018<em><strong>explorar at\u00e9 a \u00faltima gota<\/strong><\/em>\u2019 \u00e9 ignorar todos os alertas a respeito da prote\u00e7\u00e3o da Amaz\u00f4nia, suas comunidades e ecossistemas. Abrir novos po\u00e7os de petr\u00f3leo aumenta o risco de desastres ambientais, agrava a crise clim\u00e1tica e aprofunda as desigualdades e as amea\u00e7as que j\u00e1 pairam sobre as popula\u00e7\u00f5es costeiras e a biodiversidade marinha. <\/p>\n\n<p>Diante das mudan\u00e7as clim\u00e1ticas cada vez mais aceleradas e da contribui\u00e7\u00e3o dos combust\u00edveis f\u00f3sseis para a crise global do clima, o Greenpeace defende a urg\u00eancia de o Brasil se comprometer com uma Amaz\u00f4nia livre de petr\u00f3leo.\u00a0<\/p>\n\n<p>Junte-se voc\u00ea tamb\u00e9m a causa, assine a peti\u00e7\u00e3o,<strong> <a href=\"https:\/\/www.greenpeace.org\/brasil\/apoie\/petroleo-na-amazonia-nao\/\" data-type=\"link\" data-id=\"https:\/\/www.greenpeace.org\/brasil\/apoie\/petroleo-na-amazonia-nao\/\">Petr\u00f3leo na Amaz\u00f4nia, N\u00e3o!<\/a><\/strong><\/p>\n\n<p><\/p>\n","protected":false},"excerpt":{"rendered":"<p>Manifesta\u00e7\u00e3o denuncia que avan\u00e7o da explora\u00e7\u00e3o de petr\u00f3leo no Brasil conduz o pa\u00eds a um projeto econ\u00f4mico insustent\u00e1vel, baseado em um modelo extrativista ultrapassado, socialmente excludente e ambientalmente predat\u00f3rio.<\/p>\n","protected":false},"author":136,"featured_media":59585,"comment_status":"open","ping_status":"closed","sticky":false,"template":"","format":"standard","meta":{"ep_exclude_from_search":false,"p4_og_title":"","p4_og_description":"","p4_og_image":"","p4_og_image_id":"","p4_seo_canonical_url":"","p4_campaign_name":"","p4_local_project":"","p4_basket_name":"","p4_department":"","footnotes":""},"categories":[64],"tags":[13,27,42],"p4-page-type":[16],"class_list":["post-59584","post","type-post","status-publish","format-standard","has-post-thumbnail","hentry","category-oceanos","tag-greenpeace","tag-oceanos","tag-justica-climatica","p4-page-type-blog"],"_links":{"self":[{"href":"https:\/\/www.greenpeace.org\/brasil\/wp-json\/wp\/v2\/posts\/59584","targetHints":{"allow":["GET"]}}],"collection":[{"href":"https:\/\/www.greenpeace.org\/brasil\/wp-json\/wp\/v2\/posts"}],"about":[{"href":"https:\/\/www.greenpeace.org\/brasil\/wp-json\/wp\/v2\/types\/post"}],"author":[{"embeddable":true,"href":"https:\/\/www.greenpeace.org\/brasil\/wp-json\/wp\/v2\/users\/136"}],"replies":[{"embeddable":true,"href":"https:\/\/www.greenpeace.org\/brasil\/wp-json\/wp\/v2\/comments?post=59584"}],"version-history":[{"count":2,"href":"https:\/\/www.greenpeace.org\/brasil\/wp-json\/wp\/v2\/posts\/59584\/revisions"}],"predecessor-version":[{"id":59594,"href":"https:\/\/www.greenpeace.org\/brasil\/wp-json\/wp\/v2\/posts\/59584\/revisions\/59594"}],"wp:featuredmedia":[{"embeddable":true,"href":"https:\/\/www.greenpeace.org\/brasil\/wp-json\/wp\/v2\/media\/59585"}],"wp:attachment":[{"href":"https:\/\/www.greenpeace.org\/brasil\/wp-json\/wp\/v2\/media?parent=59584"}],"wp:term":[{"taxonomy":"category","embeddable":true,"href":"https:\/\/www.greenpeace.org\/brasil\/wp-json\/wp\/v2\/categories?post=59584"},{"taxonomy":"post_tag","embeddable":true,"href":"https:\/\/www.greenpeace.org\/brasil\/wp-json\/wp\/v2\/tags?post=59584"},{"taxonomy":"p4-page-type","embeddable":true,"href":"https:\/\/www.greenpeace.org\/brasil\/wp-json\/wp\/v2\/p4-page-type?post=59584"}],"curies":[{"name":"wp","href":"https:\/\/api.w.org\/{rel}","templated":true}]}}