{"id":59972,"date":"2025-09-26T09:00:00","date_gmt":"2025-09-26T12:00:00","guid":{"rendered":"https:\/\/www.greenpeace.org\/brasil\/?p=59972"},"modified":"2025-09-29T13:54:27","modified_gmt":"2025-09-29T16:54:27","slug":"o-triangulo-do-gado-como-uma-fazenda-gigante-e-uma-pequena-propriedade-aparentemente-esquentam-bois-para-a-jbs","status":"publish","type":"post","link":"https:\/\/www.greenpeace.org\/brasil\/blog\/o-triangulo-do-gado-como-uma-fazenda-gigante-e-uma-pequena-propriedade-aparentemente-esquentam-bois-para-a-jbs\/","title":{"rendered":"O Tri\u00e2ngulo do Gado: como uma fazenda gigante e uma pequena propriedade aparentemente esquentam bois para a JBS"},"content":{"rendered":"\n<p><em>Investiga\u00e7\u00e3o revela como uma fazenda gigante embargada e uma pequena propriedade rural formam um esquema de lavagem de gado que abastece a JBS e amea\u00e7a a Amaz\u00f4nia.<\/em><\/p>\n\n<p>Uma nova investiga\u00e7\u00e3o do Greenpeace Brasil lan\u00e7a luz sobre um mecanismo recorrente na Amaz\u00f4nia que, embora amplamente conhecido, segue abrindo caminho para a destrui\u00e7\u00e3o da floresta.<\/p>\n\n<p>O caso mais recente envolve uma fazenda de mais de 10 mil hectares, marcada por desmatamento e embargos, que transfere seus bois para uma propriedade de apenas 64 hectares. Dali, os animais seguem para o frigor\u00edfico da JBS em Santana do Araguaia (PA). O resultado \u00e9 a chamada \u201clavagem de gado\u201d: um esquema que mascara a origem ilegal dos animais e evidencia como, mesmo diante de compromissos p\u00fablicos de desmatamento zero, a maior processadora de carne do mundo continua vinculada a pr\u00e1ticas que destroem a Amaz\u00f4nia.<\/p>\n\n<h3 class=\"wp-block-heading\"><strong>O que parece pequeno, pode esconder algo muito maior<\/strong><\/h3>\n\n<figure class=\"wp-block-image size-large\"><img loading=\"lazy\" decoding=\"async\" width=\"1024\" height=\"552\" src=\"https:\/\/www.greenpeace.org\/static\/planet4-brasil-stateless\/2025\/09\/174b2aea-image-1024x552.png\" alt=\"\" class=\"wp-image-59973\" srcset=\"https:\/\/www.greenpeace.org\/static\/planet4-brasil-stateless\/2025\/09\/174b2aea-image-1024x552.png 1024w, https:\/\/www.greenpeace.org\/static\/planet4-brasil-stateless\/2025\/09\/174b2aea-image-300x162.png 300w, https:\/\/www.greenpeace.org\/static\/planet4-brasil-stateless\/2025\/09\/174b2aea-image-768x414.png 768w, https:\/\/www.greenpeace.org\/static\/planet4-brasil-stateless\/2025\/09\/174b2aea-image-1536x828.png 1536w, https:\/\/www.greenpeace.org\/static\/planet4-brasil-stateless\/2025\/09\/174b2aea-image-510x275.png 510w, https:\/\/www.greenpeace.org\/static\/planet4-brasil-stateless\/2025\/09\/174b2aea-image.png 1600w\" sizes=\"auto, (max-width: 1024px) 100vw, 1024px\" \/><\/figure>\n\n<p>\u00c0 primeira vista, a <strong>Ch\u00e1cara Rancho Alegre<\/strong>, em Santana do Araguaia (PA), parece inofensiva: s\u00e3o apenas <strong>64 hectares<\/strong>, uma propriedade pequena, sem estrutura de fazenda grande, que mede aproximadamente 60 campos de futebol. Mas os n\u00fameros a seguir contam uma hist\u00f3ria bem diferente.<\/p>\n\n<p>Entre 2018 e 2023, a Rancho Alegre movimentou <strong>mais de 4 mil bois<\/strong>. Isso representaria uma produtividade m\u00e9dia de <strong>10 animais por hectare ao ano<\/strong>, mais que o triplo do limite considerado razo\u00e1vel por t\u00e9cnicos (3 cabe\u00e7as\/ha\/ano). Se de fato a Ch\u00e1cara Rancho Alegre tivesse produzido tudo o que aparece em seus registros, seria uma das fazendas mais produtivas da regi\u00e3o, com \u00edndices absurdamente acima da m\u00e9dia, que s\u00e3o incompat\u00edveis com seu tamanho e infraestrutura.&nbsp;&nbsp;<\/p>\n\n<p>A explica\u00e7\u00e3o para essa \u201csuperprodutividade\u201d parece estar na rela\u00e7\u00e3o com a Nova Orleans, uma fazenda gigante marcada por embargos ambientais. A investiga\u00e7\u00e3o do Greenpeace mostrou que bois da grande propriedade foram transferidos para a Ch\u00e1cara Rancho Alegre, que ent\u00e3o vendeu gado ao frigor\u00edfico da JBS em Santana do Araguaia. A Ch\u00e1cara Rancho Alegre, neste caso, parece atuar como um <strong>\u201chub\u201d de triangula\u00e7\u00e3o de gado.<\/strong> \u00c9 como se uma microempresa de bairro registrasse lucros de uma multinacional.<\/p>\n\n<p>Outro fato agravante \u00e9 que as duas fazendas est\u00e3o registradas no Cadastro Ambiental Rural (CAR) em nome de pessoas de uma mesma fam\u00edlia. A fazenda Nova Orleans est\u00e1 em nome de M\u00e1rio Biernaski e a Ch\u00e1cara Rancho Alegre est\u00e1 registrada em nome de Tania Biernaski.<\/p>\n<div data-hydrate=\"planet4-blocks\/gallery\" data-attributes=\"{&quot;attributes&quot;:{&quot;multiple_image&quot;:&quot;59977,59979,59980,59982,59984&quot;,&quot;gallery_block_focus_points&quot;:&quot;{\\&quot;59977\\&quot;:\\&quot;50% 50%\\&quot;,\\&quot;59978\\&quot;:\\&quot;49% 52%\\&quot;,\\&quot;59979\\&quot;:\\&quot;50% 50%\\&quot;,\\&quot;59980\\&quot;:\\&quot;50% 50%\\&quot;,\\&quot;59982\\&quot;:\\&quot;50% 50%\\&quot;}&quot;,&quot;image_data&quot;:[{&quot;url&quot;:&quot;https:\\\/\\\/www.greenpeace.org\\\/static\\\/planet4-brasil-stateless\\\/2025\\\/09\\\/8cceb220-f__4830-scaled.jpg&quot;,&quot;focalPoint&quot;:{&quot;x&quot;:0.5,&quot;y&quot;:0.5},&quot;id&quot;:59977},{&quot;url&quot;:&quot;https:\\\/\\\/www.greenpeace.org\\\/static\\\/planet4-brasil-stateless\\\/2025\\\/09\\\/72956089-f__4511-scaled.jpg&quot;,&quot;focalPoint&quot;:{&quot;x&quot;:0.5,&quot;y&quot;:0.5},&quot;id&quot;:59979},{&quot;url&quot;:&quot;https:\\\/\\\/www.greenpeace.org\\\/static\\\/planet4-brasil-stateless\\\/2025\\\/09\\\/475934bc-f__4548-1-scaled.jpg&quot;,&quot;focalPoint&quot;:{&quot;x&quot;:0.5,&quot;y&quot;:0.5},&quot;id&quot;:59980},{&quot;url&quot;:&quot;https:\\\/\\\/www.greenpeace.org\\\/static\\\/planet4-brasil-stateless\\\/2025\\\/09\\\/a3f115fa-f__5193-scaled.jpg&quot;,&quot;focalPoint&quot;:{&quot;x&quot;:0.5,&quot;y&quot;:0.5},&quot;id&quot;:59982},{&quot;url&quot;:&quot;https:\\\/\\\/www.greenpeace.org\\\/static\\\/planet4-brasil-stateless\\\/2025\\\/09\\\/67dacfc6-f__5283-1-scaled.jpg&quot;,&quot;focalPoint&quot;:{&quot;x&quot;:0.5,&quot;y&quot;:0.5},&quot;id&quot;:59984}],&quot;className&quot;:&quot;is-style-slider&quot;,&quot;gallery_block_style&quot;:0,&quot;gallery_block_title&quot;:&quot;&quot;,&quot;gallery_block_description&quot;:&quot;&quot;,&quot;images&quot;:[{&quot;image_src&quot;:&quot;https:\\\/\\\/www.greenpeace.org\\\/static\\\/planet4-brasil-stateless\\\/2025\\\/09\\\/8cceb220-f__4830-scaled.jpg&quot;,&quot;image_srcset&quot;:&quot;https:\\\/\\\/www.greenpeace.org\\\/static\\\/planet4-brasil-stateless\\\/2025\\\/09\\\/8cceb220-f__4830-scaled.jpg 2560w, https:\\\/\\\/www.greenpeace.org\\\/static\\\/planet4-brasil-stateless\\\/2025\\\/09\\\/8cceb220-f__4830-300x193.jpg 300w, https:\\\/\\\/www.greenpeace.org\\\/static\\\/planet4-brasil-stateless\\\/2025\\\/09\\\/8cceb220-f__4830-1024x659.jpg 1024w, https:\\\/\\\/www.greenpeace.org\\\/static\\\/planet4-brasil-stateless\\\/2025\\\/09\\\/8cceb220-f__4830-768x494.jpg 768w, https:\\\/\\\/www.greenpeace.org\\\/static\\\/planet4-brasil-stateless\\\/2025\\\/09\\\/8cceb220-f__4830-1536x989.jpg 1536w, https:\\\/\\\/www.greenpeace.org\\\/static\\\/planet4-brasil-stateless\\\/2025\\\/09\\\/8cceb220-f__4830-2048x1318.jpg 2048w, https:\\\/\\\/www.greenpeace.org\\\/static\\\/planet4-brasil-stateless\\\/2025\\\/09\\\/8cceb220-f__4830-510x328.jpg 510w&quot;,&quot;image_sizes&quot;:false,&quot;alt_text&quot;:&quot;&quot;,&quot;caption&quot;:&quot;Gado na Fazenda Nova Orleans em agosto de 2025.&quot;,&quot;focus_image&quot;:&quot;50% 50%&quot;,&quot;credits&quot;:&quot;Foto: \\u00a9 Tuane Fernandes \\\/ Greenpeace&quot;},{&quot;image_src&quot;:&quot;https:\\\/\\\/www.greenpeace.org\\\/static\\\/planet4-brasil-stateless\\\/2025\\\/09\\\/72956089-f__4511-scaled.jpg&quot;,&quot;image_srcset&quot;:&quot;https:\\\/\\\/www.greenpeace.org\\\/static\\\/planet4-brasil-stateless\\\/2025\\\/09\\\/72956089-f__4511-scaled.jpg 2560w, https:\\\/\\\/www.greenpeace.org\\\/static\\\/planet4-brasil-stateless\\\/2025\\\/09\\\/72956089-f__4511-300x200.jpg 300w, https:\\\/\\\/www.greenpeace.org\\\/static\\\/planet4-brasil-stateless\\\/2025\\\/09\\\/72956089-f__4511-1024x683.jpg 1024w, https:\\\/\\\/www.greenpeace.org\\\/static\\\/planet4-brasil-stateless\\\/2025\\\/09\\\/72956089-f__4511-768x512.jpg 768w, https:\\\/\\\/www.greenpeace.org\\\/static\\\/planet4-brasil-stateless\\\/2025\\\/09\\\/72956089-f__4511-1536x1024.jpg 1536w, https:\\\/\\\/www.greenpeace.org\\\/static\\\/planet4-brasil-stateless\\\/2025\\\/09\\\/72956089-f__4511-2048x1366.jpg 2048w, https:\\\/\\\/www.greenpeace.org\\\/static\\\/planet4-brasil-stateless\\\/2025\\\/09\\\/72956089-f__4511-510x340.jpg 510w&quot;,&quot;image_sizes&quot;:false,&quot;alt_text&quot;:&quot;&quot;,&quot;caption&quot;:&quot;Gado em \\u00e1rea embargada da Fazenda Nova Orleans em agosto de 2025&quot;,&quot;focus_image&quot;:&quot;50% 50%&quot;,&quot;credits&quot;:&quot;Foto: \\u00a9 Tuane Fernandes \\\/ Greenpeace&quot;},{&quot;image_src&quot;:&quot;https:\\\/\\\/www.greenpeace.org\\\/static\\\/planet4-brasil-stateless\\\/2025\\\/09\\\/475934bc-f__4548-1-scaled.jpg&quot;,&quot;image_srcset&quot;:&quot;https:\\\/\\\/www.greenpeace.org\\\/static\\\/planet4-brasil-stateless\\\/2025\\\/09\\\/475934bc-f__4548-1-scaled.jpg 2560w, https:\\\/\\\/www.greenpeace.org\\\/static\\\/planet4-brasil-stateless\\\/2025\\\/09\\\/475934bc-f__4548-1-300x190.jpg 300w, https:\\\/\\\/www.greenpeace.org\\\/static\\\/planet4-brasil-stateless\\\/2025\\\/09\\\/475934bc-f__4548-1-1024x647.jpg 1024w, https:\\\/\\\/www.greenpeace.org\\\/static\\\/planet4-brasil-stateless\\\/2025\\\/09\\\/475934bc-f__4548-1-768x486.jpg 768w, https:\\\/\\\/www.greenpeace.org\\\/static\\\/planet4-brasil-stateless\\\/2025\\\/09\\\/475934bc-f__4548-1-1536x971.jpg 1536w, https:\\\/\\\/www.greenpeace.org\\\/static\\\/planet4-brasil-stateless\\\/2025\\\/09\\\/475934bc-f__4548-1-2048x1295.jpg 2048w, https:\\\/\\\/www.greenpeace.org\\\/static\\\/planet4-brasil-stateless\\\/2025\\\/09\\\/475934bc-f__4548-1-510x322.jpg 510w&quot;,&quot;image_sizes&quot;:false,&quot;alt_text&quot;:&quot;&quot;,&quot;caption&quot;:&quot;Estruturas da Fazenda Nova Orleans em agosto de 2025.&quot;,&quot;focus_image&quot;:&quot;50% 50%&quot;,&quot;credits&quot;:&quot;Foto: \\u00a9 Tuane Fernandes \\\/ Greenpeace&quot;},{&quot;image_src&quot;:&quot;https:\\\/\\\/www.greenpeace.org\\\/static\\\/planet4-brasil-stateless\\\/2025\\\/09\\\/a3f115fa-f__5193-scaled.jpg&quot;,&quot;image_srcset&quot;:&quot;https:\\\/\\\/www.greenpeace.org\\\/static\\\/planet4-brasil-stateless\\\/2025\\\/09\\\/a3f115fa-f__5193-scaled.jpg 2560w, https:\\\/\\\/www.greenpeace.org\\\/static\\\/planet4-brasil-stateless\\\/2025\\\/09\\\/a3f115fa-f__5193-300x192.jpg 300w, https:\\\/\\\/www.greenpeace.org\\\/static\\\/planet4-brasil-stateless\\\/2025\\\/09\\\/a3f115fa-f__5193-1024x655.jpg 1024w, https:\\\/\\\/www.greenpeace.org\\\/static\\\/planet4-brasil-stateless\\\/2025\\\/09\\\/a3f115fa-f__5193-768x491.jpg 768w, https:\\\/\\\/www.greenpeace.org\\\/static\\\/planet4-brasil-stateless\\\/2025\\\/09\\\/a3f115fa-f__5193-1536x983.jpg 1536w, https:\\\/\\\/www.greenpeace.org\\\/static\\\/planet4-brasil-stateless\\\/2025\\\/09\\\/a3f115fa-f__5193-2048x1310.jpg 2048w, https:\\\/\\\/www.greenpeace.org\\\/static\\\/planet4-brasil-stateless\\\/2025\\\/09\\\/a3f115fa-f__5193-510x326.jpg 510w&quot;,&quot;image_sizes&quot;:false,&quot;alt_text&quot;:&quot;&quot;,&quot;caption&quot;:&quot;Ch\\u00e1cara Rancho Alegre, contornada em destaque amarelo. A \\u00e1rea n\\u00e3o aparenta sinais de animais pastando, ou estrutura para cria\\u00e7\\u00e3o de gado.&quot;,&quot;focus_image&quot;:&quot;50% 50%&quot;,&quot;credits&quot;:&quot;Foto: \\u00a9 Tuane Fernandes \\\/ Greenpeace&quot;},{&quot;image_src&quot;:&quot;https:\\\/\\\/www.greenpeace.org\\\/static\\\/planet4-brasil-stateless\\\/2025\\\/09\\\/67dacfc6-f__5283-1-scaled.jpg&quot;,&quot;image_srcset&quot;:&quot;https:\\\/\\\/www.greenpeace.org\\\/static\\\/planet4-brasil-stateless\\\/2025\\\/09\\\/67dacfc6-f__5283-1-scaled.jpg 2560w, https:\\\/\\\/www.greenpeace.org\\\/static\\\/planet4-brasil-stateless\\\/2025\\\/09\\\/67dacfc6-f__5283-1-300x193.jpg 300w, https:\\\/\\\/www.greenpeace.org\\\/static\\\/planet4-brasil-stateless\\\/2025\\\/09\\\/67dacfc6-f__5283-1-1024x659.jpg 1024w, https:\\\/\\\/www.greenpeace.org\\\/static\\\/planet4-brasil-stateless\\\/2025\\\/09\\\/67dacfc6-f__5283-1-768x494.jpg 768w, https:\\\/\\\/www.greenpeace.org\\\/static\\\/planet4-brasil-stateless\\\/2025\\\/09\\\/67dacfc6-f__5283-1-1536x989.jpg 1536w, https:\\\/\\\/www.greenpeace.org\\\/static\\\/planet4-brasil-stateless\\\/2025\\\/09\\\/67dacfc6-f__5283-1-2048x1318.jpg 2048w, https:\\\/\\\/www.greenpeace.org\\\/static\\\/planet4-brasil-stateless\\\/2025\\\/09\\\/67dacfc6-f__5283-1-510x328.jpg 510w&quot;,&quot;image_sizes&quot;:false,&quot;alt_text&quot;:&quot;&quot;,&quot;caption&quot;:&quot;Frigor\\u00edfico JBS em Santana do Araguaia\\\/PA.&quot;,&quot;focus_image&quot;:&quot;&quot;,&quot;credits&quot;:&quot;Foto: \\u00a9 Tuane Fernandes \\\/ Greenpeace&quot;}]}}\"><section class=\"block carousel-wrap is-style-slider\"><\/section><\/div>\n<p>A <strong>Fazenda Nova Orleans<\/strong> tem mais de <strong>10 mil hectares<\/strong> (o equivalente a quase 10 mil campos de futebol) e j\u00e1 foi alvo de embargos e multas. Em 2011, o Ibama aplicou uma multa de<strong> 8,7 milh\u00f5es de reais<\/strong> por destrui\u00e7\u00e3o de <strong>1.168 hectares de floresta nativa com fogo<\/strong>, al\u00e9m de embargar a \u00e1rea. Em 2018, um novo embargo foi registrado em um \u00e1rea de <strong>534 hectares<\/strong>, prevenindo atividades agrosilvopastoril, com objetivo de recuperar a \u00e1rea degradada. Al\u00e9m disso, a fazenda aparece na Lista do Desmatamento Ilegal do Estado do Par\u00e1 (LDI) por ter devastado <strong>164 hectares<\/strong> em 2013.<\/p>\n\n<p>E n\u00e3o para por a\u00ed: Por conta de v\u00e1rias ocorr\u00eancias, a Fazenda Nova Orleans tamb\u00e9m \u00e9 categorizada como INAPTA pelo Selo Verde, programa de monitoramento e avalia\u00e7\u00e3o de desenvolvimento agropecu\u00e1rio sustent\u00e1vel e combate ao desmatamento ilegal no estado do Par\u00e1. Dentre as irregularidades, h\u00e1 a altera\u00e7\u00e3o nos limites do Cadastro Ambiental Rural (CAR) da propriedade, um recurso que pode ter sido usado para tentar <strong>\u201c<\/strong>apagar\u201d uma grande mancha de desmatamento e escapar da responsabiliza\u00e7\u00e3o.<\/p>\n<div data-hydrate=\"planet4-blocks\/gallery\" data-attributes=\"{&quot;attributes&quot;:{&quot;gallery_block_description&quot;:&quot;&lt;strong&gt;Mapas mostrando embargos, desmatamento e os limites alterados do CAR da Nova Orleans&lt;\\\/strong&gt;&quot;,&quot;multiple_image&quot;:&quot;59988,59989,59990&quot;,&quot;image_data&quot;:[{&quot;url&quot;:&quot;https:\\\/\\\/www.greenpeace.org\\\/static\\\/planet4-brasil-stateless\\\/2025\\\/09\\\/31ff80fe-figura-04-fazenda_nova_orleans_embargos-scaled.jpg&quot;,&quot;focalPoint&quot;:{&quot;x&quot;:0.5,&quot;y&quot;:0.5},&quot;id&quot;:59988},{&quot;url&quot;:&quot;https:\\\/\\\/www.greenpeace.org\\\/static\\\/planet4-brasil-stateless\\\/2025\\\/09\\\/f0995257-figura-07-fazenda_nova_orleans_car2017_car2025-scaled.jpg&quot;,&quot;focalPoint&quot;:{&quot;x&quot;:0.5,&quot;y&quot;:0.5},&quot;id&quot;:59989},{&quot;url&quot;:&quot;https:\\\/\\\/www.greenpeace.org\\\/static\\\/planet4-brasil-stateless\\\/2025\\\/09\\\/12774102-print_prodes_04.jpg&quot;,&quot;focalPoint&quot;:{&quot;x&quot;:0.5,&quot;y&quot;:0.5},&quot;id&quot;:59990}],&quot;className&quot;:&quot;is-style-grid&quot;,&quot;gallery_block_style&quot;:0,&quot;gallery_block_title&quot;:&quot;&quot;,&quot;gallery_block_focus_points&quot;:&quot;&quot;,&quot;images&quot;:[{&quot;image_src&quot;:&quot;https:\\\/\\\/www.greenpeace.org\\\/static\\\/planet4-brasil-stateless\\\/2025\\\/09\\\/31ff80fe-figura-04-fazenda_nova_orleans_embargos-scaled.jpg&quot;,&quot;image_srcset&quot;:&quot;https:\\\/\\\/www.greenpeace.org\\\/static\\\/planet4-brasil-stateless\\\/2025\\\/09\\\/31ff80fe-figura-04-fazenda_nova_orleans_embargos-scaled.jpg 2560w, https:\\\/\\\/www.greenpeace.org\\\/static\\\/planet4-brasil-stateless\\\/2025\\\/09\\\/31ff80fe-figura-04-fazenda_nova_orleans_embargos-300x212.jpg 300w, https:\\\/\\\/www.greenpeace.org\\\/static\\\/planet4-brasil-stateless\\\/2025\\\/09\\\/31ff80fe-figura-04-fazenda_nova_orleans_embargos-1024x724.jpg 1024w, https:\\\/\\\/www.greenpeace.org\\\/static\\\/planet4-brasil-stateless\\\/2025\\\/09\\\/31ff80fe-figura-04-fazenda_nova_orleans_embargos-768x543.jpg 768w, https:\\\/\\\/www.greenpeace.org\\\/static\\\/planet4-brasil-stateless\\\/2025\\\/09\\\/31ff80fe-figura-04-fazenda_nova_orleans_embargos-1536x1086.jpg 1536w, https:\\\/\\\/www.greenpeace.org\\\/static\\\/planet4-brasil-stateless\\\/2025\\\/09\\\/31ff80fe-figura-04-fazenda_nova_orleans_embargos-2048x1448.jpg 2048w, https:\\\/\\\/www.greenpeace.org\\\/static\\\/planet4-brasil-stateless\\\/2025\\\/09\\\/31ff80fe-figura-04-fazenda_nova_orleans_embargos-1932x1366.jpg 1932w, https:\\\/\\\/www.greenpeace.org\\\/static\\\/planet4-brasil-stateless\\\/2025\\\/09\\\/31ff80fe-figura-04-fazenda_nova_orleans_embargos-481x340.jpg 481w&quot;,&quot;image_sizes&quot;:false,&quot;alt_text&quot;:&quot;&quot;,&quot;caption&quot;:&quot;\\u00c1reas embargadas\\nna Fazenda Nova Orleans&quot;,&quot;focus_image&quot;:&quot;&quot;,&quot;credits&quot;:&quot;\\u00a9 Organiza\\u00e7\\u00e3o: Greenpeace Brasil (2025). Fonte: SICAR (2025).&quot;},{&quot;image_src&quot;:&quot;https:\\\/\\\/www.greenpeace.org\\\/static\\\/planet4-brasil-stateless\\\/2025\\\/09\\\/f0995257-figura-07-fazenda_nova_orleans_car2017_car2025-scaled.jpg&quot;,&quot;image_srcset&quot;:&quot;https:\\\/\\\/www.greenpeace.org\\\/static\\\/planet4-brasil-stateless\\\/2025\\\/09\\\/f0995257-figura-07-fazenda_nova_orleans_car2017_car2025-scaled.jpg 2560w, https:\\\/\\\/www.greenpeace.org\\\/static\\\/planet4-brasil-stateless\\\/2025\\\/09\\\/f0995257-figura-07-fazenda_nova_orleans_car2017_car2025-300x212.jpg 300w, https:\\\/\\\/www.greenpeace.org\\\/static\\\/planet4-brasil-stateless\\\/2025\\\/09\\\/f0995257-figura-07-fazenda_nova_orleans_car2017_car2025-1024x724.jpg 1024w, https:\\\/\\\/www.greenpeace.org\\\/static\\\/planet4-brasil-stateless\\\/2025\\\/09\\\/f0995257-figura-07-fazenda_nova_orleans_car2017_car2025-768x543.jpg 768w, https:\\\/\\\/www.greenpeace.org\\\/static\\\/planet4-brasil-stateless\\\/2025\\\/09\\\/f0995257-figura-07-fazenda_nova_orleans_car2017_car2025-1536x1086.jpg 1536w, https:\\\/\\\/www.greenpeace.org\\\/static\\\/planet4-brasil-stateless\\\/2025\\\/09\\\/f0995257-figura-07-fazenda_nova_orleans_car2017_car2025-2048x1448.jpg 2048w, https:\\\/\\\/www.greenpeace.org\\\/static\\\/planet4-brasil-stateless\\\/2025\\\/09\\\/f0995257-figura-07-fazenda_nova_orleans_car2017_car2025-1932x1366.jpg 1932w, https:\\\/\\\/www.greenpeace.org\\\/static\\\/planet4-brasil-stateless\\\/2025\\\/09\\\/f0995257-figura-07-fazenda_nova_orleans_car2017_car2025-481x340.jpg 481w&quot;,&quot;image_sizes&quot;:false,&quot;alt_text&quot;:&quot;&quot;,&quot;caption&quot;:&quot;Mudan\\u00e7a no CAR da Fazenda Nova Orleans. \\u00c1rea sombreada se refere ao CAR 2017, e o contorno amarelo ao CAR 2025 &quot;,&quot;focus_image&quot;:&quot;&quot;,&quot;credits&quot;:&quot;\\u00a9 Fonte: SICAR (2025)&quot;},{&quot;image_src&quot;:&quot;https:\\\/\\\/www.greenpeace.org\\\/static\\\/planet4-brasil-stateless\\\/2025\\\/09\\\/12774102-print_prodes_04.jpg&quot;,&quot;image_srcset&quot;:&quot;https:\\\/\\\/www.greenpeace.org\\\/static\\\/planet4-brasil-stateless\\\/2025\\\/09\\\/12774102-print_prodes_04.jpg 1104w, https:\\\/\\\/www.greenpeace.org\\\/static\\\/planet4-brasil-stateless\\\/2025\\\/09\\\/12774102-print_prodes_04-300x196.jpg 300w, https:\\\/\\\/www.greenpeace.org\\\/static\\\/planet4-brasil-stateless\\\/2025\\\/09\\\/12774102-print_prodes_04-1024x668.jpg 1024w, https:\\\/\\\/www.greenpeace.org\\\/static\\\/planet4-brasil-stateless\\\/2025\\\/09\\\/12774102-print_prodes_04-768x501.jpg 768w, https:\\\/\\\/www.greenpeace.org\\\/static\\\/planet4-brasil-stateless\\\/2025\\\/09\\\/12774102-print_prodes_04-510x333.jpg 510w&quot;,&quot;image_sizes&quot;:false,&quot;alt_text&quot;:&quot;&quot;,&quot;caption&quot;:&quot;Desmatamento PRODES na Fazenda Nova Orleans. \\u00c9 poss\\u00edvel identificar a por\\u00e7\\u00e3o de desmatamento de fora do cadastro ambiental\\nrural ap\\u00f3s a mudan\\u00e7a de limites da propriedade.&quot;,&quot;focus_image&quot;:&quot;&quot;,&quot;credits&quot;:&quot;\\u00a9 Fonte: GREENPEACE BRASIL (2025)&quot;}]}}\"><section class=\"block gallery-grid is-style-grid\"><p class=\"page-section-description\"><strong>Mapas mostrando embargos, desmatamento e os limites alterados do CAR da Nova Orleans<\/strong><\/p><\/section><\/div>\n<h3 class=\"wp-block-heading\"><strong>Como funciona a lavagem de gado, e o elo com a JBS<\/strong><\/h3>\n\n<p>Os dados do banco de rastreabilidade da Friboi confirmam que a JBS comprou diretamente da Rancho Alegre <strong>129 vezes entre 2018 e 2024, <\/strong>que por sua vez recebeu animais da fazenda Nova Orleans entre dezembro de 2018 e agosto de 2023. Isso significa que a empresa recebeu carne contaminada por desmatamento ilegal e outras irregularidades, mesmo ap\u00f3s ter assumido compromissos p\u00fablicos e com o sistema de justi\u00e7a para monitorar seus fornecedores.<\/p>\n\n<p>Na pr\u00e1tica, o frigor\u00edfico foi abastecido por bois de uma fazenda com embargos e multas, e \u201cesquentados\u201d por uma propriedade que \u00e9 pequena demais para justificar os n\u00fameros que apresenta. Para piorar, a Ch\u00e1cara Rancho Alegre nem \u00e9 t\u00e3o limpa assim, j\u00e1 que <strong>consta como Inapta no Selo Verde do Par\u00e1 <\/strong>por ter apresentado desmatamento ap\u00f3s 2008 (cuja Autoriza\u00e7\u00e3o de Supress\u00e3o de Vegeta\u00e7\u00e3o n\u00e3o foi identificada), dentre outros motivos.\u00a0<\/p>\n\n<figure class=\"wp-block-image size-full\"><img loading=\"lazy\" decoding=\"async\" width=\"1855\" height=\"650\" src=\"https:\/\/www.greenpeace.org\/static\/planet4-brasil-stateless\/2025\/09\/441dadeb-fluxograma.png\" alt=\"\" class=\"wp-image-60058\" srcset=\"https:\/\/www.greenpeace.org\/static\/planet4-brasil-stateless\/2025\/09\/441dadeb-fluxograma.png 1855w, https:\/\/www.greenpeace.org\/static\/planet4-brasil-stateless\/2025\/09\/441dadeb-fluxograma-300x105.png 300w, https:\/\/www.greenpeace.org\/static\/planet4-brasil-stateless\/2025\/09\/441dadeb-fluxograma-1024x359.png 1024w, https:\/\/www.greenpeace.org\/static\/planet4-brasil-stateless\/2025\/09\/441dadeb-fluxograma-768x269.png 768w, https:\/\/www.greenpeace.org\/static\/planet4-brasil-stateless\/2025\/09\/441dadeb-fluxograma-1536x538.png 1536w, https:\/\/www.greenpeace.org\/static\/planet4-brasil-stateless\/2025\/09\/441dadeb-fluxograma-510x179.png 510w\" sizes=\"auto, (max-width: 1855px) 100vw, 1855px\" \/><\/figure>\n\n<p><em>*As movimenta\u00e7\u00f5es est\u00e3o detalhados no relat\u00f3rio t\u00e9cnico completo que pode ser consultado <\/em><a href=\"https:\/\/www.greenpeace.org\/static\/planet4-brasil-stateless\/2025\/09\/94600b4e-greenpeace-caso-jbs-lavagem-gado-lowres.pdf\" target=\"_blank\" rel=\"noreferrer noopener\"><em>neste link<\/em><\/a><em>.<\/em><\/p>\n\n<h3 class=\"wp-block-heading\"><strong>N\u00e3o \u00e9 acidente, \u00e9 modelo de neg\u00f3cio<\/strong><\/h3>\n\n<p>O caso do Tri\u00e2ngulo do Gado escancara as brechas que ainda permitem que carne ligada a desmatamento, embargos e viola\u00e7\u00f5es de direitos humanos siga abastecendo frigor\u00edficos e chegue aos pratos dos consumidores.<\/p>\n\n<p>A altera\u00e7\u00e3o de CAR para tentar esconder desmatamento, o prov\u00e1vel uso de uma outra propriedade para esquentar bois de uma fazenda gigante e a omiss\u00e3o de uma das maiores empresas do mundo s\u00e3o faces de um mesmo problema: um modelo de neg\u00f3cios predat\u00f3rio, marcado por liga\u00e7\u00f5es com o desmatamento e com altos volumes de emiss\u00f5es de gases de efeito estufa.<\/p>\n\n<p>A lavagem de gado segue movimentando o desmatamento da Amaz\u00f4nia e, enquanto frigor\u00edficos n\u00e3o monitorarem suas cadeias de ponta a ponta, dificilmente o Brasil chegar\u00e1 ao desmatamento zero. O tempo para promessas j\u00e1 passou, agora \u00e9 necess\u00e1rio mais a\u00e7\u00e3o. Grandes corpora\u00e7\u00f5es como a JBS precisam ser reconhecidas e responsabilizadas pelos danos que causam.<\/p>\n\n<p>Fica evidente tamb\u00e9m a import\u00e2ncia de a\u00e7\u00e3o governamental quando compromissos privados falham. Com a COP30, que ocorrer\u00e1 no cora\u00e7\u00e3o da Amaz\u00f4nia, \u00e9 urgente que governos ajam pelo fim do desmatamento nas florestas e ecossistemas mundiais. N\u00e3o h\u00e1 mais espa\u00e7o para promessas vazias.<\/p>\n\n<p class=\"has-text-align-left has-green-400-background-color has-background\" style=\"font-size:16px\"><strong>Promessas antigas, descumprimentos que persistem<\/strong><br>Desde 2009, ap\u00f3s den\u00fancias do Greenpeace, a JBS assumiu compromissos para eliminar o desmatamento de sua cadeia. O Compromisso P\u00fablico da Pecu\u00e1ria (<a href=\"https:\/\/www.greenpeace.org\/static\/planet4-brasil-stateless\/2018\/07\/criterios-m-nimos-para-opera-2.pdf\">CPP<\/a>) e os Termos de Ajustamento de Conduta (<a href=\"https:\/\/www.boinalinha.org\/wp-content\/uploads\/2024\/08\/Protocolo-Monitoramento-Gado-2ponto0-w5_FINAL.pdf\">TAC<\/a>) da Carne, em acordo com acordo com Minist\u00e9rios P\u00fablicos. Ambos previam regras claras, como n\u00e3o comprar gado de \u00e1reas embargadas, desmatadas legal ou ilegalmente a partir de 2009 (CPP), desmatadas ilegalmente ap\u00f3s 2008 (TAC), sobrepostas a terras ind\u00edgenas ou unidades de conserva\u00e7\u00e3o, sem CAR ou ligadas ao trabalho escravo.<br>Na pr\u00e1tica, por\u00e9m, a JBS segue falhando em monitorar principalmente seus fornecedores indiretos, justamente onde ocorre a maior parte da destrui\u00e7\u00e3o. Promessas feitas h\u00e1 mais de uma d\u00e9cada continuam sem ser cumpridas, enquanto o desmatamento, a grilagem e as viola\u00e7\u00f5es de direitos seguem presentes na cadeia da carne.<br><strong><mark style=\"background-color:#ffe100\" class=\"has-inline-color has-grey-900-color\">Saiba mais sobre estas e outras promessas n\u00e3o cumpridas no site \u201c<a href=\"https:\/\/cozinhandooplaneta.org.br\/?utm_source=p4&amp;utm_medium=organic&amp;utm_campaign=desmatamento&amp;utm_content=link&amp;utm_term=informar\" target=\"_blank\" rel=\"noreferrer noopener\">JBS: Cozinhando o Planeta<\/a>\u201d.<\/mark><\/strong><\/p>\n\n<h3 class=\"wp-block-heading\"><strong>O que precisa acontecer agora<\/strong><\/h3>\n\n<ul class=\"wp-block-list\">\n<li><strong>Combate global ao desmatamento<\/strong>: sob lideran\u00e7a do governo brasileiro, l\u00edderes mundiais devem apresentar at\u00e9 a COP30 um plano concreto para acabar com o desmatamento e a degrada\u00e7\u00e3o das florestas at\u00e9 2030. \u00c9 hora de transformar compromissos em a\u00e7\u00e3o.<\/li>\n\n\n\n<li><strong>Institui\u00e7\u00f5es financeiras<\/strong>: bancos e fundos precisam exercer sua devida dilig\u00eancia, revendo financiamentos e investimentos que alimentam agentes destrutivos do setor pecu\u00e1rio.<\/li>\n\n\n\n<li><strong>Governos<\/strong>: cabe regular com urg\u00eancia os setores agropecu\u00e1rio e financeiro, alinhando-os ao <strong>Acordo de Paris<\/strong>, ao <strong>Marco Global da Biodiversidade<\/strong> e aos <strong>Objetivos de Desenvolvimento Sustent\u00e1vel da ONU<\/strong>. Isso inclui garantir sistemas alimentares justos e sustent\u00e1veis, acabar com o desmatamento e reduzir emiss\u00f5es associadas \u00e0 pecu\u00e1ria, inclusive o metano.<\/li>\n<\/ul>\n\n<p>O lucro n\u00e3o est\u00e1 acima da vida. \u00c9 hora de transformar compromissos em a\u00e7\u00e3o.<\/p>\n\n<div class=\"wp-block-buttons is-content-justification-center is-layout-flex wp-container-core-buttons-is-layout-16018d1d wp-block-buttons-is-layout-flex\">\n<div class=\"wp-block-button is-style-cta\"><a class=\"wp-block-button__link has-text-align-center wp-element-button\" href=\"https:\/\/cozinhandooplaneta.org.br\/?utm_source=p4&amp;utm_medium=organic&amp;utm_campaign=desmatamento&amp;utm_content=link&amp;utm_term=informar\" style=\"box-shadow:var(--wp--preset--shadow--natural)\" target=\"_blank\" rel=\"noreferrer noopener\">A luta contra o desmatamento n\u00e3o acontece apenas na floresta ou nos tribunais. <br>Ela tamb\u00e9m passa pelo que voc\u00ea decide apoiar e exigir como cidad\u00e3o. <br>Assine a <mark style=\"background-color:#f6f4ef\" class=\"has-inline-color\"><strong> peti\u00e7\u00e3o <\/strong><\/mark> que cobra da JBS e das lideran\u00e7as globais o respeito pela Amaz\u00f4nia!<\/a><\/div>\n<\/div>\n\n<p><strong>O que diz a JBS?&nbsp;<\/strong><\/p>\n\n<p>A JBS teve a oportunidade de comentar as conclus\u00f5es do estudo de caso. Em sua resposta, a JBS indicou que todas as compras mencionadas estavam em conformidade com a pol\u00edtica da empresa e com o protocolo setorial e que bloquearam preventivamente a Ch\u00e1cara Rancho Alegre, no Par\u00e1, e solicitaram esclarecimentos ao produtor. A JBS acrescentou ainda que a Fazenda Nova Orleans est\u00e1 bloqueada desde 2014.<\/p>\n","protected":false},"excerpt":{"rendered":"<p>Investiga\u00e7\u00e3o revela como uma fazenda gigante embargada e uma pequena propriedade rural formam um esquema de lavagem de gado que abastece a JBS e amea\u00e7a a Amaz\u00f4nia.<\/p>\n","protected":false},"author":28,"featured_media":59980,"comment_status":"open","ping_status":"closed","sticky":false,"template":"","format":"standard","meta":{"ep_exclude_from_search":false,"p4_og_title":"","p4_og_description":"","p4_og_image":"","p4_og_image_id":"","p4_seo_canonical_url":"","p4_campaign_name":"","p4_local_project":"","p4_basket_name":"","p4_department":"","footnotes":""},"categories":[49],"tags":[46],"p4-page-type":[16],"class_list":["post-59972","post","type-post","status-publish","format-standard","has-post-thumbnail","hentry","category-amazonia","tag-desmatamento","p4-page-type-blog"],"_links":{"self":[{"href":"https:\/\/www.greenpeace.org\/brasil\/wp-json\/wp\/v2\/posts\/59972","targetHints":{"allow":["GET"]}}],"collection":[{"href":"https:\/\/www.greenpeace.org\/brasil\/wp-json\/wp\/v2\/posts"}],"about":[{"href":"https:\/\/www.greenpeace.org\/brasil\/wp-json\/wp\/v2\/types\/post"}],"author":[{"embeddable":true,"href":"https:\/\/www.greenpeace.org\/brasil\/wp-json\/wp\/v2\/users\/28"}],"replies":[{"embeddable":true,"href":"https:\/\/www.greenpeace.org\/brasil\/wp-json\/wp\/v2\/comments?post=59972"}],"version-history":[{"count":8,"href":"https:\/\/www.greenpeace.org\/brasil\/wp-json\/wp\/v2\/posts\/59972\/revisions"}],"predecessor-version":[{"id":60059,"href":"https:\/\/www.greenpeace.org\/brasil\/wp-json\/wp\/v2\/posts\/59972\/revisions\/60059"}],"wp:featuredmedia":[{"embeddable":true,"href":"https:\/\/www.greenpeace.org\/brasil\/wp-json\/wp\/v2\/media\/59980"}],"wp:attachment":[{"href":"https:\/\/www.greenpeace.org\/brasil\/wp-json\/wp\/v2\/media?parent=59972"}],"wp:term":[{"taxonomy":"category","embeddable":true,"href":"https:\/\/www.greenpeace.org\/brasil\/wp-json\/wp\/v2\/categories?post=59972"},{"taxonomy":"post_tag","embeddable":true,"href":"https:\/\/www.greenpeace.org\/brasil\/wp-json\/wp\/v2\/tags?post=59972"},{"taxonomy":"p4-page-type","embeddable":true,"href":"https:\/\/www.greenpeace.org\/brasil\/wp-json\/wp\/v2\/p4-page-type?post=59972"}],"curies":[{"name":"wp","href":"https:\/\/api.w.org\/{rel}","templated":true}]}}