{"id":60193,"date":"2025-10-01T11:33:01","date_gmt":"2025-10-01T14:33:01","guid":{"rendered":"https:\/\/www.greenpeace.org\/brasil\/?p=60193"},"modified":"2025-10-01T11:41:53","modified_gmt":"2025-10-01T14:41:53","slug":"decisao-do-cade-em-manter-moratoria-da-soja-vigente-e-positiva-mas-greenpeace-brasil-alerta-que-medida-nao-e-definitiva","status":"publish","type":"post","link":"https:\/\/www.greenpeace.org\/brasil\/blog\/decisao-do-cade-em-manter-moratoria-da-soja-vigente-e-positiva-mas-greenpeace-brasil-alerta-que-medida-nao-e-definitiva\/","title":{"rendered":"Decis\u00e3o do CADE em manter Morat\u00f3ria da Soja vigente \u00e9 positiva, mas Greenpeace Brasil alerta que medida n\u00e3o \u00e9 definitiva."},"content":{"rendered":"\n<p><em>Conselho Administrativo de Defesa Econ\u00f4mica reviu a medida preventiva que suspendia a Morat\u00f3ria da soja e manteve o acordo vigente, mas ainda h\u00e1 riscos de nova suspens\u00e3o a partir de janeiro de 2026.<\/em><\/p>\n\n<figure class=\"wp-block-image\"><img loading=\"lazy\" decoding=\"async\" width=\"1200\" height=\"800\" src=\"https:\/\/www.greenpeace.org\/static\/planet4-brasil-stateless\/2025\/10\/ac3ac040-gp0stsncm.jpg\" title=\"Agribusiness Rush in the MATOPIBA Region, in Brazil. \u00a9 Marizilda Cruppe \/ Greenpeace\" alt=\"Agribusiness Rush in the MATOPIBA Region, in Brazil. \u00a9 Marizilda Cruppe \/ Greenpeace\" class=\"wp-image-60194\" srcset=\"https:\/\/www.greenpeace.org\/static\/planet4-brasil-stateless\/2025\/10\/ac3ac040-gp0stsncm.jpg 1200w, https:\/\/www.greenpeace.org\/static\/planet4-brasil-stateless\/2025\/10\/ac3ac040-gp0stsncm-300x200.jpg 300w, https:\/\/www.greenpeace.org\/static\/planet4-brasil-stateless\/2025\/10\/ac3ac040-gp0stsncm-1024x683.jpg 1024w, https:\/\/www.greenpeace.org\/static\/planet4-brasil-stateless\/2025\/10\/ac3ac040-gp0stsncm-768x512.jpg 768w, https:\/\/www.greenpeace.org\/static\/planet4-brasil-stateless\/2025\/10\/ac3ac040-gp0stsncm-510x340.jpg 510w\" sizes=\"auto, (max-width: 1200px) 100vw, 1200px\" \/><figcaption class=\"wp-element-caption\">A expans\u00e3o e abertura de campos de soja pressionam recursos naturais e comunidades tradicionais <div class=\"credit icon-left\"> \u00a9 Marizilda Cruppe \/ Greenpeace<\/div><\/figcaption><\/figure>\n\n<p><strong>S\u00e3o Paulo, 30 de setembro de 2025 <\/strong>&#8211; Em sess\u00e3o para julgar um recurso da Abiove para reverter uma medida preventiva que suspendia a Morat\u00f3ria da Soja, o Conselho Administrativo de Defesa Econ\u00f4mica, CADE, decidiu nesta ter\u00e7a-feira (30) por manter o acordo multissetorial vigente enquanto o processo tramita, mas com um adendo: a manuten\u00e7\u00e3o da Morat\u00f3ria est\u00e1 garantida somente at\u00e9 31 de dezembro.<\/p>\n\n<p>O Greenpeace Brasil v\u00ea como positiva a decis\u00e3o dos conselheiros do CADE desta ter\u00e7a, mas analisa que o contexto ainda \u00e9 de vigil\u00e2ncia e aten\u00e7\u00e3o.<\/p>\n\n<p>\u201cO voto dos conselheiros do CADE em manter vigente a Morat\u00f3ria da Soja reconhece o risco de interromper este acordo multissetorial, que apresenta h\u00e1 d\u00e9cadas resultados t\u00e3o positivos para conter o desmatamento da Amaz\u00f4nia. No entanto, seguimos vigilantes para que a iniciativa siga viva e atuante em 2026. A Morat\u00f3ria da Soja foi a primeira iniciativa de desmatamento zero no mundo, meta que hoje faz parte de compromissos corporativos e at\u00e9 do Acordo de Paris, e esperamos que seu papel e contribui\u00e7\u00e3o para a agenda clim\u00e1tica seja reconhecido e referendado pelas autoridades brasileiras, sejam elas do CADE ou Supremo Tribunal Federal, para acabar de vez com os ataques \u00e0 iniciativas que combatem a destrui\u00e7\u00e3o ambiental\u201d, afirma a coordenadora de Florestas do Greenpeace Brasil, Cristiane Mazzetti.<\/p>\n\n<p>Nos \u00faltimos anos, o Greenpeace Brasil vem alertando sobre os ataques \u00e0 Morat\u00f3ria por parte de setores do agroneg\u00f3cio e de pol\u00edticos alinhados aos seus interesses, que t\u00eam atuado para enfraquecer regula\u00e7\u00f5es e leis ambientais \u2013 a exemplo do que tem ocorrido com o PL da Devasta\u00e7\u00e3o.<\/p>\n\n<p>\u201cCom este novo cap\u00edtulo sobre a Morat\u00f3ria da Soja, esperamos que as discuss\u00f5es<br>sigam de maneira a incentivar que iniciativas, privadas, p\u00fablicas ou multissetoriais, possam ir al\u00e9m do que j\u00e1 est\u00e1 determinado por lei para proteger o clima e os ecossistemas. Sem iniciativas adicionais, n\u00e3o chegaremos ao desmatamento zero e nem cumpriremos a meta estampada na NDC brasileira\u201d, completa Mazzetti.<\/p>\n\n<p><strong>O vai-e-vem da Morat\u00f3ria<\/strong><\/p>\n\n<p>Em agosto, <a href=\"https:\/\/www.greenpeace.org\/brasil\/imprensa\/alto-risco-para-a-amazonia-moratoria-da-soja-e-suspensa-apos-forte-pressao-ruralista\/?utm_source=p4&amp;utm_medium=organic&amp;utm_campaign=desmatamento&amp;utm_content=link&amp;utm_term=informar\">uma medida preventiva da Superintend\u00eancia-Geral do CADE<\/a> suspendeu a Morat\u00f3ria da Soja. Essa medida foi levada \u00e0 Justi\u00e7a Federal, em Bras\u00edlia, e suspensa por decis\u00e3o liminar logo na sequ\u00eancia. A decis\u00e3o judicial se deu em a\u00e7\u00e3o ajuizada pela Abiove contra a medida preventiva da Superintend\u00eancia-Geral do CADE, a qual determinou que a preventiva ficaria suspensa at\u00e9 o julgamento do recurso administrativo apresentado pela Abiove ao CADE, o que ocorreu nesta ter\u00e7a-feira.<\/p>\n\n<p>O julgamento do CADE contou com representa\u00e7\u00f5es do IBAMA e Minist\u00e9rio do Meio Ambiente\/AGU, que fizeram sustenta\u00e7\u00e3o oral em defesa da Morat\u00f3ria da Soja, defendendo sua relev\u00e2ncia para a pol\u00edtica p\u00fablica ambiental brasileira e para o combate ao desmatamento, e tamb\u00e9m com alguns conselheiros do CADE reconhecendo, em seus votos, os riscos de dano ambiental irrevers\u00edvel que a suspens\u00e3o do acordo pode ocasionar.<\/p>\n","protected":false},"excerpt":{"rendered":"<p>Greenpeace Brasil alerta que medida n\u00e3o \u00e9 definitiva<\/p>\n","protected":false},"author":142,"featured_media":60194,"comment_status":"open","ping_status":"closed","sticky":false,"template":"","format":"standard","meta":{"ep_exclude_from_search":false,"p4_og_title":"","p4_og_description":"","p4_og_image":"","p4_og_image_id":"","p4_seo_canonical_url":"","p4_campaign_name":"","p4_local_project":"","p4_basket_name":"","p4_department":"","footnotes":""},"categories":[49,70],"tags":[46],"p4-page-type":[16],"class_list":["post-60193","post","type-post","status-publish","format-standard","has-post-thumbnail","hentry","category-amazonia","category-biodiversidade","tag-desmatamento","p4-page-type-blog"],"_links":{"self":[{"href":"https:\/\/www.greenpeace.org\/brasil\/wp-json\/wp\/v2\/posts\/60193","targetHints":{"allow":["GET"]}}],"collection":[{"href":"https:\/\/www.greenpeace.org\/brasil\/wp-json\/wp\/v2\/posts"}],"about":[{"href":"https:\/\/www.greenpeace.org\/brasil\/wp-json\/wp\/v2\/types\/post"}],"author":[{"embeddable":true,"href":"https:\/\/www.greenpeace.org\/brasil\/wp-json\/wp\/v2\/users\/142"}],"replies":[{"embeddable":true,"href":"https:\/\/www.greenpeace.org\/brasil\/wp-json\/wp\/v2\/comments?post=60193"}],"version-history":[{"count":2,"href":"https:\/\/www.greenpeace.org\/brasil\/wp-json\/wp\/v2\/posts\/60193\/revisions"}],"predecessor-version":[{"id":60196,"href":"https:\/\/www.greenpeace.org\/brasil\/wp-json\/wp\/v2\/posts\/60193\/revisions\/60196"}],"wp:featuredmedia":[{"embeddable":true,"href":"https:\/\/www.greenpeace.org\/brasil\/wp-json\/wp\/v2\/media\/60194"}],"wp:attachment":[{"href":"https:\/\/www.greenpeace.org\/brasil\/wp-json\/wp\/v2\/media?parent=60193"}],"wp:term":[{"taxonomy":"category","embeddable":true,"href":"https:\/\/www.greenpeace.org\/brasil\/wp-json\/wp\/v2\/categories?post=60193"},{"taxonomy":"post_tag","embeddable":true,"href":"https:\/\/www.greenpeace.org\/brasil\/wp-json\/wp\/v2\/tags?post=60193"},{"taxonomy":"p4-page-type","embeddable":true,"href":"https:\/\/www.greenpeace.org\/brasil\/wp-json\/wp\/v2\/p4-page-type?post=60193"}],"curies":[{"name":"wp","href":"https:\/\/api.w.org\/{rel}","templated":true}]}}