{"id":60307,"date":"2025-10-13T11:30:00","date_gmt":"2025-10-13T14:30:00","guid":{"rendered":"https:\/\/www.greenpeace.org\/brasil\/?p=60307"},"modified":"2025-10-14T19:50:40","modified_gmt":"2025-10-14T22:50:40","slug":"pre-cop30-greenpeace-brasil-faz-apelo-por-protecao-as-florestas-para-negociadores-de-67-paises-reunidos-em-brasilia","status":"publish","type":"post","link":"https:\/\/www.greenpeace.org\/brasil\/imprensa\/pre-cop30-greenpeace-brasil-faz-apelo-por-protecao-as-florestas-para-negociadores-de-67-paises-reunidos-em-brasilia\/","title":{"rendered":"Pr\u00e9-COP30: Greenpeace Brasil faz apelo por prote\u00e7\u00e3o \u00e0s florestas para negociadores de 67 pa\u00edses reunidos em Bras\u00edlia"},"content":{"rendered":"\n<p class=\"has-text-align-center\"><em>Cerca de 30 ativistas da organiza\u00e7\u00e3o recepcionaram os diplomatas na manh\u00e3 desta segunda-feira (13) com cartazes exigindo a\u00e7\u00e3o na COP30 para o fim do desmatamento;&nbsp;<\/em><\/p>\n\n<p class=\"has-text-align-center\"><em>Pesquisa do Greenpeace mostra que 9 em cada 10 pessoas acreditam que a prote\u00e7\u00e3o das florestas \u00e9 fundamental para combater a crise clim\u00e1tica;\u00a0 No Brasil, 93% acreditam que seus governos deveriam fazer mais para combater o desmatamento;\u00a0<\/em><br><br><em>Confira o sum\u00e1rio executivo da pesquisa aqui (<\/em><a href=\"https:\/\/storage.googleapis.com\/gpbr-public\/Executive%20Summary_%20GP_%20Portugue_s.pdf\"><em>em portugu\u00eas<\/em><\/a><em>) e imagens da a\u00e7\u00e3o do Greenpeace <\/em><a href=\"https:\/\/drive.google.com\/drive\/folders\/1ONeVLaqfI93OXQi1xHikMAXFqW0lqeQa?usp=sharing\"><em>aqui<\/em><\/a><\/p>\n\n<figure class=\"wp-block-image size-large\"><img loading=\"lazy\" decoding=\"async\" width=\"1024\" height=\"684\" src=\"https:\/\/www.greenpeace.org\/static\/planet4-brasil-stateless\/2025\/10\/bb683c24-crs_7644-1024x684.jpg\" alt=\"\" class=\"wp-image-60308\" srcset=\"https:\/\/www.greenpeace.org\/static\/planet4-brasil-stateless\/2025\/10\/bb683c24-crs_7644-1024x684.jpg 1024w, https:\/\/www.greenpeace.org\/static\/planet4-brasil-stateless\/2025\/10\/bb683c24-crs_7644-300x200.jpg 300w, https:\/\/www.greenpeace.org\/static\/planet4-brasil-stateless\/2025\/10\/bb683c24-crs_7644-768x513.jpg 768w, https:\/\/www.greenpeace.org\/static\/planet4-brasil-stateless\/2025\/10\/bb683c24-crs_7644-1536x1025.jpg 1536w, https:\/\/www.greenpeace.org\/static\/planet4-brasil-stateless\/2025\/10\/bb683c24-crs_7644-2048x1367.jpg 2048w, https:\/\/www.greenpeace.org\/static\/planet4-brasil-stateless\/2025\/10\/bb683c24-crs_7644-2046x1366.jpg 2046w, https:\/\/www.greenpeace.org\/static\/planet4-brasil-stateless\/2025\/10\/bb683c24-crs_7644-510x340.jpg 510w\" sizes=\"auto, (max-width: 1024px) 100vw, 1024px\" \/><figcaption class=\"wp-element-caption\"><em>Nesta segunda (13), em Bras\u00edlia, Greenpeace pede a\u00e7\u00e3o pelas florestas.\u00a0<\/em><br><em>Cr\u00e9dito: \u00a9 Cristiane Silva \/ Greenpeace<\/em><\/figcaption><\/figure>\n\n<p><strong>Bras\u00edlia (DF), 13 de outubro de 2025 \u2014<\/strong> Na manh\u00e3 desta segunda-feira (13), dezenas de ativistas do Greenpeace Brasil realizaram uma manifesta\u00e7\u00e3o pac\u00edfica na entrada de onde ocorrem as reuni\u00f5es da pr\u00e9-COP, no Distrito Federal. Os participantes estenderam uma faixa com o dizer \u201cAjam pelas florestas\u201d e \u201cCOP30: act for forests\u201d no local onde os negociadores acessaram o evento. As imagens da manifesta\u00e7\u00e3o est\u00e3o dispon\u00edveis para uso da imprensa, mediante uso do cr\u00e9dito, <a href=\"https:\/\/drive.google.com\/drive\/folders\/1ONeVLaqfI93OXQi1xHikMAXFqW0lqeQa?usp=sharing\">aqui<\/a>.<\/p>\n\n<p>\u201cA COP30 vai ser na floresta, mas onde est\u00e3o as florestas na COP30? \u00c9 isso que n\u00f3s viemos cobrar dos negociadores na pr\u00e9-COP. A menos de 30 dias para a confer\u00eancia, as florestas ainda n\u00e3o s\u00e3o uma prioridade na negocia\u00e7\u00e3o. Isso precisa mudar. Essa COP tem a oportunidade de construir um legado para as florestas e seus povos: um plano de a\u00e7\u00e3o concreto para deter e reverter o desmatamento e a degrada\u00e7\u00e3o florestal at\u00e9 2030. \u00c9 hora de tirar os compromissos do papel e mostrar que o multilateralismo consegue promover as solu\u00e7\u00f5es urgentes necess\u00e1rias contra a crise clim\u00e1tica\u201d, afirma a especialista em Pol\u00edtica Internacional do Greenpeace Brasil, Camila Jardim.<br><br>No fim de semana, o Greenpeace Brasil realizou proje\u00e7\u00f5es em pr\u00e9dios da Capital Federal, incluindo o Congresso Nacional no s\u00e1bado (11)\u00a0 e a regi\u00e3o da Torre de TV no domingo (12), onde negociadores jantavam e puderam ver as mensagens projetadas nos pr\u00e9dios. Veja as imagens da a\u00e7\u00e3o no Congresso Nacional <a href=\"https:\/\/media.greenpeace.org\/Detail\/27MZIFJRUN1M9\">aqui<\/a>.<\/p>\n\n<figure class=\"wp-block-image size-large\"><img loading=\"lazy\" decoding=\"async\" width=\"1024\" height=\"683\" src=\"https:\/\/www.greenpeace.org\/static\/planet4-brasil-stateless\/2025\/10\/01ff2efe-dmk7220-1024x683.jpg\" alt=\"\" class=\"wp-image-60309\" srcset=\"https:\/\/www.greenpeace.org\/static\/planet4-brasil-stateless\/2025\/10\/01ff2efe-dmk7220-1024x683.jpg 1024w, https:\/\/www.greenpeace.org\/static\/planet4-brasil-stateless\/2025\/10\/01ff2efe-dmk7220-300x200.jpg 300w, https:\/\/www.greenpeace.org\/static\/planet4-brasil-stateless\/2025\/10\/01ff2efe-dmk7220-768x512.jpg 768w, https:\/\/www.greenpeace.org\/static\/planet4-brasil-stateless\/2025\/10\/01ff2efe-dmk7220-1536x1024.jpg 1536w, https:\/\/www.greenpeace.org\/static\/planet4-brasil-stateless\/2025\/10\/01ff2efe-dmk7220-2048x1366.jpg 2048w, https:\/\/www.greenpeace.org\/static\/planet4-brasil-stateless\/2025\/10\/01ff2efe-dmk7220-510x340.jpg 510w\" sizes=\"auto, (max-width: 1024px) 100vw, 1024px\" \/><figcaption class=\"wp-element-caption\"><em>Nesta segunda (13), em Bras\u00edlia, Greenpeace pede a\u00e7\u00e3o pelas florestas.\u00a0 Cr\u00e9dito: \u00a9 Cristiane Silva \/ Greenpeace<\/em><\/figcaption><\/figure>\n\n<p><strong>Pesquisa revela apoio da popula\u00e7\u00e3o \u00e0 prote\u00e7\u00e3o das florestas<\/strong><\/p>\n\n<p>As a\u00e7\u00f5es do Greenpeace s\u00e3o respaldadas por uma pesquisa in\u00e9dita, revelada no fim de semana. Realizado em 17 pa\u00edses de cinco continentes, o estudo mostra que 86% das pessoas entrevistadas reconhecem que a prote\u00e7\u00e3o das florestas \u00e9 fundamental no combate \u00e0s mudan\u00e7as clim\u00e1ticas. Al\u00e9m disso, 82% querem que seus governos adotem mais medidas para conter o desmatamento.&nbsp;<\/p>\n\n<p>O estudo foi encomendado pelo Greenpeace Internacional e conduzido pela Opinium&nbsp; entre 5 e 17 de setembro, com uma amostra de 17 mil participantes maiores de 18 anos (mil por pa\u00eds), representativos nacionalmente por idade, g\u00eanero e regi\u00e3o. Participaram da apura\u00e7\u00e3o:<br>\u00c1frica do Sul, Argentina, Alemanha, Austr\u00e1lia, Brasil, Canad\u00e1, Col\u00f4mbia, Coreia do Sul, Dinamarca, Estados Unidos, Espanha, Fran\u00e7a, Indon\u00e9sia, Qu\u00eania, Mal\u00e1sia, Pa\u00edses Baixos e Reino Unido. Os dados completos est\u00e3o dispon\u00edveis para a imprensa<a href=\"https:\/\/storage.googleapis.com\/gpbr-public\/Executive%20Summary_%20GP_%20Portugue_s.pdf\"> aqui.<\/a><\/p>\n\n<p><strong>Brasil<\/strong><\/p>\n\n<p>Os resultados espec\u00edficos do Brasil s\u00e3o ainda mais contundentes: 93% da popula\u00e7\u00e3o defende que os governos devem fazer mais para combater o desmatamento, e 92% veem a prote\u00e7\u00e3o das florestas como fundamental no combate \u00e0s mudan\u00e7as clim\u00e1ticas. Al\u00e9m disso, os povos ind\u00edgenas emergem como os guardi\u00f5es mais confi\u00e1veis: 80% dos brasileiros depositam mais confian\u00e7a neles do que em qualquer institui\u00e7\u00e3o para proteger as florestas.<\/p>\n\n<p>Para garantir a prote\u00e7\u00e3o eficaz das florestas, o Greenpeace faz um apelo aos l\u00edderes globais reunidos na pr\u00e9-COP para que:<\/p>\n\n<ul class=\"wp-block-list\">\n<li>Cumpram seus compromissos e a meta da UNFCCC de deter o desmatamento e a degrada\u00e7\u00e3o florestal at\u00e9 2030, com uma decis\u00e3o que v\u00e1 al\u00e9m de promessas volunt\u00e1rias;<br><\/li>\n\n\n\n<li>Forne\u00e7am financiamento direto para as solu\u00e7\u00f5es de Povos Ind\u00edgenas e Comunidades Locais voltadas \u00e0 prote\u00e7\u00e3o e \u00e0 restaura\u00e7\u00e3o das florestas;<br><\/li>\n\n\n\n<li>Regulem e interrompam o financiamento daqueles que lucram com a destrui\u00e7\u00e3o florestal.<\/li>\n<\/ul>\n\n<p><strong>Greenpeace Brasil prop\u00f5e plano para fim do desmatamento<\/strong><\/p>\n\n<p>A pouco menos de um m\u00eas da COP30, o Greenpeace Brasil apresenta um <a href=\"https:\/\/www.greenpeace.org\/static\/planet4-brasil-stateless\/2025\/08\/9379ca99-plano-de-acao-florestas-cop30.pdf\">plano de a\u00e7\u00e3o<\/a> para colocar as florestas no centro das negocia\u00e7\u00f5es clim\u00e1ticas. A proposta defende a cria\u00e7\u00e3o de um programa de trabalho de cinco anos no \u00e2mbito da Conven\u00e7\u00e3o do Clima das Na\u00e7\u00f5es Unidas (UNFCCC), com a miss\u00e3o de implementar e monitorar a meta global de deter e reverter o desmatamento at\u00e9 2030.<\/p>\n\n<p>O plano busca assegurar o papel dos povos ind\u00edgenas, quilombolas e comunidades tradicionais nas tratativas, garantir acesso direto a financiamento e redirecionar fluxos financeiros para a\u00e7\u00f5es de prote\u00e7\u00e3o e restaura\u00e7\u00e3o florestal, priorizando benef\u00edcios sociais e clim\u00e1ticos.<\/p>\n","protected":false},"excerpt":{"rendered":"<p>Cerca de 30 ativistas da organiza\u00e7\u00e3o recepcionaram os diplomatas na manh\u00e3 desta segunda-feira (13) com cartazes exigindo a\u00e7\u00e3o na COP30 para o fim do desmatamento;&nbsp;<\/p>\n","protected":false},"author":121,"featured_media":60308,"comment_status":"closed","ping_status":"closed","sticky":false,"template":"","format":"standard","meta":{"ep_exclude_from_search":false,"p4_og_title":"","p4_og_description":"","p4_og_image":"","p4_og_image_id":"","p4_seo_canonical_url":"","p4_campaign_name":"","p4_local_project":"","p4_basket_name":"","p4_department":"","footnotes":""},"categories":[74],"tags":[73],"p4-page-type":[14],"class_list":["post-60307","post","type-post","status-publish","format-standard","has-post-thumbnail","hentry","category-cop30","tag-cop30","p4-page-type-imprensa"],"_links":{"self":[{"href":"https:\/\/www.greenpeace.org\/brasil\/wp-json\/wp\/v2\/posts\/60307","targetHints":{"allow":["GET"]}}],"collection":[{"href":"https:\/\/www.greenpeace.org\/brasil\/wp-json\/wp\/v2\/posts"}],"about":[{"href":"https:\/\/www.greenpeace.org\/brasil\/wp-json\/wp\/v2\/types\/post"}],"author":[{"embeddable":true,"href":"https:\/\/www.greenpeace.org\/brasil\/wp-json\/wp\/v2\/users\/121"}],"replies":[{"embeddable":true,"href":"https:\/\/www.greenpeace.org\/brasil\/wp-json\/wp\/v2\/comments?post=60307"}],"version-history":[{"count":1,"href":"https:\/\/www.greenpeace.org\/brasil\/wp-json\/wp\/v2\/posts\/60307\/revisions"}],"predecessor-version":[{"id":60310,"href":"https:\/\/www.greenpeace.org\/brasil\/wp-json\/wp\/v2\/posts\/60307\/revisions\/60310"}],"wp:featuredmedia":[{"embeddable":true,"href":"https:\/\/www.greenpeace.org\/brasil\/wp-json\/wp\/v2\/media\/60308"}],"wp:attachment":[{"href":"https:\/\/www.greenpeace.org\/brasil\/wp-json\/wp\/v2\/media?parent=60307"}],"wp:term":[{"taxonomy":"category","embeddable":true,"href":"https:\/\/www.greenpeace.org\/brasil\/wp-json\/wp\/v2\/categories?post=60307"},{"taxonomy":"post_tag","embeddable":true,"href":"https:\/\/www.greenpeace.org\/brasil\/wp-json\/wp\/v2\/tags?post=60307"},{"taxonomy":"p4-page-type","embeddable":true,"href":"https:\/\/www.greenpeace.org\/brasil\/wp-json\/wp\/v2\/p4-page-type?post=60307"}],"curies":[{"name":"wp","href":"https:\/\/api.w.org\/{rel}","templated":true}]}}