{"id":60339,"date":"2025-10-14T19:44:25","date_gmt":"2025-10-14T22:44:25","guid":{"rendered":"https:\/\/www.greenpeace.org\/brasil\/?p=60339"},"modified":"2025-10-14T19:49:54","modified_gmt":"2025-10-14T22:49:54","slug":"pre-cop30-nao-refletiu-urgencia-de-proteger-as-florestas-e-de-zerar-o-desmatamento-ate-2030","status":"publish","type":"post","link":"https:\/\/www.greenpeace.org\/brasil\/imprensa\/pre-cop30-nao-refletiu-urgencia-de-proteger-as-florestas-e-de-zerar-o-desmatamento-ate-2030\/","title":{"rendered":"Pr\u00e9-COP30 n\u00e3o refletiu urg\u00eancia de proteger as florestas e de zerar o desmatamento at\u00e9 2030"},"content":{"rendered":"\n<p class=\"has-text-align-center\"><em>\u00daltima conversa <\/em>entre pa\u00edses antes da COP30 <em>envia sinais positivos sobre multilateralismo e coopera\u00e7\u00e3o, mas Pr\u00e9-COP n\u00e3o toca em pontos urgentes sobre implementar metas j\u00e1 acordadas no Balan\u00e7o Global de Paris, na COP28.&nbsp;<\/em><\/p>\n\n<p class=\"has-text-align-center\"><em>&nbsp;Agora, Brasil precisa liderar, enquanto presid\u00eancia da COP30, a ado\u00e7\u00e3o de um plano de trabalho de combate ao desmatamento global at\u00e9 2030.<\/em><\/p>\n\n<figure class=\"wp-block-image size-large\"><img loading=\"lazy\" decoding=\"async\" width=\"1024\" height=\"683\" src=\"https:\/\/www.greenpeace.org\/static\/planet4-brasil-stateless\/2025\/10\/6f074ee3-dmk7220-1024x683.jpg\" alt=\"\" class=\"wp-image-60340\" srcset=\"https:\/\/www.greenpeace.org\/static\/planet4-brasil-stateless\/2025\/10\/6f074ee3-dmk7220-1024x683.jpg 1024w, https:\/\/www.greenpeace.org\/static\/planet4-brasil-stateless\/2025\/10\/6f074ee3-dmk7220-300x200.jpg 300w, https:\/\/www.greenpeace.org\/static\/planet4-brasil-stateless\/2025\/10\/6f074ee3-dmk7220-768x512.jpg 768w, https:\/\/www.greenpeace.org\/static\/planet4-brasil-stateless\/2025\/10\/6f074ee3-dmk7220-1536x1024.jpg 1536w, https:\/\/www.greenpeace.org\/static\/planet4-brasil-stateless\/2025\/10\/6f074ee3-dmk7220-2048x1366.jpg 2048w, https:\/\/www.greenpeace.org\/static\/planet4-brasil-stateless\/2025\/10\/6f074ee3-dmk7220-510x340.jpg 510w\" sizes=\"auto, (max-width: 1024px) 100vw, 1024px\" \/><figcaption class=\"wp-element-caption\">Na \u00faltima segunda (13), em Bras\u00edlia, Greenpeace pede a\u00e7\u00e3o pelas florestas. \nCr\u00e9dito: \u00a9 Cristiane Silva \/ Greenpeace<\/figcaption><\/figure>\n\n<p><strong>Bras\u00edlia, 14 de outubro de 2025 &#8211;<\/strong> A Pr\u00e9-COP30 chegou ao fim, nesta ter\u00e7a-feira (14), sem que um assunto central para a COP30 e para a implementa\u00e7\u00e3o do Balan\u00e7o Global do Acordo de Paris (GST) tenha ganhado destaque nas conversas entre as 67 delega\u00e7\u00f5es presentes: a prote\u00e7\u00e3o das florestas. Se o mundo quiser alcan\u00e7ar as metas do Acordo de Paris e deter os efeitos devastadores das mudan\u00e7as clim\u00e1ticas, o Greenpeace alerta que \u00e9 urgente zerar e reverter o desmatamento e a degrada\u00e7\u00e3o florestal global at\u00e9 2030 &#8211; metas previstas nos artigos 33 e 34 do GST.<\/p>\n\n<p>\u201cOnde est\u00e3o as florestas nas negocia\u00e7\u00f5es da COP30? Afinal, um dos grandes diferenciais da COP30 \u00e9 que ela acontece na maior floresta do planeta, que tem papel central no combate e adapta\u00e7\u00e3o \u00e0 crise clim\u00e1tica, mas que tamb\u00e9m est\u00e1 \u00e0 beira do colapso. Na Pr\u00e9-COP30, \u00faltima rodada de conversas antes de Bel\u00e9m, n\u00e3o vimos os pa\u00edses se engajarem em torno de conversas sobre a urgente prote\u00e7\u00e3o das florestas\u201d, afirma a especialista em pol\u00edtica internacional do Greenpeace Brasil, Camila Jardim.&nbsp;<\/p>\n\n<p>Entre os pontos positivos da Pr\u00e9-COP,&nbsp; o Greenpeace destaca que houve um indicativo de avan\u00e7o no alinhamento entre os 67 pa\u00edses presentes em Bras\u00edlia.<\/p>\n\n<p>\u201cAgora, esperamos que o clima positivo de multilateralismo e coopera\u00e7\u00e3o entre os pa\u00edses seja confirmado em Bel\u00e9m\u201d, destaca Jardim.<\/p>\n\n<p><strong>Expectativa para a COP30<\/strong><\/p>\n\n<p>A COP30 deve dar in\u00edcio a uma nova fase de a\u00e7\u00e3o clim\u00e1tica acelerada e transformadora \u2013 n\u00e3o h\u00e1 tempo a perder.<\/p>\n\n<p>\u201cContamos com a lideran\u00e7a do Brasil na COP30 para dar \u00e0 agenda florestal a devida relev\u00e2ncia nas negocia\u00e7\u00f5es clim\u00e1ticas e garantir um legado global para a prote\u00e7\u00e3o das florestas e de seus povos. A COP30 precisa avan\u00e7ar num plano de a\u00e7\u00e3o global para acabar com a destrui\u00e7\u00e3o das florestas at\u00e9 2030 \u201d, diz Jardim.<\/p>\n\n<p>\u201cA COP30 pode ser um marco, mas precisa combinar habilidade diplom\u00e1tica com uma vis\u00e3o ousada, pressionando por resultados tang\u00edveis e lembrando ao mundo que, enquanto alguns investem em guerras, a verdadeira batalha deve ser contra a crise clim\u00e1tica\u201d, complementa.<\/p>\n","protected":false},"excerpt":{"rendered":"<p>\u00daltima conversa entre pa\u00edses antes da COP30 envia sinais positivos sobre multilateralismo e coopera\u00e7\u00e3o, mas Pr\u00e9-COP n\u00e3o toca em pontos urgentes sobre implementar metas j\u00e1 acordadas no Balan\u00e7o Global de&hellip;<\/p>\n","protected":false},"author":121,"featured_media":60340,"comment_status":"closed","ping_status":"closed","sticky":false,"template":"","format":"standard","meta":{"ep_exclude_from_search":false,"p4_og_title":"","p4_og_description":"","p4_og_image":"","p4_og_image_id":"","p4_seo_canonical_url":"","p4_campaign_name":"","p4_local_project":"","p4_basket_name":"","p4_department":"","footnotes":""},"categories":[74],"tags":[73],"p4-page-type":[14],"class_list":["post-60339","post","type-post","status-publish","format-standard","has-post-thumbnail","hentry","category-cop30","tag-cop30","p4-page-type-imprensa"],"_links":{"self":[{"href":"https:\/\/www.greenpeace.org\/brasil\/wp-json\/wp\/v2\/posts\/60339","targetHints":{"allow":["GET"]}}],"collection":[{"href":"https:\/\/www.greenpeace.org\/brasil\/wp-json\/wp\/v2\/posts"}],"about":[{"href":"https:\/\/www.greenpeace.org\/brasil\/wp-json\/wp\/v2\/types\/post"}],"author":[{"embeddable":true,"href":"https:\/\/www.greenpeace.org\/brasil\/wp-json\/wp\/v2\/users\/121"}],"replies":[{"embeddable":true,"href":"https:\/\/www.greenpeace.org\/brasil\/wp-json\/wp\/v2\/comments?post=60339"}],"version-history":[{"count":2,"href":"https:\/\/www.greenpeace.org\/brasil\/wp-json\/wp\/v2\/posts\/60339\/revisions"}],"predecessor-version":[{"id":60342,"href":"https:\/\/www.greenpeace.org\/brasil\/wp-json\/wp\/v2\/posts\/60339\/revisions\/60342"}],"wp:featuredmedia":[{"embeddable":true,"href":"https:\/\/www.greenpeace.org\/brasil\/wp-json\/wp\/v2\/media\/60340"}],"wp:attachment":[{"href":"https:\/\/www.greenpeace.org\/brasil\/wp-json\/wp\/v2\/media?parent=60339"}],"wp:term":[{"taxonomy":"category","embeddable":true,"href":"https:\/\/www.greenpeace.org\/brasil\/wp-json\/wp\/v2\/categories?post=60339"},{"taxonomy":"post_tag","embeddable":true,"href":"https:\/\/www.greenpeace.org\/brasil\/wp-json\/wp\/v2\/tags?post=60339"},{"taxonomy":"p4-page-type","embeddable":true,"href":"https:\/\/www.greenpeace.org\/brasil\/wp-json\/wp\/v2\/p4-page-type?post=60339"}],"curies":[{"name":"wp","href":"https:\/\/api.w.org\/{rel}","templated":true}]}}