{"id":60398,"date":"2025-10-17T15:54:07","date_gmt":"2025-10-17T18:54:07","guid":{"rendered":"https:\/\/www.greenpeace.org\/brasil\/?p=60398"},"modified":"2025-10-17T15:54:10","modified_gmt":"2025-10-17T18:54:10","slug":"sociedade-civil-define-seis-eixos-para-o-sucesso-da-cop-de-belem","status":"publish","type":"post","link":"https:\/\/www.greenpeace.org\/brasil\/imprensa\/sociedade-civil-define-seis-eixos-para-o-sucesso-da-cop-de-belem\/","title":{"rendered":"Sociedade civil define seis eixos para o sucesso da COP de Bel\u00e9m"},"content":{"rendered":"\n<p class=\"has-text-align-center\"><em>Prioridades foram definidas em dois dias de debates sobre as perspectivas da confer\u00eancia e seu potencial de transformar o combate \u00e0 crise do clima<\/em><\/p>\n\n<figure class=\"wp-block-image size-large\"><img loading=\"lazy\" decoding=\"async\" width=\"1024\" height=\"683\" src=\"https:\/\/www.greenpeace.org\/static\/planet4-brasil-stateless\/2025\/10\/6a6edab6-dmk7076-1024x683.jpg\" alt=\"\" class=\"wp-image-60434\" srcset=\"https:\/\/www.greenpeace.org\/static\/planet4-brasil-stateless\/2025\/10\/6a6edab6-dmk7076-1024x683.jpg 1024w, https:\/\/www.greenpeace.org\/static\/planet4-brasil-stateless\/2025\/10\/6a6edab6-dmk7076-300x200.jpg 300w, https:\/\/www.greenpeace.org\/static\/planet4-brasil-stateless\/2025\/10\/6a6edab6-dmk7076-768x512.jpg 768w, https:\/\/www.greenpeace.org\/static\/planet4-brasil-stateless\/2025\/10\/6a6edab6-dmk7076-1536x1024.jpg 1536w, https:\/\/www.greenpeace.org\/static\/planet4-brasil-stateless\/2025\/10\/6a6edab6-dmk7076-2048x1366.jpg 2048w, https:\/\/www.greenpeace.org\/static\/planet4-brasil-stateless\/2025\/10\/6a6edab6-dmk7076-510x340.jpg 510w\" sizes=\"auto, (max-width: 1024px) 100vw, 1024px\" \/><figcaption class=\"wp-element-caption\">Na \u00faltima segunda (13), em Bras\u00edlia, Greenpeace pede a\u00e7\u00e3o pelas florestas. Cr\u00e9dito: \u00a9 Cristiane Silva \/ Greenpeace<\/figcaption><\/figure>\n\n<p>Representantes de organiza\u00e7\u00f5es e movimentos da sociedade civil entregaram<em> <\/em>nesta quinta-feira (16\/10) \u00e0 presid\u00eancia da COP30<em> <\/em>um<a href=\"https:\/\/www.oc.eco.br\/wp-content\/uploads\/2025\/10\/SEM-COLCHETES_final.pdf\"> documento com seis eixos norteadores<\/a> para as negocia\u00e7\u00f5es da confer\u00eancia do clima, que acontecer\u00e1 no pr\u00f3ximo m\u00eas. O compilado \u00e9 resultado do evento O Caminho para Bel\u00e9m: contribui\u00e7\u00f5es da sociedade civil, ocorrido nos dias 14 e 15 em Bras\u00edlia.<\/p>\n\n<p>Na introdu\u00e7\u00e3o, as organiza\u00e7\u00f5es advertem que a humanidade n\u00e3o pode se dar ao luxo de perder mais um ano e mais uma COP. \u201cA ci\u00eancia diz que precisamos acelerar a a\u00e7\u00e3o nesta d\u00e9cada se quisermos evitar uma ultrapassagem permanente e potencialmente catacl\u00edsmica do 1,5 \u00b0C. Bel\u00e9m precisa entregar resultados consistentes em todos os seus pilares para aumentar a ambi\u00e7\u00e3o da a\u00e7\u00e3o clim\u00e1tica, implementar os compromissos que j\u00e1 existem e recuperar a confian\u00e7a na UNFCCC. N\u00e3o \u00e9 tarde demais para isso.\u201d<\/p>\n\n<p>Os debates endere\u00e7aram os principais pontos de um pacote pol\u00edtico e de negocia\u00e7\u00e3o que a COP30 deve entregar:<\/p>\n\n<p><strong>Garantir uma resposta pol\u00edtica ao gap de ambi\u00e7\u00e3o das NDCs<\/strong> \u2013 propor uma sa\u00edda para que os pa\u00edses assumam significativa redu\u00e7\u00e3o de emiss\u00f5es de gases de efeito estufa ainda nesta d\u00e9cada, considerando a meta de 1,5\u00b0C e em linha com os princ\u00edpios de justi\u00e7a e equidade. Ao mesmo tempo, criar um f\u00f3rum anual de alto n\u00edvel para promover e acelerar a implementa\u00e7\u00e3o desses compromissos, as NDCs.<\/p>\n\n<p><strong>Criar um mapa do caminho para a transi\u00e7\u00e3o energ\u00e9tica <\/strong>\u2013 reafirmando a decis\u00e3o da COP28 de fazer uma transi\u00e7\u00e3o justa, ordenada e equitativa para longe dos combust\u00edveis f\u00f3sseis, estabelecer um calend\u00e1rio para a transi\u00e7\u00e3o, conforme delineado na NDC do Brasil, com acompanhamento de alto n\u00edvel.<\/p>\n\n<p><strong>Estabelecer um mecanismo global para transi\u00e7\u00f5es justas<\/strong> \u2013 tal mecanismo deve permitir a coordena\u00e7\u00e3o internacional para acelerar e apoiar os esfor\u00e7os dos pa\u00edses nas transi\u00e7\u00f5es justas, tornando o financiamento, o apoio t\u00e9cnico, a transfer\u00eancia e o co-desenvolvimento de tecnologias mais acess\u00edveis e de maneira que n\u00e3o se criem mais desigualdades (dom\u00e9sticas e entre pa\u00edses).<\/p>\n\n<p><strong>Consolidar um pacote de decis\u00f5es de adapta\u00e7\u00e3o<\/strong> \u2013 entre eles, concluir o Marco UAE\u2013Bel\u00e9m para Resili\u00eancia Clim\u00e1tica Global e aprovar o conjunto completo de indicadores do Objetivo Global de Adapta\u00e7\u00e3o (GGA), com aten\u00e7\u00e3o aos indicadores de meios de implementa\u00e7\u00e3o e \u00e0 inclus\u00e3o de povos ind\u00edgenas, territ\u00f3rios negros e quilombolas, comunidades locais e periferias urbanas.<\/p>\n\n<p><strong>Estabelecer um Programa de Trabalho dedicado \u00e0s sinergias entre clima e natureza e coordenar o trabalho para acabar com o desmatamento e a degrada\u00e7\u00e3o florestal at\u00e9 2030<\/strong> \u2013 o que inclui decidir pela cria\u00e7\u00e3o de um espa\u00e7o permanente de discuss\u00e3o que assegure coer\u00eancia pol\u00edtica entre os regimes de clima, biodiversidade e solos; adotar um plano de a\u00e7\u00e3o concreto para eliminar o desmatamento e a degrada\u00e7\u00e3o florestal at\u00e9 2030, que aborde financiamento, vetores de desmatamento e direitos e conhecimentos de povos ind\u00edgenas e comunidades tradicionais e locais.<\/p>\n\n<p><strong>Assegurar um Roteiro Baku-Bel\u00e9m ambicioso e cr\u00edvel para preencher a lacuna da chamada Nova Meta Global Quantificada<\/strong> \u2013 entre outras recomenda\u00e7\u00f5es para o novo acordo de financiamento clim\u00e1tico, que ele priorize financiamento p\u00fablico, novo, adicional, altamente concessional e previs\u00edvel dos pa\u00edses desenvolvidos aos pa\u00edses em desenvolvimento.<\/p>\n\n<p>Participaram da constru\u00e7\u00e3o das diretrizes representantes de organiza\u00e7\u00f5es de v\u00e1rias partes do mundo e convidados como Selwin Hart, Conselheiro Especial do Secret\u00e1rio-Geral das Na\u00e7\u00f5es Unidas para A\u00e7\u00e3o Clim\u00e1tica e Transi\u00e7\u00e3o Justa; Sonia Guajajara, Ministra dos Povos Ind\u00edgenas do Brasil e l\u00edder do C\u00edrculo dos Povos da COP30; enviados especiais da&nbsp; COP30 \u2013 Joaquim Belo (Sociedade Civil Amaz\u00f4nica); Sineia do Vale (Povos Ind\u00edgenas); Adnan Amin (Oriente M\u00e9dio); Philip Yang (Solu\u00e7\u00f5es Urbanas); Denise Dora (Direitos Humanos e Transi\u00e7\u00e3o Justa) \u2013, entre outros especialistas.<\/p>\n\n<p>O evento foi organizado por Greenpeace, Instituto Clima e Sociedade, Instituto Talanoa, LACLIMA, Observat\u00f3rio do Clima, Plataforma CIP\u00d3, TNC Brasil, Transforma e WWF-Brasil.<\/p>\n\n<p><strong>Declara\u00e7\u00f5es<\/strong><\/p>\n\n<p>\u201cA primeira COP da Amaz\u00f4nia tem a oportunidade de implementar a meta urgente de deter e reverter o desmatamento e a degrada\u00e7\u00e3o florestal at\u00e9 2030, al\u00e9m de ampliar o financiamento clim\u00e1tico p\u00fablico para pa\u00edses em desenvolvimento cumprirem seus compromissos de redu\u00e7\u00e3o de emiss\u00f5es. A COP30 deve dar uma resposta firme \u00e0 lacuna de ambi\u00e7\u00e3o dos planos nacionais, as NDCs, e garantir que sejam implementadas.\u201d Anna C\u00e1rcamo, especialista em pol\u00edtica clim\u00e1tica do Greenpeace Brasil<\/p>\n\n<p>&#8221; N\u00e3o h\u00e1 resili\u00eancia poss\u00edvel, sem previsibilidade no financiamento da adapta\u00e7\u00e3o \u00e0 mudan\u00e7a clim\u00e1tica. Por isso, ser\u00e1 fundamental acordar uma meta de financiamento para adapta\u00e7\u00e3o na COP 30. Sem isso, vamos cair num abismo j\u00e1 no pr\u00f3ximo ano.&#8221; Natalie Unterstell, presidente do Instituto Talanoa<\/p>\n\n<p>\u201cEsta foi uma semana de articula\u00e7\u00e3o tanto entre representantes de pa\u00edses, quanto da sociedade civil. Os avan\u00e7os nas negocia\u00e7\u00f5es n\u00e3o acontecem na velocidade que se espera, mas o ambiente da Pr\u00e9-COP Ministerial parece ter sido construtivo entre os pa\u00edses. A sociedade civil tamb\u00e9m articulou seus consensos e mostrou seu esp\u00edrito colaborativo no documento entregue \u00e0 presid\u00eancia da COP30, o que deixa um sentimento de otimismo para a Confer\u00eancia de Bel\u00e9m.\u201d Andr\u00e9 Castro Santos, diretor t\u00e9cnico da LACLIMA<\/p>\n\n<p>\u201cNesta reta final para a COP30, \u00e9 fundamental que tenhamos claro o que a confer\u00eancia precisa entregar como resultados m\u00ednimos, e esse encontro foi importante para colocar a sociedade civil, especialmente latino-americana, na mesma p\u00e1gina. Esta \u00e9 uma COP diferente das outras, que ocorre no pior momento poss\u00edvel da coopera\u00e7\u00e3o internacional, mas o fracasso n\u00e3o \u00e9 uma op\u00e7\u00e3o.\u201d Claudio Angelo, coordenador de pol\u00edtica internacional do Observat\u00f3rio do Clima<\/p>\n\n<p>\u201cQueremos que as negocia\u00e7\u00f5es sobre transi\u00e7\u00e3o justa sejam a oportunidade definitiva para incorporar o entendimento sobre justi\u00e7a clim\u00e1tica \u00e0s negocia\u00e7\u00f5es da COP que isso esteja no centro das discuss\u00f5es. A Confer\u00eancia de Bel\u00e9m precisa garantir que as a\u00e7\u00f5es clim\u00e1ticas contribuam para reduzir \u2013 e n\u00e3o reproduzir \u2013 desigualdades.\u201d Beatriz Mattos, coordenadora de pesquisa da Plataforma Cip\u00f3<\/p>\n\n<p>&#8220;Defendemos que temas como adapta\u00e7\u00e3o e um mecanismo para transi\u00e7\u00e3o justa estejam no centro do debate, mas outros pontos n\u00e3o devem ser exclu\u00eddos. Natureza e florestas, por exemplo, embora ainda n\u00e3o sejam um item de agenda formal das negocia\u00e7\u00f5es, precisam ter maior destaque, assim como um financiamento robusto e ambicioso. Contamos com a presid\u00eancia do Brasil para avan\u00e7ar nesses pontos, refor\u00e7ando que a participa\u00e7\u00e3o da sociedade civil \u00e9 decisiva para gerar resultados concretos.&#8221; Karen Oliveira, diretora de pol\u00edticas p\u00fablicas e rela\u00e7\u00f5es governamentais da TNC<\/p>\n\n<p>\u201cHoje, como sociedade civil, temos uma vis\u00e3o mais clara dos resultados que devemos garantir na COP30. Essa vis\u00e3o inclui um compromisso global e um plano concreto para deter o desmatamento e a degrada\u00e7\u00e3o florestal at\u00e9 2030, bem como a prote\u00e7\u00e3o de outros ecossistemas estrat\u00e9gicos. Da mesma forma, precisamos tomar a decis\u00e3o de articular o trabalho das Conven\u00e7\u00f5es sobre Biodiversidade, Mudan\u00e7as Clim\u00e1ticas e Desertifica\u00e7\u00e3o para otimizar os recursos e capacidades limitados de todos os pa\u00edses.\u201d Laura Juliana Arciniegas, diretora de Natureza da Transforma<\/p>\n\n<p>&#8220;O documento apresentado hoje destaca pontos cruciais para o enfrentamento da crise clim\u00e1tica, como as lacunas de ambi\u00e7\u00e3o das NDCs, o fim do desmatamento, uma transi\u00e7\u00e3o para longe dos combust\u00edveis f\u00f3sseis, al\u00e9m dos temas como financiamento, adapta\u00e7\u00e3o e transi\u00e7\u00e3o justa. O texto refor\u00e7a caminhos concretos e poss\u00edveis para que esta seja, de fato, a COP da implementa\u00e7\u00e3o, com a garantia de um futuro sustent\u00e1vel para as pessoas e para o nosso planeta.&#8221; Mauricio Voivodic, diretor executivo do WWF-Brasil<\/p>\n\n<p><a href=\"https:\/\/www.oc.eco.br\/wp-content\/uploads\/2025\/10\/SEM-COLCHETES_final.pdf\" data-type=\"link\" data-id=\"https:\/\/www.oc.eco.br\/wp-content\/uploads\/2025\/10\/SEM-COLCHETES_final.pdf\">Documento completo<\/a><\/p>\n\n<p><a href=\"https:\/\/www.youtube.com\/watch?v=ajrHXAJA3eg\" data-type=\"link\" data-id=\"https:\/\/www.youtube.com\/watch?v=ajrHXAJA3eg\">Entrevista coletiva sobre as prioridades da sociedade civil<\/a><\/p>\n","protected":false},"excerpt":{"rendered":"<p>Prioridades foram definidas em dois dias de debates sobre as perspectivas da confer\u00eancia e seupotencial de transformar o combate \u00e0 crise do climaPRESS RELEASERepresentantes de organiza\u00e7\u00f5es e movimentos da sociedade&hellip;<\/p>\n","protected":false},"author":121,"featured_media":60434,"comment_status":"closed","ping_status":"closed","sticky":false,"template":"","format":"standard","meta":{"ep_exclude_from_search":false,"p4_og_title":"","p4_og_description":"","p4_og_image":"","p4_og_image_id":"","p4_seo_canonical_url":"","p4_campaign_name":"","p4_local_project":"","p4_basket_name":"","p4_department":"","footnotes":""},"categories":[74],"tags":[73],"p4-page-type":[14],"class_list":["post-60398","post","type-post","status-publish","format-standard","has-post-thumbnail","hentry","category-cop30","tag-cop30","p4-page-type-imprensa"],"_links":{"self":[{"href":"https:\/\/www.greenpeace.org\/brasil\/wp-json\/wp\/v2\/posts\/60398","targetHints":{"allow":["GET"]}}],"collection":[{"href":"https:\/\/www.greenpeace.org\/brasil\/wp-json\/wp\/v2\/posts"}],"about":[{"href":"https:\/\/www.greenpeace.org\/brasil\/wp-json\/wp\/v2\/types\/post"}],"author":[{"embeddable":true,"href":"https:\/\/www.greenpeace.org\/brasil\/wp-json\/wp\/v2\/users\/121"}],"replies":[{"embeddable":true,"href":"https:\/\/www.greenpeace.org\/brasil\/wp-json\/wp\/v2\/comments?post=60398"}],"version-history":[{"count":1,"href":"https:\/\/www.greenpeace.org\/brasil\/wp-json\/wp\/v2\/posts\/60398\/revisions"}],"predecessor-version":[{"id":60437,"href":"https:\/\/www.greenpeace.org\/brasil\/wp-json\/wp\/v2\/posts\/60398\/revisions\/60437"}],"wp:featuredmedia":[{"embeddable":true,"href":"https:\/\/www.greenpeace.org\/brasil\/wp-json\/wp\/v2\/media\/60434"}],"wp:attachment":[{"href":"https:\/\/www.greenpeace.org\/brasil\/wp-json\/wp\/v2\/media?parent=60398"}],"wp:term":[{"taxonomy":"category","embeddable":true,"href":"https:\/\/www.greenpeace.org\/brasil\/wp-json\/wp\/v2\/categories?post=60398"},{"taxonomy":"post_tag","embeddable":true,"href":"https:\/\/www.greenpeace.org\/brasil\/wp-json\/wp\/v2\/tags?post=60398"},{"taxonomy":"p4-page-type","embeddable":true,"href":"https:\/\/www.greenpeace.org\/brasil\/wp-json\/wp\/v2\/p4-page-type?post=60398"}],"curies":[{"name":"wp","href":"https:\/\/api.w.org\/{rel}","templated":true}]}}