{"id":60766,"date":"2025-10-28T14:19:46","date_gmt":"2025-10-28T17:19:46","guid":{"rendered":"https:\/\/www.greenpeace.org\/brasil\/?p=60766"},"modified":"2025-10-28T14:19:54","modified_gmt":"2025-10-28T17:19:54","slug":"relatorio-sobre-ndcs-expoe-abismo-de-ambicao-climatica-cop30-deve-responder-a-altura","status":"publish","type":"post","link":"https:\/\/www.greenpeace.org\/brasil\/blog\/relatorio-sobre-ndcs-expoe-abismo-de-ambicao-climatica-cop30-deve-responder-a-altura\/","title":{"rendered":"Relat\u00f3rio sobre NDCs exp\u00f5e abismo de ambi\u00e7\u00e3o clim\u00e1tica; COP30 deve responder \u00e0 altura"},"content":{"rendered":"\n<p><em>Para ampliar a ambi\u00e7\u00e3o clim\u00e1tica, Confer\u00eancia em Bel\u00e9m dever\u00e1 acelerar o fim dos combust\u00edveis f\u00f3sseis e tra\u00e7ar um plano para zerar o desmatamento, al\u00e9m de ampliar a adapta\u00e7\u00e3o e o apoio financeiro aos pa\u00edses mais vulnerabilizados.<\/em><\/p>\n\n<figure class=\"wp-block-image size-full\"><img loading=\"lazy\" decoding=\"async\" width=\"800\" height=\"533\" src=\"https:\/\/www.greenpeace.org\/static\/planet4-brasil-stateless\/2024\/07\/354694d2-gp0sty8ei_low-res-800px.jpg\" alt=\"\" class=\"wp-image-53646\" srcset=\"https:\/\/www.greenpeace.org\/static\/planet4-brasil-stateless\/2024\/07\/354694d2-gp0sty8ei_low-res-800px.jpg 800w, https:\/\/www.greenpeace.org\/static\/planet4-brasil-stateless\/2024\/07\/354694d2-gp0sty8ei_low-res-800px-300x200.jpg 300w, https:\/\/www.greenpeace.org\/static\/planet4-brasil-stateless\/2024\/07\/354694d2-gp0sty8ei_low-res-800px-768x512.jpg 768w, https:\/\/www.greenpeace.org\/static\/planet4-brasil-stateless\/2024\/07\/354694d2-gp0sty8ei_low-res-800px-510x340.jpg 510w\" sizes=\"auto, (max-width: 800px) 100vw, 800px\" \/><figcaption class=\"wp-element-caption\"><br>Queimada pr\u00f3xima ao Rio Tef\u00e9, seco devido \u00e0 estiagem, em Tef\u00e9, Amazonas. Em 2023 e 2024, a Amaz\u00f4nia enfrentou uma forte estiagem, que secou leitos de rios e lagos em diversos munic\u00edpios, deixando popula\u00e7\u00f5es isoladas e animais mortos. O fen\u00f4meno de vazante dos rios, que acontece naturalmente, foi potencializado pela combina\u00e7\u00e3o de El Ni\u00f1o e calor extremo, devido \u00e0s mudan\u00e7as clim\u00e1ticas, causando uma emerg\u00eancia ambiental sem precedentes.<\/figcaption><\/figure>\n\n<p>O relat\u00f3rio s\u00edntese <a href=\"https:\/\/unfccc.int\/sites\/default\/files\/resource\/cma2025_08.pdf\">Relat\u00f3rio de S\u00edntese das <strong>Contribui\u00e7\u00f5es Nacionalmente Determinadas de 2025 <\/strong>(NDC Synthesis Report 2025)<\/a> publicado pelas Na\u00e7\u00f5es Unidas nesta ter\u00e7a-feira (28) mostra que, apesar de avan\u00e7os em rela\u00e7\u00e3o \u00e0s NDCs anteriores, as novas contribui\u00e7\u00f5es nacionais s\u00e3o muito inferiores \u00e0 redu\u00e7\u00e3o necess\u00e1ria para manter viva a principal meta do Acordo de Paris, de limitar o aquecimento global a 1,5\u00baC.\u00a0<\/p>\n\n<p>\u201cSe as novas NDCs apresentadas forem efetivamente cumpridas, este relat\u00f3rio da ONU indica que as emiss\u00f5es globais ir\u00e3o reduzir em <strong>17 % at\u00e9 2035 <\/strong>em rela\u00e7\u00e3o \u00e0 2019, uma redu\u00e7\u00e3o muito baixa comparada \u00e0 redu\u00e7\u00e3o necess\u00e1ria indicada pelo IPCC, de <strong>60% at\u00e9 2035\u201d, <\/strong>explica a especialista em pol\u00edtica clim\u00e1tica do Greenpeace Brasil, Anna C\u00e1rcamo.&nbsp;<\/p>\n\n<p>\u201cO relat\u00f3rio da ONU deixa evidente que os compromissos clim\u00e1ticos atuais n\u00e3o bastam para garantir um futuro seguro. A COP30 deve responder de forma efetiva para ampliar a ambi\u00e7\u00e3o e a justi\u00e7a clim\u00e1tica, acelerando o fim dos combust\u00edveis f\u00f3sseis e do desmatamento, e ampliando a adapta\u00e7\u00e3o e o apoio financeiro aos pa\u00edses mais vulnerabilizados\u201d, complementa C\u00e1rcamo.<\/p>\n\n<p>A especialista tamb\u00e9m chama aten\u00e7\u00e3o que o relat\u00f3rio s\u00edntese das NDCs lan\u00e7ado nesta ter\u00e7a-feira avaliou apenas as 64 NDCs que foram apresentadas at\u00e9 o final de setembro de 2025, menos da metade dos pa\u00edses membros do Acordo de Paris.&nbsp;<\/p>\n\n<p>\u201cPa\u00edses grandes emissores, como a Uni\u00e3o Europeia e a China, ainda n\u00e3o apresentaram oficialmente suas NDCs. \u00c0s v\u00e9speras da COP30, esperamos que todos os pa\u00edses apresentem suas novas NDCs antes de Bel\u00e9m, para que possamos ter uma real avalia\u00e7\u00e3o do tamanho da ambi\u00e7\u00e3o clim\u00e1tica &#8211; ou da falta dela &#8211; para contermos a emerg\u00eancia clim\u00e1tica\u201d, alerta C\u00e1rcamo.<br><\/p>\n","protected":false},"excerpt":{"rendered":"<p>Para ampliar a ambi\u00e7\u00e3o clim\u00e1tica, Confer\u00eancia em Bel\u00e9m dever\u00e1 acelerar o fim dos combust\u00edveis f\u00f3sseis e tra\u00e7ar um plano para zerar o desmatamento, al\u00e9m de ampliar a adapta\u00e7\u00e3o e o&hellip;<\/p>\n","protected":false},"author":121,"featured_media":53646,"comment_status":"open","ping_status":"closed","sticky":false,"template":"","format":"standard","meta":{"ep_exclude_from_search":false,"p4_og_title":"","p4_og_description":"","p4_og_image":"","p4_og_image_id":"","p4_seo_canonical_url":"","p4_campaign_name":"","p4_local_project":"","p4_basket_name":"","p4_department":"","footnotes":""},"categories":[74],"tags":[6,73],"p4-page-type":[16],"class_list":["post-60766","post","type-post","status-publish","format-standard","has-post-thumbnail","hentry","category-cop30","tag-clima","tag-cop30","p4-page-type-blog"],"_links":{"self":[{"href":"https:\/\/www.greenpeace.org\/brasil\/wp-json\/wp\/v2\/posts\/60766","targetHints":{"allow":["GET"]}}],"collection":[{"href":"https:\/\/www.greenpeace.org\/brasil\/wp-json\/wp\/v2\/posts"}],"about":[{"href":"https:\/\/www.greenpeace.org\/brasil\/wp-json\/wp\/v2\/types\/post"}],"author":[{"embeddable":true,"href":"https:\/\/www.greenpeace.org\/brasil\/wp-json\/wp\/v2\/users\/121"}],"replies":[{"embeddable":true,"href":"https:\/\/www.greenpeace.org\/brasil\/wp-json\/wp\/v2\/comments?post=60766"}],"version-history":[{"count":1,"href":"https:\/\/www.greenpeace.org\/brasil\/wp-json\/wp\/v2\/posts\/60766\/revisions"}],"predecessor-version":[{"id":60767,"href":"https:\/\/www.greenpeace.org\/brasil\/wp-json\/wp\/v2\/posts\/60766\/revisions\/60767"}],"wp:featuredmedia":[{"embeddable":true,"href":"https:\/\/www.greenpeace.org\/brasil\/wp-json\/wp\/v2\/media\/53646"}],"wp:attachment":[{"href":"https:\/\/www.greenpeace.org\/brasil\/wp-json\/wp\/v2\/media?parent=60766"}],"wp:term":[{"taxonomy":"category","embeddable":true,"href":"https:\/\/www.greenpeace.org\/brasil\/wp-json\/wp\/v2\/categories?post=60766"},{"taxonomy":"post_tag","embeddable":true,"href":"https:\/\/www.greenpeace.org\/brasil\/wp-json\/wp\/v2\/tags?post=60766"},{"taxonomy":"p4-page-type","embeddable":true,"href":"https:\/\/www.greenpeace.org\/brasil\/wp-json\/wp\/v2\/p4-page-type?post=60766"}],"curies":[{"name":"wp","href":"https:\/\/api.w.org\/{rel}","templated":true}]}}