{"id":60825,"date":"2025-10-30T16:04:38","date_gmt":"2025-10-30T19:04:38","guid":{"rendered":"https:\/\/www.greenpeace.org\/brasil\/?p=60825"},"modified":"2025-10-30T16:04:42","modified_gmt":"2025-10-30T19:04:42","slug":"as-vesperas-da-cop30-prodes-mostra-queda-no-desmatamento-consolidado-na-amazonia","status":"publish","type":"post","link":"https:\/\/www.greenpeace.org\/brasil\/imprensa\/as-vesperas-da-cop30-prodes-mostra-queda-no-desmatamento-consolidado-na-amazonia\/","title":{"rendered":"\u00c0s v\u00e9speras da COP30, PRODES mostra queda no desmatamento consolidado na Amaz\u00f4nia"},"content":{"rendered":"\n<p class=\"has-text-align-center\"><em>Entre agosto do ano anterior e julho de 2025, a \u00e1rea desmatada no bioma foi de 5.796 km, uma queda de 11,08%<\/em><\/p>\n\n<p class=\"has-text-align-center\"><em>Para o Greenpeace Brasil, o resultado \u00e9 positivo, mas ainda \u00e9 necess\u00e1rio um plano de a\u00e7\u00e3o global para prote\u00e7\u00e3o das florestas para zerar o desmatamento at\u00e9 2030<\/em><\/p>\n\n<figure class=\"wp-block-image size-full\"><img loading=\"lazy\" decoding=\"async\" width=\"800\" height=\"533\" src=\"https:\/\/www.greenpeace.org\/static\/planet4-brasil-stateless\/2025\/10\/fab77878-gp0su6mtm_low-res-800px.jpg\" alt=\"\" class=\"wp-image-60826\" srcset=\"https:\/\/www.greenpeace.org\/static\/planet4-brasil-stateless\/2025\/10\/fab77878-gp0su6mtm_low-res-800px.jpg 800w, https:\/\/www.greenpeace.org\/static\/planet4-brasil-stateless\/2025\/10\/fab77878-gp0su6mtm_low-res-800px-300x200.jpg 300w, https:\/\/www.greenpeace.org\/static\/planet4-brasil-stateless\/2025\/10\/fab77878-gp0su6mtm_low-res-800px-768x512.jpg 768w, https:\/\/www.greenpeace.org\/static\/planet4-brasil-stateless\/2025\/10\/fab77878-gp0su6mtm_low-res-800px-510x340.jpg 510w\" sizes=\"auto, (max-width: 800px) 100vw, 800px\" \/><figcaption class=\"wp-element-caption\"><em>Monitoramento a\u00e9reo de fogo e desmatamento na Amaz\u00f4nia feito pelo Greenpeace Brasil em agosto de 2025 <\/em><div class=\"credit icon-left\"> \u00a9 Marizilda Cruppe \/ Greenpeace<\/div><\/figcaption><\/figure>\n\n<p><strong>S\u00e3o Paulo, 30 de outubro de 2025 \u2013<\/strong> Os dados do PRODES divulgados hoje (30) pelo Minist\u00e9rio do Meio Ambiente e Clima (MMA) apresentam queda de 11,08% no desmatamento consolidado na Amaz\u00f4nia, em rela\u00e7\u00e3o ao per\u00edodo anterior. A \u00e1rea desmatada na Amaz\u00f4nia entre agosto de 2024 e julho deste ano foi de 5.796 km, a menor taxa de desmatamento em 11 anos, e a terceira menor da s\u00e9rie hist\u00f3rica, desde 1988, al\u00e9m de representar uma redu\u00e7\u00e3o de 50% em rela\u00e7\u00e3o a 2022.&nbsp;<\/p>\n\n<p>\u201cO resultado \u00e9 positivo, mas ainda h\u00e1 espa\u00e7o para avan\u00e7os. \u00c9 fundamental estabelecer salvaguardas permanentes e institucionalizadas, que n\u00e3o dependam de ciclos ou disposi\u00e7\u00e3o governamental, al\u00e9m de assegurar a implementa\u00e7\u00e3o de planos de a\u00e7\u00e3o robustos para per\u00edodos de maior vulnerabilidade clim\u00e1tica.\u201d, afirma a porta-voz da frente de Desmatamento Zero do Greenpeace Brasil, Ana Clis Ferreira.<\/p>\n\n<p>Zerar o desmatamento \u00e9 fundamental para a contribui\u00e7\u00e3o do pa\u00eds no combate \u00e0 crise clim\u00e1tica. A agropecu\u00e1ria e o desmatamento representam 75% das emiss\u00f5es dom\u00e9sticas de Gases de Efeito Estufa. De acordo com estimativas do Sistema de Estimativas de Emiss\u00f5es e Remo\u00e7\u00f5es de Gases de Efeito Estufa (SEEG), do Observat\u00f3rio do Clima, 48% das emiss\u00f5es vieram de mudan\u00e7a do uso da terra e 27% foram provenientes da agropecu\u00e1ria, sobretudo a pecu\u00e1ria.<\/p>\n\n<p>\u201c\u00c9 fundamental avan\u00e7ar na destina\u00e7\u00e3o de terras p\u00fablicas para conserva\u00e7\u00e3o e uso sustent\u00e1vel, demarcar e homologar territ\u00f3rios ind\u00edgenas, titular comunidades quilombolas. Al\u00e9m disso, tamb\u00e9m \u00e9 preciso bloquear todos os caminhos utilizados pelos desmatadores, com a\u00e7\u00f5es estruturantes e medidas de longo prazo, tais como vedar cr\u00e9dito, regular efetivamente os fluxos financeiros que ainda beneficiam quem desmata, aumentar transpar\u00eancia de informa\u00e7\u00f5es socioambientais e implementar mecanismos que promovam a rastreabilidade total de produtos agropecu\u00e1rios\u201d, complementa Ferreira.<\/p>\n\n<p><strong>COP30 e o Plano de A\u00e7\u00e3o Para Florestas<\/strong><\/p>\n\n<p>Entre os poss\u00edveis desdobramentos da COP30, que inicia no dia 10 de novembro, em Bel\u00e9m, surge uma oportunidade \u00fanica para o Brasil liderar um plano de a\u00e7\u00e3o global visando o fim do desmatamento e da degrada\u00e7\u00e3o florestal at\u00e9 2030, aproveitando sua experi\u00eancia e legitimidade na agenda de conserva\u00e7\u00e3o de florestas. Embora a meta tenha sido assumida em 2023, durante a COP28, \u00e9 necess\u00e1rio torn\u00e1-la concreta por meio de mecanismos de implementa\u00e7\u00e3o.<\/p>\n\n<p>\u201cEsse \u00e9 um momento chave para a lideran\u00e7a ambiental do Brasil. Exemplo internacional no combate ao desmatamento e presidente da COP30, o Brasil tem nas m\u00e3os a chance de fazer hist\u00f3ria. \u00c9 hora de transformar sua expertise na defesa das florestas e sua intelig\u00eancia diplom\u00e1tica para liderar, na COP30, um plano de a\u00e7\u00e3o para a implementa\u00e7\u00e3o da meta de deter e reverter o desmatamento e a degrada\u00e7\u00e3o ambiental at\u00e9 2030. Esse seria um grande passo para consolidar uma nova era de implementa\u00e7\u00e3o do Acordo de Paris e uma grande vit\u00f3ria, mostrando que o multilateralismo pode sim dar respostas \u00e0 altura dos desafios da crise clim\u00e1tica.\u201d, afirma a especialista em pol\u00edtica internacional do Greenpeace Brasil, Camila Jardim.<\/p>\n\n<p>O Greenpeace Brasil apresenta um <a href=\"https:\/\/www.greenpeace.org\/static\/planet4-brasil-stateless\/2025\/08\/9379ca99-plano-de-acao-florestas-cop30.pdf\">plano de a\u00e7\u00e3o<\/a> para colocar as florestas no centro das negocia\u00e7\u00f5es clim\u00e1ticas. A proposta defende a cria\u00e7\u00e3o de um Programa de Trabalho de cinco anos no \u00e2mbito da Conven\u00e7\u00e3o-Quadro das Na\u00e7\u00f5es Unidas sobre Mudan\u00e7a do Clima (UNFCCC), com a miss\u00e3o de implementar e monitorar a meta global de deter e reverter o desmatamento at\u00e9 2030.<\/p>\n","protected":false},"excerpt":{"rendered":"<p>Entre agosto do ano anterior e julho de 2025, a \u00e1rea desmatada no bioma foi de 5.796 km, uma queda de 11,08%<\/p>\n","protected":false},"author":116,"featured_media":60826,"comment_status":"closed","ping_status":"closed","sticky":false,"template":"","format":"standard","meta":{"ep_exclude_from_search":false,"p4_og_title":"","p4_og_description":"","p4_og_image":"","p4_og_image_id":"","p4_seo_canonical_url":"","p4_campaign_name":"","p4_local_project":"","p4_basket_name":"","p4_department":"","footnotes":""},"categories":[49],"tags":[46],"p4-page-type":[14],"class_list":["post-60825","post","type-post","status-publish","format-standard","has-post-thumbnail","hentry","category-amazonia","tag-desmatamento","p4-page-type-imprensa"],"_links":{"self":[{"href":"https:\/\/www.greenpeace.org\/brasil\/wp-json\/wp\/v2\/posts\/60825","targetHints":{"allow":["GET"]}}],"collection":[{"href":"https:\/\/www.greenpeace.org\/brasil\/wp-json\/wp\/v2\/posts"}],"about":[{"href":"https:\/\/www.greenpeace.org\/brasil\/wp-json\/wp\/v2\/types\/post"}],"author":[{"embeddable":true,"href":"https:\/\/www.greenpeace.org\/brasil\/wp-json\/wp\/v2\/users\/116"}],"replies":[{"embeddable":true,"href":"https:\/\/www.greenpeace.org\/brasil\/wp-json\/wp\/v2\/comments?post=60825"}],"version-history":[{"count":1,"href":"https:\/\/www.greenpeace.org\/brasil\/wp-json\/wp\/v2\/posts\/60825\/revisions"}],"predecessor-version":[{"id":60827,"href":"https:\/\/www.greenpeace.org\/brasil\/wp-json\/wp\/v2\/posts\/60825\/revisions\/60827"}],"wp:featuredmedia":[{"embeddable":true,"href":"https:\/\/www.greenpeace.org\/brasil\/wp-json\/wp\/v2\/media\/60826"}],"wp:attachment":[{"href":"https:\/\/www.greenpeace.org\/brasil\/wp-json\/wp\/v2\/media?parent=60825"}],"wp:term":[{"taxonomy":"category","embeddable":true,"href":"https:\/\/www.greenpeace.org\/brasil\/wp-json\/wp\/v2\/categories?post=60825"},{"taxonomy":"post_tag","embeddable":true,"href":"https:\/\/www.greenpeace.org\/brasil\/wp-json\/wp\/v2\/tags?post=60825"},{"taxonomy":"p4-page-type","embeddable":true,"href":"https:\/\/www.greenpeace.org\/brasil\/wp-json\/wp\/v2\/p4-page-type?post=60825"}],"curies":[{"name":"wp","href":"https:\/\/api.w.org\/{rel}","templated":true}]}}