{"id":6114,"date":"2018-11-15T10:00:16","date_gmt":"2018-11-15T13:00:16","guid":{"rendered":"https:\/\/www.greenpeace.org\/brasil\/?p=6114"},"modified":"2024-04-03T14:19:32","modified_gmt":"2024-04-03T17:19:32","slug":"defendendo-os-corais-da-amazonia-em-10-imagens","status":"publish","type":"post","link":"https:\/\/www.greenpeace.org\/brasil\/blog\/defendendo-os-corais-da-amazonia-em-10-imagens\/","title":{"rendered":"Defendendo os Corais da Amaz\u00f4nia em 10 imagens"},"content":{"rendered":"<p><span style=\"font-weight: 400;\"><em>Em quase dois anos de campanha para evitar que o petr\u00f3leo ameace um ecossistema \u00fanico, temos imagens hist\u00f3ricas e que contam muito sobre esse trabalho. Qual a sua preferida?<\/em><\/span><\/p>\n<p>Desde janeiro de 2017 estamos defendendo os<strong> Corais da Amaz\u00f4nia<\/strong>\u00a0para evitar que a explora\u00e7\u00e3o de petr\u00f3leo aconte\u00e7a nas proximidades desse ecossistema. Ao longo desse tempo j\u00e1 fizemos muitas atividades diferentes para chamar aten\u00e7\u00e3o das pessoas para proteger o recife e, tamb\u00e9m, para chamar a aten\u00e7\u00e3o das petrol\u00edferas para que elas deixem os Corais em paz.<span style=\"font-weight: 400;\"><br \/><\/span><span style=\"font-weight: 400;\"><br \/><\/span><span style=\"font-weight: 400;\">S\u00e3o muitas as imagens marcantes que contam um pouco sobre a <a href=\"https:\/\/www.greenpeace.org\/brasil\/blog\/relembre-a-jornada-em-defesa-dos-corais-da-amazonia\/\" target=\"_blank\" rel=\"noopener noreferrer\">jornada do <strong>Greenpeace<\/strong> e dos <strong>2 milh\u00f5es de defensores<\/strong><\/a> dos Corais da Amaz\u00f4nia. A seguir, selecionamos algumas para relembrar os melhores momentos. E a\u00ed, qual sua imagem favorita? <\/span><\/p>\n\n\t\t<style type=\"text\/css\">\n\t\t\t#gallery-1 {\n\t\t\t\tmargin: auto;\n\t\t\t}\n\t\t\t#gallery-1 .gallery-item {\n\t\t\t\tfloat: left;\n\t\t\t\tmargin-top: 10px;\n\t\t\t\ttext-align: center;\n\t\t\t\twidth: 33%;\n\t\t\t}\n\t\t\t#gallery-1 img {\n\t\t\t\tborder: 2px solid #cfcfcf;\n\t\t\t}\n\t\t\t#gallery-1 .gallery-caption {\n\t\t\t\tmargin-left: 0;\n\t\t\t}\n\t\t\t\/* see gallery_shortcode() in wp-includes\/media.php *\/\n\t\t<\/style>\n\t\t<div id='gallery-1' class='gallery galleryid-6114 gallery-columns-3 gallery-size-thumbnail'><dl class='gallery-item'>\n\t\t\t<dt class='gallery-icon landscape'>\n\t\t\t\t<img loading=\"lazy\" decoding=\"async\" width=\"150\" height=\"150\" src=\"https:\/\/www.greenpeace.org\/static\/planet4-brasil-stateless\/2018\/11\/666e06f7-gp0stqh8o_web_size_with_credit_line-1-150x150.jpg\" class=\"attachment-thumbnail size-thumbnail wp-stateless-item\" alt=\"Submarino com duas pessoas na superf\u00edcie do oceano. No fundo, o navio do Greenpeace\" aria-describedby=\"gallery-1-6127\" data-image-size=\"thumbnail\" data-stateless-media-bucket=\"planet4-brasil-stateless\" data-stateless-media-name=\"2018\/11\/666e06f7-gp0stqh8o_web_size_with_credit_line-1.jpg\" \/>\n\t\t\t<\/dt>\n\t\t\t\t<dd class='wp-caption-text gallery-caption' id='gallery-1-6127'>\n\t\t\t\tEm janeiro de 2017 fomos at\u00e9 a costa do Amap\u00e1 para buscar os Corais da Amaz\u00f4nia. A bordo do navio Esperanza, t\u00ednhamos um submarino tripulado por duas pessoas. Nesta foto vemos John Hocevar, diretor de campanha de Oceanos do Greenpeace e piloto do submarino. Depois de ir a 190 metros de profundidade e achar o recife, ele disse emocionado: &#8220;Conhecemos mais a superf\u00edcie da Lua do que o fundo dos nossos mares&#8221;. (Foto: \u00a9Marizilda Cruppe\/ Greenpeace)\n\t\t\t\t<\/dd><\/dl><dl class='gallery-item'>\n\t\t\t<dt class='gallery-icon landscape'>\n\t\t\t\t<img loading=\"lazy\" decoding=\"async\" width=\"150\" height=\"150\" src=\"https:\/\/www.greenpeace.org\/static\/planet4-brasil-stateless\/2018\/11\/4e1a4a12-gp0stqh8t_web_size_with_credit_line-150x150.jpg\" class=\"attachment-thumbnail size-thumbnail wp-stateless-item\" alt=\"recife de corais e esponja-do-mar avistado no fundo do mar\" aria-describedby=\"gallery-1-6117\" data-image-size=\"thumbnail\" data-stateless-media-bucket=\"planet4-brasil-stateless\" data-stateless-media-name=\"2018\/11\/4e1a4a12-gp0stqh8t_web_size_with_credit_line.jpg\" \/>\n\t\t\t<\/dt>\n\t\t\t\t<dd class='wp-caption-text gallery-caption' id='gallery-1-6117'>\n\t\t\t\tEsta foto \u00e9 hist\u00f3rica. Foi tirada na primeira vez que nosso submarino flagrou os Corais da Amaz\u00f4nia debaixo d&#8217;\u00e1gua. At\u00e9 ent\u00e3o nunca ningu\u00e9m havia visto o recife ao vivo e a cores! As imagens rodaram o mundo e at\u00e9 Leonardo di Caprio compartilhou! Segundo um dos cientistas que estavam no navio do Greenpeace, &#8220;temos que reescrever os livros de biologia depois de descobrir os Corais da Amaz\u00f4nia&#8221;. (Foto: \u00a9 Greenpeace)\n\t\t\t\t<\/dd><\/dl><dl class='gallery-item'>\n\t\t\t<dt class='gallery-icon landscape'>\n\t\t\t\t<img loading=\"lazy\" decoding=\"async\" width=\"150\" height=\"150\" src=\"https:\/\/www.greenpeace.org\/static\/planet4-brasil-stateless\/2018\/11\/98099505-gp0stqmxk_web_size_with_credit_line-150x150.jpg\" class=\"attachment-thumbnail size-thumbnail wp-stateless-item\" alt=\"\" aria-describedby=\"gallery-1-6118\" data-image-size=\"thumbnail\" data-stateless-media-bucket=\"planet4-brasil-stateless\" data-stateless-media-name=\"2018\/11\/98099505-gp0stqmxk_web_size_with_credit_line.jpg\" \/>\n\t\t\t<\/dt>\n\t\t\t\t<dd class='wp-caption-text gallery-caption' id='gallery-1-6118'>\n\t\t\t\tMostrar ao mundo as belezas dos Corais n\u00e3o foi suficiente para as petrol\u00edferas desistirem dos projetos de perfurar o fundo do mar perto deles. Enquanto ativistas, s\u00f3 nos resta pressionar para que eles mudem de ideia. Esta foto mostra uma de nossas atividades para isso. Escaladores foram a uma refinaria da Total, na B\u00e9lgica, e colaram uma imagem do peixe catu\u00e1, que encontramos no recife na expedi\u00e7\u00e3o de 2017. (Foto: \u00a9 Eric De Mildt\/ Greenpeace)\n\t\t\t\t<\/dd><\/dl><br style=\"clear: both\" \/><dl class='gallery-item'>\n\t\t\t<dt class='gallery-icon landscape'>\n\t\t\t\t<img loading=\"lazy\" decoding=\"async\" width=\"150\" height=\"150\" src=\"https:\/\/www.greenpeace.org\/static\/planet4-brasil-stateless\/2018\/11\/cbb4db1e-gp0stqn9u_web_size_with_credit_line-150x150.jpg\" class=\"attachment-thumbnail size-thumbnail wp-stateless-item\" alt=\"Frase &quot;petr\u00f3leo n\u00e3o&quot; formada na praia por 500 pessoas. Em cima, o desenho de um peixe formado por tecidos\" aria-describedby=\"gallery-1-6125\" data-image-size=\"thumbnail\" data-stateless-media-bucket=\"planet4-brasil-stateless\" data-stateless-media-name=\"2018\/11\/cbb4db1e-gp0stqn9u_web_size_with_credit_line.jpg\" \/>\n\t\t\t<\/dt>\n\t\t\t\t<dd class='wp-caption-text gallery-caption' id='gallery-1-6125'>\n\t\t\t\tDe gr\u00e3o em gr\u00e3o se protege o meio ambiente? Com certeza. A frase na areia de Copacabana foi formada por mais de 500 pessoas. A constru\u00e7\u00e3o do chamado &#8220;banner humano&#8221; teve a participa\u00e7\u00e3o do artista norte-americano John Quigley, famoso por fazer obras assim. (Foto: \u00a9 Rafael Rolim\/ Spectral Q\/ Greenpeace)\n\t\t\t\t<\/dd><\/dl><dl class='gallery-item'>\n\t\t\t<dt class='gallery-icon landscape'>\n\t\t\t\t<img loading=\"lazy\" decoding=\"async\" width=\"150\" height=\"150\" src=\"https:\/\/www.greenpeace.org\/static\/planet4-brasil-stateless\/2018\/11\/31f39a9e-gp0stqt7a_web_size_with_credit_line-150x150.jpg\" class=\"attachment-thumbnail size-thumbnail wp-stateless-item\" alt=\"menina com l\u00e1grima preta, como se fosse pret\u00f3leo\" aria-describedby=\"gallery-1-6121\" data-image-size=\"thumbnail\" data-stateless-media-bucket=\"planet4-brasil-stateless\" data-stateless-media-name=\"2018\/11\/31f39a9e-gp0stqt7a_web_size_with_credit_line.jpg\" \/>\n\t\t\t<\/dt>\n\t\t\t\t<dd class='wp-caption-text gallery-caption' id='gallery-1-6121'>\n\t\t\t\t At\u00e9 quando vamos sofrer vendo nossa natureza ser destru\u00edda por empresas gananciosas que s\u00f3 pensam em lucros? Esta foto \u00e9 da nossa volunt\u00e1ria Julia Rosa. As empresas petrol\u00edferas afirmam que a explora\u00e7\u00e3o de petr\u00f3leo traz &#8220;pouco risco&#8221; para os Corais, mas n\u00e3o podemos aceitar nenhum risco para um ecossistema \u00fanico no planeta. (Foto: \u00a9 Flavio Carneiro\/ Greenpeace)\n\t\t\t\t<\/dd><\/dl><dl class='gallery-item'>\n\t\t\t<dt class='gallery-icon landscape'>\n\t\t\t\t<img loading=\"lazy\" decoding=\"async\" width=\"150\" height=\"150\" src=\"https:\/\/www.greenpeace.org\/static\/planet4-brasil-stateless\/2018\/11\/7a27845d-gp0str4k6_web_size_with_credit_line-1-150x150.jpg\" class=\"attachment-thumbnail size-thumbnail wp-stateless-item\" alt=\"no meio da rua, uma lona preta traz a frase &quot;Total, fique longe dos Corais da Amaz\u00f4nia&quot;, como se fosse uma mancha de petr\u00f3leo\" aria-describedby=\"gallery-1-6119\" data-image-size=\"thumbnail\" data-stateless-media-bucket=\"planet4-brasil-stateless\" data-stateless-media-name=\"2018\/11\/7a27845d-gp0str4k6_web_size_with_credit_line-1.jpg\" \/>\n\t\t\t<\/dt>\n\t\t\t\t<dd class='wp-caption-text gallery-caption' id='gallery-1-6119'>\n\t\t\t\tDerramar \u00f3leo na casa dos outros \u00e9 refresco, n\u00e9? Ent\u00e3o, em setembro do ano passado fomos at\u00e9 a sede da Total e despejamos uma mancha de petr\u00f3leo gigante no asfalto. A nossa mancha era de lona e foi s\u00f3 dobr\u00e1-la para ter a rua de novo &#8220;limpa&#8221;. Bem diferente do que precisaria ser feito caso aconte\u00e7a um vazamento nas plataformas da Total. (Foto: \u00a9 Fernanda Ligabue \/ Greenpeace)\n\t\t\t\t<\/dd><\/dl><br style=\"clear: both\" \/><dl class='gallery-item'>\n\t\t\t<dt class='gallery-icon landscape'>\n\t\t\t\t<img loading=\"lazy\" decoding=\"async\" width=\"150\" height=\"150\" src=\"https:\/\/www.greenpeace.org\/static\/planet4-brasil-stateless\/2018\/11\/84cb6121-gp0strtv4_web_size_with_credit_line-150x150.jpg\" class=\"attachment-thumbnail size-thumbnail wp-stateless-item\" alt=\"banco de rodolitos visto no fundo do mar\" aria-describedby=\"gallery-1-6123\" data-image-size=\"thumbnail\" data-stateless-media-bucket=\"planet4-brasil-stateless\" data-stateless-media-name=\"2018\/11\/84cb6121-gp0strtv4_web_size_with_credit_line.jpg\" \/>\n\t\t\t<\/dt>\n\t\t\t\t<dd class='wp-caption-text gallery-caption' id='gallery-1-6123'>\n\t\t\t\tEm abril de 2018, fizemos a segunda expedi\u00e7\u00e3o em busca dos Corais da Amaz\u00f4nia. Mais uma vez fomos surpreendidos. Esta foto mostra um banco de rodolitos dentro da \u00e1rea onde a Total pode perfurar. Rodolitos s\u00e3o habitats para v\u00e1rias esp\u00e9cies de peixes. E a empresa n\u00e3o considerou isso quando estudou a regi\u00e3o. Inaceit\u00e1vel que em breve a casa de seres do mar esteja sob a imin\u00eancia de um vazamento de petr\u00f3leo. (Foto: \u00a9 Greenpeace)\n\t\t\t\t<\/dd><\/dl><dl class='gallery-item'>\n\t\t\t<dt class='gallery-icon landscape'>\n\t\t\t\t<img loading=\"lazy\" decoding=\"async\" width=\"150\" height=\"150\" src=\"https:\/\/www.greenpeace.org\/static\/planet4-brasil-stateless\/2018\/11\/d29b9e9b-gp0strz9b_web_size_with_credit_line-150x150.jpg\" class=\"attachment-thumbnail size-thumbnail wp-stateless-item\" alt=\"Esponjas-do-mar e corais\" aria-describedby=\"gallery-1-6124\" data-image-size=\"thumbnail\" data-stateless-media-bucket=\"planet4-brasil-stateless\" data-stateless-media-name=\"2018\/11\/d29b9e9b-gp0strz9b_web_size_with_credit_line.jpg\" \/>\n\t\t\t<\/dt>\n\t\t\t\t<dd class='wp-caption-text gallery-caption' id='gallery-1-6124'>\n\t\t\t\tOutra descoberta arrebatadora: Encontramos uma forma\u00e7\u00e3o recifal igual aos Corais da Amaz\u00f4nia na Guiana Francesa. Isso prova que o recife \u00e9 bem maior do que imagin\u00e1vamos e os mapas que apontam um tamanho de 56 mil quil\u00f4metros quadrados pode estar subestimando esse ecossistema. H\u00e1 cientistas que acreditam que o recife pode at\u00e9 mesmo chegar ao Caribe! (Foto: \u00a9 Greenpeace)\n\n\t\t\t\t<\/dd><\/dl><dl class='gallery-item'>\n\t\t\t<dt class='gallery-icon landscape'>\n\t\t\t\t<img loading=\"lazy\" decoding=\"async\" width=\"150\" height=\"150\" src=\"https:\/\/www.greenpeace.org\/static\/planet4-brasil-stateless\/2018\/11\/92a35891-gp0sts1oc_web_size_with_credit_line-150x150.jpg\" class=\"attachment-thumbnail size-thumbnail wp-stateless-item\" alt=\"escalador desce do teto com uma placa em m\u00e3os onde se l\u00ea &quot;Defenda os Corais da Amaz\u00f4nia&quot;\" aria-describedby=\"gallery-1-6122\" data-image-size=\"thumbnail\" data-stateless-media-bucket=\"planet4-brasil-stateless\" data-stateless-media-name=\"2018\/11\/92a35891-gp0sts1oc_web_size_with_credit_line.jpg\" \/>\n\t\t\t<\/dt>\n\t\t\t\t<dd class='wp-caption-text gallery-caption' id='gallery-1-6122'>\n\t\t\t\tComo a Total ignorou as descobertas sobre os Corais da Amaz\u00f4nia, ativistas do Greenpeace e da organiza\u00e7\u00e3o ANV-COP21 deram o recado ao vivo. Fomos a uma reuni\u00e3o da empresa e ativistas desceram em cordas do alto do teto enquanto outros tocaram samba, para celebrar com alegria a biodiversidade do Brasil. (Foto: \u00a9 Greenpeace\/ANV-COP21)\n\t\t\t\t<\/dd><\/dl><br style=\"clear: both\" \/><dl class='gallery-item'>\n\t\t\t<dt class='gallery-icon landscape'>\n\t\t\t\t<img loading=\"lazy\" decoding=\"async\" width=\"150\" height=\"150\" src=\"https:\/\/www.greenpeace.org\/static\/planet4-brasil-stateless\/2018\/09\/73e9458f-montaigu-150x150.jpg\" class=\"attachment-thumbnail size-thumbnail wp-stateless-item\" alt=\"Espelho reflete banners\" aria-describedby=\"gallery-1-5069\" data-image-size=\"thumbnail\" data-stateless-media-bucket=\"planet4-brasil-stateless\" data-stateless-media-name=\"2018\/09\/73e9458f-montaigu.jpg\" \/>\n\t\t\t<\/dt>\n\t\t\t\t<dd class='wp-caption-text gallery-caption' id='gallery-1-5069'>\n\t\t\t\tEm setembro, 31 cidades francesas viram algo in\u00e9dito: suas fontes e chafarizes ficaram com uma \u00e1gua escura, que parecia petr\u00f3leo. A a\u00e7\u00e3o foi feita por defensores dos Corais da Amaz\u00f4nia e a \u00e1gua tinha apenas um corante natural. Tomara que n\u00e3o vejamos nunca um cen\u00e1rio assim na casa dos Corais. O \u00f3leo na \u00e1gua do mar pode contaminar e corais, esponjas, peixes, arraias e tantos seres que j\u00e1 vimos que vivem ali. \n\t\t\t\t<\/dd><\/dl>\n\t\t\t<br style='clear: both' \/>\n\t\t<\/div>\n\n<p><span style=\"font-weight: 400;\">\u00a0<\/span><\/p>\n<div class=\"EmptyMessage\">Block content is empty. Check the block&#8217;s settings or remove it.<\/div>","protected":false},"excerpt":{"rendered":"<p>Em quase dois anos de campanha para evitar que o petr\u00f3leo ameace um ecossistema \u00fanico, temos imagens hist\u00f3ricas e que contam muito sobre esse trabalho. Qual a sua preferida?<\/p>\n","protected":false},"author":25,"featured_media":6125,"comment_status":"open","ping_status":"closed","sticky":false,"template":"","format":"standard","meta":{"ep_exclude_from_search":false,"p4_og_title":"","p4_og_description":"","p4_og_image":"","p4_og_image_id":"","p4_seo_canonical_url":"","p4_campaign_name":"","p4_local_project":"","p4_basket_name":"","p4_department":"","footnotes":""},"categories":[3],"tags":[23,26],"p4-page-type":[16],"class_list":["post-6114","post","type-post","status-publish","format-standard","has-post-thumbnail","hentry","category-proteja-a-natureza","tag-mobilizacao","tag-biodiversidade","p4-page-type-blog"],"_links":{"self":[{"href":"https:\/\/www.greenpeace.org\/brasil\/wp-json\/wp\/v2\/posts\/6114","targetHints":{"allow":["GET"]}}],"collection":[{"href":"https:\/\/www.greenpeace.org\/brasil\/wp-json\/wp\/v2\/posts"}],"about":[{"href":"https:\/\/www.greenpeace.org\/brasil\/wp-json\/wp\/v2\/types\/post"}],"author":[{"embeddable":true,"href":"https:\/\/www.greenpeace.org\/brasil\/wp-json\/wp\/v2\/users\/25"}],"replies":[{"embeddable":true,"href":"https:\/\/www.greenpeace.org\/brasil\/wp-json\/wp\/v2\/comments?post=6114"}],"version-history":[{"count":7,"href":"https:\/\/www.greenpeace.org\/brasil\/wp-json\/wp\/v2\/posts\/6114\/revisions"}],"predecessor-version":[{"id":52030,"href":"https:\/\/www.greenpeace.org\/brasil\/wp-json\/wp\/v2\/posts\/6114\/revisions\/52030"}],"wp:featuredmedia":[{"embeddable":true,"href":"https:\/\/www.greenpeace.org\/brasil\/wp-json\/wp\/v2\/media\/6125"}],"wp:attachment":[{"href":"https:\/\/www.greenpeace.org\/brasil\/wp-json\/wp\/v2\/media?parent=6114"}],"wp:term":[{"taxonomy":"category","embeddable":true,"href":"https:\/\/www.greenpeace.org\/brasil\/wp-json\/wp\/v2\/categories?post=6114"},{"taxonomy":"post_tag","embeddable":true,"href":"https:\/\/www.greenpeace.org\/brasil\/wp-json\/wp\/v2\/tags?post=6114"},{"taxonomy":"p4-page-type","embeddable":true,"href":"https:\/\/www.greenpeace.org\/brasil\/wp-json\/wp\/v2\/p4-page-type?post=6114"}],"curies":[{"name":"wp","href":"https:\/\/api.w.org\/{rel}","templated":true}]}}