{"id":61154,"date":"2025-11-17T11:20:00","date_gmt":"2025-11-17T14:20:00","guid":{"rendered":"https:\/\/www.greenpeace.org\/brasil\/?p=61154"},"modified":"2025-11-17T19:57:25","modified_gmt":"2025-11-17T22:57:25","slug":"ndcs-metas-climaticas-do-g20-para-2035-ficam-aquem-do-necessario-para-manter-15c-aponta-relatorio-do-greenpeace","status":"publish","type":"post","link":"https:\/\/www.greenpeace.org\/brasil\/imprensa\/ndcs-metas-climaticas-do-g20-para-2035-ficam-aquem-do-necessario-para-manter-15c-aponta-relatorio-do-greenpeace\/","title":{"rendered":"NDC\u00b4s: metas clim\u00e1ticas do G20 para 2035 ficam aqu\u00e9m do necess\u00e1rio para manter 1,5\u00b0C, aponta relat\u00f3rio do Greenpeace"},"content":{"rendered":"\n<p class=\"has-text-align-center\"><em>Apesar de serem respons\u00e1veis por 80% das emiss\u00f5es globais, metas clim\u00e1ticas do G20 representam um corte de 23% a 29% nas emiss\u00f5es, quando que o necess\u00e1rio seria uma redu\u00e7\u00e3o global de 60%<\/em><\/p>\n\n<p class=\"has-text-align-center\"><em>Apesar do G20 englobar os maiores produtores e consumidores mundiais de combust\u00edveis f\u00f3sseis, nenhuma de suas NDCs para 2035 inclui planos cr\u00edveis para a elimina\u00e7\u00e3o gradual desses combust\u00edveis<\/em><\/p>\n\n<p class=\"has-text-align-center\"><em>Leia o relat\u00f3rio completo<\/em><a href=\"https:\/\/www.greenpeace.org\/static\/planet4-international-stateless\/2025\/11\/c8171a17-the-2035-climate-ambition-gap.pdf\"><em> aqui<\/em><\/a><\/p>\n\n<figure class=\"wp-block-image aligncenter size-large\"><img loading=\"lazy\" decoding=\"async\" width=\"1024\" height=\"683\" src=\"https:\/\/www.greenpeace.org\/static\/planet4-brasil-stateless\/2025\/11\/6e629738-gp0su7fnn_pressmedia-2500px-1024x683.jpg\" alt=\"\" class=\"wp-image-61159\" srcset=\"https:\/\/www.greenpeace.org\/static\/planet4-brasil-stateless\/2025\/11\/6e629738-gp0su7fnn_pressmedia-2500px-1024x683.jpg 1024w, https:\/\/www.greenpeace.org\/static\/planet4-brasil-stateless\/2025\/11\/6e629738-gp0su7fnn_pressmedia-2500px-300x200.jpg 300w, https:\/\/www.greenpeace.org\/static\/planet4-brasil-stateless\/2025\/11\/6e629738-gp0su7fnn_pressmedia-2500px-768x512.jpg 768w, https:\/\/www.greenpeace.org\/static\/planet4-brasil-stateless\/2025\/11\/6e629738-gp0su7fnn_pressmedia-2500px-1536x1024.jpg 1536w, https:\/\/www.greenpeace.org\/static\/planet4-brasil-stateless\/2025\/11\/6e629738-gp0su7fnn_pressmedia-2500px-2048x1366.jpg 2048w, https:\/\/www.greenpeace.org\/static\/planet4-brasil-stateless\/2025\/11\/6e629738-gp0su7fnn_pressmedia-2500px-510x340.jpg 510w\" sizes=\"auto, (max-width: 1024px) 100vw, 1024px\" \/><figcaption class=\"wp-element-caption\">Marcha Global pelo Clima durante a COP30 em Bel\u00e9m | Foto: Filipe Bispo \/ Greenpeace<\/figcaption><\/figure>\n\n<p><strong>Bel\u00e9m, Brasil, 17 de novembro de 2025 \u2013 <\/strong>Um relat\u00f3rio do Greenpeace Internacional publicado nesta segunda-feira (17) alerta sobre a insufici\u00eancia da ambi\u00e7\u00e3o clim\u00e1tica das Contribui\u00e7\u00f5es Nacionalmente Determinadas (NDCs) dos pa\u00edses do G20 para 2035.<\/p>\n\n<p>Intitulado &#8220;Lacuna de Ambi\u00e7\u00e3o Clim\u00e1tica para 2035&#8221;, o relat\u00f3rio destaca que os pa\u00edses do G20 s\u00e3o respons\u00e1veis por 80% das emiss\u00f5es globais de gases do efeito estufa. Apesar disso, suas metas clim\u00e1ticas representam um corte de 23% a 29% nas emiss\u00f5es, quando que o necess\u00e1rio seria uma redu\u00e7\u00e3o global de 60%.&nbsp;<\/p>\n\n<p>\u201cDada a sua responsabilidade hist\u00f3rica pelas emiss\u00f5es e a sua maior capacidade de agir, os pa\u00edses desenvolvidos do G20 deveriam estar na vanguarda, reduzindo as emiss\u00f5es muito al\u00e9m da m\u00e9dia global de 60% necess\u00e1ria, assim como deveriam providenciar financiamento para pa\u00edses em desenvolvimento cumprirem suas metas clim\u00e1ticas. Diante de eventos extremos cada vez mais frequentes e perigosos, limitar o aquecimento da Terra a 1.5\u00ba C n\u00e3o \u00e9 uma op\u00e7\u00e3o, mas uma condi\u00e7\u00e3o para a vida de todos n\u00f3s\u201d, comenta a diretora executiva do Greenpeace Brasil, Carolina Pasquali.<\/p>\n\n<p>\u201cQuando analisamos as metas de cada pa\u00eds do G20 separadamente, o Brasil \u00e9 um dos pa\u00edses em desenvolvimento com a NDC mais pr\u00f3xima do necess\u00e1rio para manter vivo o Acordo de Paris, mas ressaltamos que o pa\u00eds deve pelo menos alcan\u00e7ar a sua meta mais ambiciosa dentro da banda proposta, ou seja, reduzir 67% das suas emiss\u00f5es\u201d, diz Pasquali.&nbsp;<\/p>\n\n<figure class=\"wp-block-image size-large\"><img loading=\"lazy\" decoding=\"async\" width=\"1024\" height=\"968\" src=\"https:\/\/www.greenpeace.org\/static\/planet4-brasil-stateless\/2025\/11\/72abcd98-metas-do-g20-para-a-ndc-em-2035-1024x968.png\" alt=\"\" class=\"wp-image-61179\" srcset=\"https:\/\/www.greenpeace.org\/static\/planet4-brasil-stateless\/2025\/11\/72abcd98-metas-do-g20-para-a-ndc-em-2035-1024x968.png 1024w, https:\/\/www.greenpeace.org\/static\/planet4-brasil-stateless\/2025\/11\/72abcd98-metas-do-g20-para-a-ndc-em-2035-300x284.png 300w, https:\/\/www.greenpeace.org\/static\/planet4-brasil-stateless\/2025\/11\/72abcd98-metas-do-g20-para-a-ndc-em-2035-768x726.png 768w, https:\/\/www.greenpeace.org\/static\/planet4-brasil-stateless\/2025\/11\/72abcd98-metas-do-g20-para-a-ndc-em-2035-360x340.png 360w, https:\/\/www.greenpeace.org\/static\/planet4-brasil-stateless\/2025\/11\/72abcd98-metas-do-g20-para-a-ndc-em-2035.png 1080w\" sizes=\"auto, (max-width: 1024px) 100vw, 1024px\" \/><\/figure>\n\n<p>Vale destacar que alguns grandes emissores do G20 ainda n\u00e3o entregaram a sua NDC, como a Ar\u00e1bia Saudita, o que acende o alerta de que a lacuna de ambi\u00e7\u00e3o coletiva do G20 pode ser ainda maior.&nbsp;<\/p>\n\n<p>\u201cCom 85% da economia global a seu favor, as decis\u00f5es do G20 moldam o com\u00e9rcio, o investimento e a tecnologia em todo o mundo. Suas escolhas determinar\u00e3o o sucesso ou o fracasso da meta de 1,5\u00b0C\u201d, explica a especialista em pol\u00edtica clim\u00e1tica do Greenpeace Internacional, Tracy Carty.&nbsp;<\/p>\n\n<p><strong>COP30 precisa entregar Plano de Resposta Global<\/strong><\/p>\n\n<p>O relat\u00f3rio do Greenpeace tamb\u00e9m avaliou como as NDCs do G20 tratam de combust\u00edveis f\u00f3sseis e energia. O resultado aponta que, apesar do G20 englobar os maiores produtores e consumidores mundiais de combust\u00edveis f\u00f3sseis &#8211; principais causadores da crise clim\u00e1tica -, nenhuma de suas NDCs para 2035 inclui planos cr\u00edveis para a elimina\u00e7\u00e3o gradual desses combust\u00edveis.<\/p>\n\n<p>\u201cNa COP30, estamos lutando por um Plano de Resposta Global para garantir que a meta de limitar o aquecimento global a 1,5\u00b0C seja alcan\u00e7ada. Tal plano de resposta deve incluir um roteiro &#8211; ou \u2018mapa do caminho\u2019 &#8211; para a elimina\u00e7\u00e3o gradual dos combust\u00edveis f\u00f3sseis e a acelera\u00e7\u00e3o das energias renov\u00e1veis e um plano de a\u00e7\u00e3o para acabar com o desmatamento global at\u00e9 2030. Vimos progresso na primeira semana, mas precisamos de um resultado que leve a mudan\u00e7as, e n\u00e3o apenas a mais um roteiro sem futuro\u201d, explica o diretor de Programas do Greenpeace Internacional, Jasper Investor.<\/p>\n\n<p><\/p>\n","protected":false},"excerpt":{"rendered":"<p>Apesar de serem respons\u00e1veis por 80% das emiss\u00f5es globais, metas clim\u00e1ticas do G20 representam um corte de 23% a 29% nas emiss\u00f5es, quando que o necess\u00e1rio seria uma redu\u00e7\u00e3o global&hellip;<\/p>\n","protected":false},"author":28,"featured_media":61159,"comment_status":"closed","ping_status":"closed","sticky":false,"template":"","format":"standard","meta":{"ep_exclude_from_search":false,"p4_og_title":"","p4_og_description":"","p4_og_image":"","p4_og_image_id":"","p4_seo_canonical_url":"","p4_campaign_name":"","p4_local_project":"","p4_basket_name":"","p4_department":"","footnotes":""},"categories":[74],"tags":[73],"p4-page-type":[14],"class_list":["post-61154","post","type-post","status-publish","format-standard","has-post-thumbnail","hentry","category-cop30","tag-cop30","p4-page-type-imprensa"],"_links":{"self":[{"href":"https:\/\/www.greenpeace.org\/brasil\/wp-json\/wp\/v2\/posts\/61154","targetHints":{"allow":["GET"]}}],"collection":[{"href":"https:\/\/www.greenpeace.org\/brasil\/wp-json\/wp\/v2\/posts"}],"about":[{"href":"https:\/\/www.greenpeace.org\/brasil\/wp-json\/wp\/v2\/types\/post"}],"author":[{"embeddable":true,"href":"https:\/\/www.greenpeace.org\/brasil\/wp-json\/wp\/v2\/users\/28"}],"replies":[{"embeddable":true,"href":"https:\/\/www.greenpeace.org\/brasil\/wp-json\/wp\/v2\/comments?post=61154"}],"version-history":[{"count":2,"href":"https:\/\/www.greenpeace.org\/brasil\/wp-json\/wp\/v2\/posts\/61154\/revisions"}],"predecessor-version":[{"id":61180,"href":"https:\/\/www.greenpeace.org\/brasil\/wp-json\/wp\/v2\/posts\/61154\/revisions\/61180"}],"wp:featuredmedia":[{"embeddable":true,"href":"https:\/\/www.greenpeace.org\/brasil\/wp-json\/wp\/v2\/media\/61159"}],"wp:attachment":[{"href":"https:\/\/www.greenpeace.org\/brasil\/wp-json\/wp\/v2\/media?parent=61154"}],"wp:term":[{"taxonomy":"category","embeddable":true,"href":"https:\/\/www.greenpeace.org\/brasil\/wp-json\/wp\/v2\/categories?post=61154"},{"taxonomy":"post_tag","embeddable":true,"href":"https:\/\/www.greenpeace.org\/brasil\/wp-json\/wp\/v2\/tags?post=61154"},{"taxonomy":"p4-page-type","embeddable":true,"href":"https:\/\/www.greenpeace.org\/brasil\/wp-json\/wp\/v2\/p4-page-type?post=61154"}],"curies":[{"name":"wp","href":"https:\/\/api.w.org\/{rel}","templated":true}]}}