{"id":61183,"date":"2025-11-18T14:46:31","date_gmt":"2025-11-18T17:46:31","guid":{"rendered":"https:\/\/www.greenpeace.org\/brasil\/?p=61183"},"modified":"2025-11-18T14:52:11","modified_gmt":"2025-11-18T17:52:11","slug":"greenpeace-e-mundano-levam-cinzas-da-amazonia-para-a-cop30-para-exigir-acoes-em-prol-das-florestas","status":"publish","type":"post","link":"https:\/\/www.greenpeace.org\/brasil\/blog\/greenpeace-e-mundano-levam-cinzas-da-amazonia-para-a-cop30-para-exigir-acoes-em-prol-das-florestas\/","title":{"rendered":"Greenpeace e Mundano levam cinzas da Amaz\u00f4nia para a COP30 para exigir a\u00e7\u00f5es em prol das florestas"},"content":{"rendered":"\n<p class=\"has-text-align-center\"><em>Performance art\u00edstica criada pelo artista brasileiro utilizou cinzas de inc\u00eandios florestais de terra ind\u00edgena do Par\u00e1 e escreveu a frase: \u2018COP30: Levante-se pelas Florestas\u2019\u00a0<\/em><br><br><em>Imagens para reprodu\u00e7\u00e3o da imprensa<\/em> <a href=\"https:\/\/media.greenpeace.org\/Detail\/27MZIFJR0FZ_J\"><em>aqui<\/em><\/a><\/p>\n\n<figure class=\"wp-block-image size-large\"><img loading=\"lazy\" decoding=\"async\" width=\"1024\" height=\"683\" src=\"https:\/\/www.greenpeace.org\/static\/planet4-brasil-stateless\/2025\/11\/96bb1fbf-gp0su7hd2_pressmedia-2500px-1024x683.jpg\" alt=\"\" class=\"wp-image-61190\" srcset=\"https:\/\/www.greenpeace.org\/static\/planet4-brasil-stateless\/2025\/11\/96bb1fbf-gp0su7hd2_pressmedia-2500px-1024x683.jpg 1024w, https:\/\/www.greenpeace.org\/static\/planet4-brasil-stateless\/2025\/11\/96bb1fbf-gp0su7hd2_pressmedia-2500px-300x200.jpg 300w, https:\/\/www.greenpeace.org\/static\/planet4-brasil-stateless\/2025\/11\/96bb1fbf-gp0su7hd2_pressmedia-2500px-768x512.jpg 768w, https:\/\/www.greenpeace.org\/static\/planet4-brasil-stateless\/2025\/11\/96bb1fbf-gp0su7hd2_pressmedia-2500px-1536x1024.jpg 1536w, https:\/\/www.greenpeace.org\/static\/planet4-brasil-stateless\/2025\/11\/96bb1fbf-gp0su7hd2_pressmedia-2500px-2048x1366.jpg 2048w, https:\/\/www.greenpeace.org\/static\/planet4-brasil-stateless\/2025\/11\/96bb1fbf-gp0su7hd2_pressmedia-2500px-510x340.jpg 510w\" sizes=\"auto, (max-width: 1024px) 100vw, 1024px\" \/><figcaption class=\"wp-element-caption\"><em>Performance art\u00edstica com cinzas da Amaz\u00f4nia, realizada pelo artista e ativista Mundano, durante COP30<\/em>.<div class=\"credit icon-left\"> \u00a9 Filipe Bispo \/ Greenpeace<\/div><\/figcaption><\/figure>\n\n<p><strong>Bel\u00e9m, 18 de novembro de 2025 &#8211; <\/strong>O artista brasileiro Mundano, em parceria com o Greenpeace, apresentou uma impactante instala\u00e7\u00e3o art\u00edstica nos corredores da COP30, em Bel\u00e9m, para exigir que os l\u00edderes mundiais tomem medidas ousadas em prol das florestas.\u00a0 Com cinzas provenientes de inc\u00eandios florestais ocorridos em 2024 da Terra Ind\u00edgena Anamb\u00e9, no Par\u00e1, Mundano formou a frase: <em>\u2018COP30: Levante-se pelas Florestas\u2019.<\/em> A a\u00e7\u00e3o teve apoio do WWF.<\/p>\n\n<p>\u201cO tempo est\u00e1 se esgotando. N\u00e3o podemos sair desta COP com gestos simb\u00f3licos, compromissos volunt\u00e1rios ou promessas vagas. Precisamos de um plano de a\u00e7\u00e3o concreto e com prazo definido para acabar com o desmatamento em todas as florestas at\u00e9 2030. O Balan\u00e7o Global da COP28 reconheceu esse objetivo, mas reconhecimento n\u00e3o \u00e9 a\u00e7\u00e3o. Esta obra de arte est\u00e1 aqui como um alerta e um convite aos negociadores, ministros e governos: o futuro est\u00e1 em chamas e o mundo est\u00e1 assistindo. Ajam de verdade agora\u201d, afirmou a diretora Executiva do Greenpeace Brasil, Carolina Pasquali.<\/p>\n\n<p>Na COP30, o Greenpeace e o WWF est\u00e3o pedindo um novo <a href=\"https:\/\/www.greenpeace.org\/static\/planet4-brasil-stateless\/2025\/08\/9379ca99-plano-de-acao-florestas-cop30.pdf\">Plano de A\u00e7\u00e3o Florestal<\/a> dedicado para zerar o desmatamento global e reverter a degrada\u00e7\u00e3o florestal at\u00e9 2030 &#8211; meta acordada na COP28, mas que nunca foi implementada.&nbsp;<\/p>\n\n<p>\u201cA gan\u00e2ncia humana est\u00e1 transformando ecossistemas inteiros em cinzas, e isso \u00e9 inaceit\u00e1vel. J\u00e1 caminhei por florestas queimadas e a tristeza ali \u00e9 profunda. Por isso, nos \u00faltimos quatro anos, tenho trazido essas cinzas como um grito para transformar florestas queimadas em florestas de p\u00e9\u201d, disse o artista Mundano.&nbsp;<\/p>\n\n<p>\u201cMundano transforma em arte um alerta que a ci\u00eancia, os povos ind\u00edgenas e as comunidades tradicionais v\u00eam alertando h\u00e1 d\u00e9cadas: sem proteger a vegeta\u00e7\u00e3o nativa, colocamos em risco a pr\u00f3pria continuidade da vida na Terra. A Amaz\u00f4nia est\u00e1 \u00e0 beira de um ponto de inflex\u00e3o \u2014 um momento a partir do qual a perda florestal se torna irrevers\u00edvel \u2014 e n\u00e3o h\u00e1 mais espa\u00e7o para hesita\u00e7\u00e3o. Nos pr\u00f3ximos dias, os pa\u00edses devem demonstrar um compromisso real e apresentar um roteiro ambicioso, concreto e urgente para acabar com o desmatamento e a convers\u00e3o de florestas nativas at\u00e9 2030\u201d, destacou o diretor executivo do WWF-Brasil, Mauricio Voivodic.<\/p>\n","protected":false},"excerpt":{"rendered":"<p>Performance art\u00edstica criada pelo artista brasileiro utilizou cinzas de inc\u00eandios florestais de terra ind\u00edgena do Par\u00e1 e escreveu a frase: \u2018COP30: Levante-se pelas Florestas\u2019\u00a0 Imagens para reprodu\u00e7\u00e3o da imprensa aqui<\/p>\n","protected":false},"author":121,"featured_media":61190,"comment_status":"closed","ping_status":"closed","sticky":false,"template":"","format":"standard","meta":{"ep_exclude_from_search":false,"p4_og_title":"","p4_og_description":"","p4_og_image":"","p4_og_image_id":"","p4_seo_canonical_url":"","p4_campaign_name":"","p4_local_project":"","p4_basket_name":"","p4_department":"","footnotes":""},"categories":[74],"tags":[73],"p4-page-type":[16],"class_list":["post-61183","post","type-post","status-publish","format-standard","has-post-thumbnail","hentry","category-cop30","tag-cop30","p4-page-type-blog"],"_links":{"self":[{"href":"https:\/\/www.greenpeace.org\/brasil\/wp-json\/wp\/v2\/posts\/61183","targetHints":{"allow":["GET"]}}],"collection":[{"href":"https:\/\/www.greenpeace.org\/brasil\/wp-json\/wp\/v2\/posts"}],"about":[{"href":"https:\/\/www.greenpeace.org\/brasil\/wp-json\/wp\/v2\/types\/post"}],"author":[{"embeddable":true,"href":"https:\/\/www.greenpeace.org\/brasil\/wp-json\/wp\/v2\/users\/121"}],"replies":[{"embeddable":true,"href":"https:\/\/www.greenpeace.org\/brasil\/wp-json\/wp\/v2\/comments?post=61183"}],"version-history":[{"count":1,"href":"https:\/\/www.greenpeace.org\/brasil\/wp-json\/wp\/v2\/posts\/61183\/revisions"}],"predecessor-version":[{"id":61191,"href":"https:\/\/www.greenpeace.org\/brasil\/wp-json\/wp\/v2\/posts\/61183\/revisions\/61191"}],"wp:featuredmedia":[{"embeddable":true,"href":"https:\/\/www.greenpeace.org\/brasil\/wp-json\/wp\/v2\/media\/61190"}],"wp:attachment":[{"href":"https:\/\/www.greenpeace.org\/brasil\/wp-json\/wp\/v2\/media?parent=61183"}],"wp:term":[{"taxonomy":"category","embeddable":true,"href":"https:\/\/www.greenpeace.org\/brasil\/wp-json\/wp\/v2\/categories?post=61183"},{"taxonomy":"post_tag","embeddable":true,"href":"https:\/\/www.greenpeace.org\/brasil\/wp-json\/wp\/v2\/tags?post=61183"},{"taxonomy":"p4-page-type","embeddable":true,"href":"https:\/\/www.greenpeace.org\/brasil\/wp-json\/wp\/v2\/p4-page-type?post=61183"}],"curies":[{"name":"wp","href":"https:\/\/api.w.org\/{rel}","templated":true}]}}