{"id":612,"date":"2015-05-15T00:00:00","date_gmt":"2015-05-15T00:00:00","guid":{"rendered":"https:\/\/www.greenpeace.org\/brasil\/blog\/novo-codigo-florestal-e-falta-de-agua-tudo-a-ver\/"},"modified":"2019-11-06T05:21:25","modified_gmt":"2019-11-06T08:21:25","slug":"novo-codigo-florestal-e-falta-de-agua-tudo-a-ver","status":"publish","type":"post","link":"https:\/\/www.greenpeace.org\/brasil\/blog\/novo-codigo-florestal-e-falta-de-agua-tudo-a-ver\/","title":{"rendered":"Novo C\u00f3digo Florestal e falta de \u00e1gua: tudo a ver"},"content":{"rendered":"<h4 class=\"leader\"><em>Greenpeace realiza apresenta\u00e7\u00e3o gratuita do filme \u201cA Lei da \u00c1gua\u201d com debate ap\u00f3s sess\u00e3o. O intuito \u00e9 relacionar o desmatamento \u00e0 crise h\u00eddrica<\/em><\/h4>\n<div>\n<p>\u201cVeta, Dilma!\u201d. Era o que diziam ambientalistas, m\u00fasicos, cientistas, estudantes e donas de casa em todos os cantos do pa\u00eds, enquanto o projeto do novo C\u00f3digo Florestal brasileiro seguia adiante no Congresso. O grito das ruas foi ignorado \u2013 ou como disse o governo \u201cparcialmente atendido\u201d, e em 2012 veio a promulga\u00e7\u00e3o.<\/p>\n<p>Apenas um ano ap\u00f3s sua aprova\u00e7\u00e3o, o Sistema de Monitoramento do Desmatamento na Amaz\u00f4nia Legal, <a href=\"http:\/\/www.greenpeace.org\/brasil\/pt\/Noticias\/A-conta-da-alianca-ruralista\/\">o Prodes, registraria um aumento<\/a> de quase 30% no desmatamento (ap\u00f3s quatro anos de queda). Era de se esperar. Ignorando todos os estudos cient\u00edficos que apontavam o erro, desmatadores foram anistiados, \u00c1reas de Prote\u00e7\u00e3o Permanente reduzidas, \u00e1reas que antes deveriam ser recompostas com floresta nativa foram disponibilizadas para outros usos (como agricultura e pecu\u00e1ria), abrindo possibilidade para mais desmatamento.<\/p>\n<p>No filme \u201cA Lei da \u00c1gua \u2013 O Novo C\u00f3digo Florestal\u201d, o diretor cinematogr\u00e1fico Andr\u00e9 D\u2019Elia conta como as florestas brasileiras foram prejudicadas por interesses econ\u00f4micos e os efeitos desta p\u00e9ssima escolha pol\u00edtica. Na pr\u00f3xima quarta-feira (20), o <a href=\"https:\/\/www.facebook.com\/events\/1405006166490228\/\">Greenpeace realizar\u00e1 um Cine Debate<\/a>, com exibi\u00e7\u00e3o gratuita do document\u00e1rio, seguida de um bate-papo com o tema: \u201cSem floresta, n\u00e3o tem \u00e1gua&#8221;, com as presen\u00e7as de Paulo Ad\u00e1rio, estrategista da campanha de florestas do Greenpeace, de Andr\u00e9 D\u2019Elia, diretor do filme, e Carlos Rittl, do Observat\u00f3rio do Clima<strong>. <\/strong><\/p>\n<p>No encontro, ser\u00e3o debatidos os\u00a0 fatores que levam ao desmatamento, a influ\u00eancia no novo C\u00f3digo nesse processo e as consequ\u00eancias desta combina\u00e7\u00e3o. Para participar, basta retirar o convite uma hora antes da exibi\u00e7\u00e3o, que come\u00e7ar\u00e1 as 20h, na CineSala, localizada \u00e0 rua Fradique Coutinho, 361, em Pinheiros \u2013pr\u00f3ximo da esta\u00e7\u00e3o Fradique Coutinho do Metr\u00f4.<\/p>\n<div class=\"events-box middle-box left\">\n<div class=\"frame\"><a class=\"open-img EnlargeImage\" title=\"\" href=\"https:\/\/www.greenpeace.org\/static\/planet4-brasil-stateless\/2018\/07\/post-fb-cinedebate.jpg\"><br \/>\n<img decoding=\"async\" id=\"ctl00_cphContentArea_Property3_ctl00_ctl02_Image1\" class=\"Thumbnail aligncenter\" style=\"border-width: 0px;\" src=\"https:\/\/www.greenpeace.org\/static\/planet4-brasil-stateless\/2018\/07\/post-fb-cinedebate.jpg\" alt=\"\" \/><\/a><\/div>\n<\/div>\n<h4><strong>A lei que o Brasil rejeitou<\/strong><\/h4>\n<p>Com opini\u00e3o de diversos especialistas e de pol\u00edticos que apoiaram o C\u00f3digo, e continuam apoiando outras causas que ferem gravemente diversos direitos socioambientais, o filme mostra a rela\u00e7\u00e3o delicada entre a preserva\u00e7\u00e3o das florestas, a produ\u00e7\u00e3o de alimentos e a sa\u00fade dos nossos recursos h\u00eddricos.<\/p>\n<p>\u201cEnquanto conversava com os cientistas para a produ\u00e7\u00e3o do filme vi que todos os assuntos tinham alguma conex\u00e3o com a \u00e1gua. Tanto a quest\u00e3o das reservas legais, como da produ\u00e7\u00e3o agr\u00edcola, tinha tudo a ver com \u00e1gua. \u00c9 um filme sobre o C\u00f3digo Florestal, mas no final, \u00e9 tamb\u00e9m sobre a \u00e1gua, pois esta \u00e9 uma lei que deveria proteger a \u00e1gua\u201d, conta o diretor do filme, Andr\u00e9 D\u2019Elia.<\/p>\n<p>O\u00a0 novo C\u00f3digo Florestal era rejeitado por 80% da popula\u00e7\u00e3o brasileira, segundo o document\u00e1rio, al\u00e9m de ter sido recha\u00e7ado pela comunidade cient\u00edfica. Mesmo assim, o projeto foi aprovado no Congresso e sancionado pela presidente Dilma Rousseff em seu primeiro mandato. Apesar de vetar alguns paragr\u00e1fos, a presidente manteve pontos cr\u00edticos que afetam a sa\u00fade h\u00eddrica, clim\u00e1tica e econ\u00f4mica do Pa\u00eds.<\/p>\n<p>Entre os pontos mantidos pela presidente est\u00e3o a anistia a desmatadores ilegais, a redu\u00e7\u00e3o da obrigatoriedade de recomposi\u00e7\u00e3o de \u00e1reas desmatadas, inclusive com a possibilidade de utilizar at\u00e9 50% de esp\u00e9cies ex\u00f3ticas, como o eucalipto, a redu\u00e7\u00e3o dram\u00e1tica das \u00c1reas de Preserva\u00e7\u00e3o Permanente (APP) e a retirada dos manguezais desta categoria de reservas. Todas estas quest\u00f5es est\u00e3o retratadas no document\u00e1rio.<\/p>\n<p>\u201cA anistia a desmatadores \u00e9 um dos pontos mais graves do novo C\u00f3digo, pois trouxe um precedente perigoso para o Brasil, com uma sinaliza\u00e7\u00e3o clara de que o crime de desmatar compensa\u201d, diz\u00a0 Cristiane Mazzetti, da campanha Amaz\u00f4nia do Greenpeace.<\/p>\n<p>\u201cO que me deixou mais chocado foi ver que parlamentares colocam interesses de corpora\u00e7\u00f5es, e deles pr\u00f3prios, na frente do interesse da sociedade\u201d, afirma D\u2019Elia. \u201cNo caso do C\u00f3digo, o estrago j\u00e1 foi feito. Mas acredito que hoje existe uma press\u00e3o maior da popula\u00e7\u00e3o, mais informa\u00e7\u00e3o, e espero que isso fa\u00e7a a diferen\u00e7a na hora de discutir outros projetos danosos, como a PEC 215\u201d, completa.<\/p>\n<h4><strong>A crise h\u00eddrica anuncia o futuro<\/strong><\/h4>\n<p>Infelizmente o novo C\u00f3digo Florestal ainda permite o desmatamento. Por isso \u00e9 importante que iniciativas que levem ao fim do problema sejam fortalecidas, como \u00e9 o caso do projeto de lei pelo Desmatamento Zero, que pro\u00edbe o desmatamento de florestas nativas e j\u00e1 conta com o apoio de mais de 1,1 milh\u00e3o de brasileiros.<\/p>\n<p>N\u00e3o podemos permitir que interesses econ\u00f4micos e pol\u00edticos continuem pautando o futuro do meio ambiente e das popula\u00e7\u00f5es que vivem na floresta. Retrocessos como o do C\u00f3digo Florestal n\u00e3o podem se repetir, por isso a sociedade precisa gritar ainda mais alto agora pela prote\u00e7\u00e3o das florestas. Pois sem floresta n\u00e3o tem\u00a0\u00e1gua, n\u00e3o tem vida. Que brasileiros ser\u00edamos sem nossas florestas?<\/p>\n<p>Apoie a lei pelo Desmatamento ZERO. Fa\u00e7a parte deste movimento e<a href=\"http:\/\/www.salveasflorestas.org.br\/\"> ajude a salvar as florestas.<\/a><\/p>\n<h4><em>Veja o trailer do filme:<\/em><\/h4>\n<lite-youtube style=\"background-image: url('https:\/\/i.ytimg.com\/vi\/n3wZxYgRyWQ\/hqdefault.jpg');\" videoid=\"n3wZxYgRyWQ\" params=\"rel=0\"><\/lite-youtube>\n<p><em>\u00a0<\/em><\/p>\n<p style=\"text-align: center;\"><strong>Servi\u00e7o:<\/strong><\/p>\n<p style=\"text-align: center;\"><strong>A Lei da \u00c1gua<\/strong><\/p>\n<p style=\"text-align: center;\"><em>Debate \u201cSem floresta, n\u00e3o tem\u00a0\u00e1gua\u201d<\/em><\/p>\n<p style=\"text-align: center;\"><strong>Local:<\/strong> CineSala &#8211; rua Fradique Coutinho, 361. Pinheiros.<\/p>\n<p style=\"text-align: center;\"><strong>Hor\u00e1rio: <\/strong>20h<\/p>\n<p style=\"text-align: center;\"><strong>Lugares:<\/strong> 200<\/p>\n<p style=\"text-align: center;\"><em>Entrada Gratuita<\/em><\/p>\n<p>*Os ingressos dever\u00e3o ser retirados uma hora antes do in\u00edcio do filme, na bilheteria do local. Disponibilidade de ingressos sujeita a lota\u00e7\u00e3o.<\/p>\n<\/div>\n","protected":false},"excerpt":{"rendered":"<p>Greenpeace realiza apresenta\u00e7\u00e3o gratuita do filme \u201cA Lei da \u00c1gua\u201d com debate ap\u00f3s sess\u00e3o. O intuito \u00e9 relacionar o desmatamento \u00e0 crise h\u00eddrica.<\/p>\n","protected":false},"author":28,"featured_media":615,"comment_status":"open","ping_status":"open","sticky":false,"template":"","format":"standard","meta":{"ep_exclude_from_search":false,"p4_og_title":"","p4_og_description":"","p4_og_image":"","p4_og_image_id":"","p4_seo_canonical_url":"","p4_campaign_name":"","p4_local_project":"","p4_basket_name":"","p4_department":"","footnotes":""},"categories":[3],"tags":[22,6],"p4-page-type":[16],"class_list":["post-612","post","type-post","status-publish","format-standard","has-post-thumbnail","hentry","category-proteja-a-natureza","tag-florestas","tag-clima","p4-page-type-blog"],"_links":{"self":[{"href":"https:\/\/www.greenpeace.org\/brasil\/wp-json\/wp\/v2\/posts\/612","targetHints":{"allow":["GET"]}}],"collection":[{"href":"https:\/\/www.greenpeace.org\/brasil\/wp-json\/wp\/v2\/posts"}],"about":[{"href":"https:\/\/www.greenpeace.org\/brasil\/wp-json\/wp\/v2\/types\/post"}],"author":[{"embeddable":true,"href":"https:\/\/www.greenpeace.org\/brasil\/wp-json\/wp\/v2\/users\/28"}],"replies":[{"embeddable":true,"href":"https:\/\/www.greenpeace.org\/brasil\/wp-json\/wp\/v2\/comments?post=612"}],"version-history":[{"count":4,"href":"https:\/\/www.greenpeace.org\/brasil\/wp-json\/wp\/v2\/posts\/612\/revisions"}],"predecessor-version":[{"id":3392,"href":"https:\/\/www.greenpeace.org\/brasil\/wp-json\/wp\/v2\/posts\/612\/revisions\/3392"}],"wp:featuredmedia":[{"embeddable":true,"href":"https:\/\/www.greenpeace.org\/brasil\/wp-json\/wp\/v2\/media\/615"}],"wp:attachment":[{"href":"https:\/\/www.greenpeace.org\/brasil\/wp-json\/wp\/v2\/media?parent=612"}],"wp:term":[{"taxonomy":"category","embeddable":true,"href":"https:\/\/www.greenpeace.org\/brasil\/wp-json\/wp\/v2\/categories?post=612"},{"taxonomy":"post_tag","embeddable":true,"href":"https:\/\/www.greenpeace.org\/brasil\/wp-json\/wp\/v2\/tags?post=612"},{"taxonomy":"p4-page-type","embeddable":true,"href":"https:\/\/www.greenpeace.org\/brasil\/wp-json\/wp\/v2\/p4-page-type?post=612"}],"curies":[{"name":"wp","href":"https:\/\/api.w.org\/{rel}","templated":true}]}}