{"id":61259,"date":"2025-11-24T14:11:49","date_gmt":"2025-11-24T17:11:49","guid":{"rendered":"https:\/\/www.greenpeace.org\/brasil\/?p=61259"},"modified":"2025-11-25T09:21:07","modified_gmt":"2025-11-25T12:21:07","slug":"a-cop-das-pessoas-como-legado-de-belem","status":"publish","type":"post","link":"https:\/\/www.greenpeace.org\/brasil\/blog\/a-cop-das-pessoas-como-legado-de-belem\/","title":{"rendered":"A COP das pessoas como legado de Bel\u00e9m"},"content":{"rendered":"\n<p><em>Ainda que os resultados das negocia\u00e7\u00f5es tenham deixado a desejar, a mobiliza\u00e7\u00e3o de diferentes grupos e povos colocaram a participa\u00e7\u00e3o social na COP30 em outro patamar<\/em><\/p>\n\n<figure class=\"wp-block-image size-large\"><img loading=\"lazy\" decoding=\"async\" width=\"1024\" height=\"683\" src=\"https:\/\/www.greenpeace.org\/static\/planet4-brasil-stateless\/2025\/11\/b938edff-gp0su7gdc_medium-res-1200px-1024x683.jpg\" alt=\"\" class=\"wp-image-61260\" srcset=\"https:\/\/www.greenpeace.org\/static\/planet4-brasil-stateless\/2025\/11\/b938edff-gp0su7gdc_medium-res-1200px-1024x683.jpg 1024w, https:\/\/www.greenpeace.org\/static\/planet4-brasil-stateless\/2025\/11\/b938edff-gp0su7gdc_medium-res-1200px-300x200.jpg 300w, https:\/\/www.greenpeace.org\/static\/planet4-brasil-stateless\/2025\/11\/b938edff-gp0su7gdc_medium-res-1200px-768x512.jpg 768w, https:\/\/www.greenpeace.org\/static\/planet4-brasil-stateless\/2025\/11\/b938edff-gp0su7gdc_medium-res-1200px-510x340.jpg 510w, https:\/\/www.greenpeace.org\/static\/planet4-brasil-stateless\/2025\/11\/b938edff-gp0su7gdc_medium-res-1200px.jpg 1200w\" sizes=\"auto, (max-width: 1024px) 100vw, 1024px\" \/><figcaption><div class=\"credit icon-left\"> \u00a9 Tuane Fernandes \/ Greenpeace<\/div><\/figcaption><\/figure>\n\n<p>As cores, as vozes e a for\u00e7a das pessoas ocuparam a cidade de Bel\u00e9m durante as duas semanas da COP30, no Par\u00e1. Enquanto as negocia\u00e7\u00f5es clim\u00e1ticas se encerraram <a href=\"https:\/\/www.greenpeace.org\/brasil\/blog\/cop30-belem-nao-entrega-milagre-e-plenaria-final-termina-sem-acordos-para-os-mapas-do-caminho\/\">sem apresentar um mapa do caminho para o fim dos combust\u00edveis f\u00f3sseis e do desmatamento global,<\/a> frustrando ambientalistas e organiza\u00e7\u00f5es da sociedade civil, a &#8220;COP de fora\u201d fez hist\u00f3ria.<br><br>A ocupa\u00e7\u00e3o das ruas e das \u00e1guas de Bel\u00e9m deixa um legado para as pr\u00f3ximas confer\u00eancias: <strong>o da garantia da participa\u00e7\u00e3o social como fator determinante para o avan\u00e7o concreto na defesa do planeta e do clima.<\/strong><\/p>\n\n<p>A C\u00fapula dos Povos, que aconteceu na Universidade Federal do Par\u00e1 (UFPA), reuniu milhares de pessoas e representantes de movimentos sociais. Ao longo de uma semana, foram realizados pain\u00e9is e discuss\u00f5es sobre a crise do clima, ressaltando a import\u00e2ncia do apoio financeiro para os projetos e comunidades que mant\u00eam a floresta em p\u00e9 e do enfrentamento \u00e0 desigualdade como sa\u00edda para mitigar as consequ\u00eancias da crise clim\u00e1tica.<br><\/p>\n\n<figure class=\"wp-block-image size-large\"><img loading=\"lazy\" decoding=\"async\" width=\"1024\" height=\"683\" src=\"https:\/\/www.greenpeace.org\/static\/planet4-brasil-stateless\/2025\/11\/5e8d14e3-gp0su7fj2_medium-res-1200px-1024x683.jpg\" alt=\"\" class=\"wp-image-61261\" srcset=\"https:\/\/www.greenpeace.org\/static\/planet4-brasil-stateless\/2025\/11\/5e8d14e3-gp0su7fj2_medium-res-1200px-1024x683.jpg 1024w, https:\/\/www.greenpeace.org\/static\/planet4-brasil-stateless\/2025\/11\/5e8d14e3-gp0su7fj2_medium-res-1200px-300x200.jpg 300w, https:\/\/www.greenpeace.org\/static\/planet4-brasil-stateless\/2025\/11\/5e8d14e3-gp0su7fj2_medium-res-1200px-768x512.jpg 768w, https:\/\/www.greenpeace.org\/static\/planet4-brasil-stateless\/2025\/11\/5e8d14e3-gp0su7fj2_medium-res-1200px-510x340.jpg 510w, https:\/\/www.greenpeace.org\/static\/planet4-brasil-stateless\/2025\/11\/5e8d14e3-gp0su7fj2_medium-res-1200px.jpg 1200w\" sizes=\"auto, (max-width: 1024px) 100vw, 1024px\" \/><figcaption><div class=\"credit icon-left\"> \u00a9 Filipe Bispo \/ Greenpeace<\/div><\/figcaption><\/figure>\n\n<p>O Rainbow Warrior III (Guerreiro do Arco-\u00edris, em portugu\u00eas), navio do Greenpeace, tamb\u00e9m se somou a essa mar\u00e9. O barco permaneceu atracado no Trapiche Ribeirinho, bem pr\u00f3ximo \u00e0 C\u00fapula, durante as duas semanas da COP30.<\/p>\n\n<p>O navio foi palco de eventos e trocas com lideran\u00e7as ind\u00edgenas, movimentos de juventude e ativistas clim\u00e1ticos. Tamb\u00e9m abrimos as portas para que a popula\u00e7\u00e3o de Bel\u00e9m conhecesse mais sobre nosso ativismo e sobre a campanha global \u201cRespeitem a Amaz\u00f4nia\u201d, que j\u00e1 mobilizou mais de meio milh\u00e3o de pessoas ao redor do mundo.&nbsp;<\/p>\n\n<p>Mais de 7 mil pessoas participaram das visitas p\u00fablicas ao navio, que agora segue viagem em dire\u00e7\u00e3o a Recife para continuar a promover a mobiliza\u00e7\u00e3o e conscientiza\u00e7\u00e3o relacionada \u00e0 justi\u00e7a clim\u00e1tica e aos oceanos.<\/p>\n\n<p>O navio Guerreiro do Arco-\u00cdris tamb\u00e9m participou da barqueta organizada pela C\u00fapula, onde mais de 200 embarca\u00e7\u00f5es ocuparam o Rio Guam\u00e1 no dia 12 de novembro com o mote <strong><em>\u201cDa Amaz\u00f4nia para o mundo: fim da desigualdade e do racismo ambiental. Justi\u00e7a clim\u00e1tica j\u00e1!\u201d.<\/em><br><\/strong><br>Dois dias depois, com o mesmo objetivo, a Marcha Global pelo Clima levou mais de 40 mil pessoas para as ruas da capital paraense. Os dois momentos registraram a for\u00e7a da uni\u00e3o dos povos e mostraram como a mobiliza\u00e7\u00e3o popular pode pressionar as negocia\u00e7\u00f5es.<\/p>\n<div data-hydrate=\"planet4-blocks\/gallery\" data-attributes=\"{&quot;attributes&quot;:{&quot;multiple_image&quot;:&quot;61383,61263,61268,61261,61262,61267,61266,61265&quot;,&quot;gallery_block_focus_points&quot;:&quot;{\\&quot;61261\\&quot;:\\&quot;50% 50%\\&quot;,\\&quot;61262\\&quot;:\\&quot;50% 50%\\&quot;,\\&quot;61263\\&quot;:\\&quot;50% 50%\\&quot;,\\&quot;61265\\&quot;:\\&quot;50% 50%\\&quot;,\\&quot;61266\\&quot;:\\&quot;50% 50%\\&quot;,\\&quot;61267\\&quot;:\\&quot;50% 50%\\&quot;,\\&quot;61268\\&quot;:\\&quot;50% 50%\\&quot;,\\&quot;61383\\&quot;:\\&quot;44% 61%\\&quot;}&quot;,&quot;image_data&quot;:[{&quot;url&quot;:&quot;https:\\\/\\\/www.greenpeace.org\\\/static\\\/planet4-brasil-stateless\\\/2025\\\/11\\\/b106c4a4-gp0su7eoj_medium-res-with-credit-line-1200px.jpg&quot;,&quot;focalPoint&quot;:{&quot;x&quot;:0.5,&quot;y&quot;:0.5},&quot;id&quot;:61383},{&quot;url&quot;:&quot;https:\\\/\\\/www.greenpeace.org\\\/static\\\/planet4-brasil-stateless\\\/2025\\\/11\\\/3036625d-gp0su7fnk_medium-res-1200px.jpg&quot;,&quot;focalPoint&quot;:{&quot;x&quot;:0.5,&quot;y&quot;:0.5},&quot;id&quot;:61263},{&quot;url&quot;:&quot;https:\\\/\\\/www.greenpeace.org\\\/static\\\/planet4-brasil-stateless\\\/2025\\\/11\\\/b7cc2072-gp0su7flu_medium-res-1200px.jpg&quot;,&quot;focalPoint&quot;:{&quot;x&quot;:0.5,&quot;y&quot;:0.5},&quot;id&quot;:61268},{&quot;url&quot;:&quot;https:\\\/\\\/www.greenpeace.org\\\/static\\\/planet4-brasil-stateless\\\/2025\\\/11\\\/5e8d14e3-gp0su7fj2_medium-res-1200px.jpg&quot;,&quot;focalPoint&quot;:{&quot;x&quot;:0.5,&quot;y&quot;:0.5},&quot;id&quot;:61261},{&quot;url&quot;:&quot;https:\\\/\\\/www.greenpeace.org\\\/static\\\/planet4-brasil-stateless\\\/2025\\\/11\\\/b20a5dab-gp0su7fll_medium-res-1200px.jpg&quot;,&quot;focalPoint&quot;:{&quot;x&quot;:0.5,&quot;y&quot;:0.5},&quot;id&quot;:61262},{&quot;url&quot;:&quot;https:\\\/\\\/www.greenpeace.org\\\/static\\\/planet4-brasil-stateless\\\/2025\\\/11\\\/0cd2daef-gp0su7eop_medium-res-1200px.jpg&quot;,&quot;focalPoint&quot;:{&quot;x&quot;:0.5,&quot;y&quot;:0.5},&quot;id&quot;:61267},{&quot;url&quot;:&quot;https:\\\/\\\/www.greenpeace.org\\\/static\\\/planet4-brasil-stateless\\\/2025\\\/11\\\/6fd024d1-gp0su7eoq_medium-res-1200px.jpg&quot;,&quot;focalPoint&quot;:{&quot;x&quot;:0.5,&quot;y&quot;:0.5},&quot;id&quot;:61266},{&quot;url&quot;:&quot;https:\\\/\\\/www.greenpeace.org\\\/static\\\/planet4-brasil-stateless\\\/2025\\\/11\\\/a2b063e6-gp0su7eog_medium-res-1200px.jpg&quot;,&quot;focalPoint&quot;:{&quot;x&quot;:0.5,&quot;y&quot;:0.5},&quot;id&quot;:61265}],&quot;gallery_block_style&quot;:0,&quot;gallery_block_title&quot;:&quot;&quot;,&quot;gallery_block_description&quot;:&quot;&quot;,&quot;images&quot;:[{&quot;image_src&quot;:&quot;https:\\\/\\\/www.greenpeace.org\\\/static\\\/planet4-brasil-stateless\\\/2025\\\/11\\\/b106c4a4-gp0su7eoj_medium-res-with-credit-line-1200px.jpg&quot;,&quot;image_srcset&quot;:&quot;https:\\\/\\\/www.greenpeace.org\\\/static\\\/planet4-brasil-stateless\\\/2025\\\/11\\\/b106c4a4-gp0su7eoj_medium-res-with-credit-line-1200px.jpg 1200w, https:\\\/\\\/www.greenpeace.org\\\/static\\\/planet4-brasil-stateless\\\/2025\\\/11\\\/b106c4a4-gp0su7eoj_medium-res-with-credit-line-1200px-300x200.jpg 300w, https:\\\/\\\/www.greenpeace.org\\\/static\\\/planet4-brasil-stateless\\\/2025\\\/11\\\/b106c4a4-gp0su7eoj_medium-res-with-credit-line-1200px-1024x683.jpg 1024w, https:\\\/\\\/www.greenpeace.org\\\/static\\\/planet4-brasil-stateless\\\/2025\\\/11\\\/b106c4a4-gp0su7eoj_medium-res-with-credit-line-1200px-768x512.jpg 768w, https:\\\/\\\/www.greenpeace.org\\\/static\\\/planet4-brasil-stateless\\\/2025\\\/11\\\/b106c4a4-gp0su7eoj_medium-res-with-credit-line-1200px-510x340.jpg 510w&quot;,&quot;image_sizes&quot;:false,&quot;alt_text&quot;:&quot;&quot;,&quot;caption&quot;:&quot;O ic\\u00f4nico navio do Greenpeace se junta a mais de 200 embarca\\u00e7\\u00f5es em Bel\\u00e9m, em ato simb\\u00f3lico de abertura da C\\u00fapula dos Povos pelo Clima da COP 30. Diferentes movimentos sociais se juntaram \\u00e0 a\\u00e7\\u00e3o com o mote \\&quot;Da Amaz\\u00f4nia para o Mundo: Fim da Desigualdade e do Racismo Ambiental, Justi\\u00e7a Clim\\u00e1tica J\\u00e1!\\&quot;, incluindo representantes de movimentos ind\\u00edgenas. O objetivo \\u00e9 pressionar os l\\u00edderes mundiais em defesa de justi\\u00e7a clim\\u00e1tica para todos.&quot;,&quot;focus_image&quot;:&quot;44% 61%&quot;,&quot;credits&quot;:&quot;\\u00a9 Filipe Bispo \\\/ Greenpeace&quot;},{&quot;image_src&quot;:&quot;https:\\\/\\\/www.greenpeace.org\\\/static\\\/planet4-brasil-stateless\\\/2025\\\/11\\\/3036625d-gp0su7fnk_medium-res-1200px.jpg&quot;,&quot;image_srcset&quot;:&quot;https:\\\/\\\/www.greenpeace.org\\\/static\\\/planet4-brasil-stateless\\\/2025\\\/11\\\/3036625d-gp0su7fnk_medium-res-1200px.jpg 1200w, https:\\\/\\\/www.greenpeace.org\\\/static\\\/planet4-brasil-stateless\\\/2025\\\/11\\\/3036625d-gp0su7fnk_medium-res-1200px-300x200.jpg 300w, https:\\\/\\\/www.greenpeace.org\\\/static\\\/planet4-brasil-stateless\\\/2025\\\/11\\\/3036625d-gp0su7fnk_medium-res-1200px-1024x683.jpg 1024w, https:\\\/\\\/www.greenpeace.org\\\/static\\\/planet4-brasil-stateless\\\/2025\\\/11\\\/3036625d-gp0su7fnk_medium-res-1200px-768x512.jpg 768w, https:\\\/\\\/www.greenpeace.org\\\/static\\\/planet4-brasil-stateless\\\/2025\\\/11\\\/3036625d-gp0su7fnk_medium-res-1200px-510x340.jpg 510w&quot;,&quot;image_sizes&quot;:false,&quot;alt_text&quot;:&quot;&quot;,&quot;caption&quot;:&quot;Os ativistas do Greenpeace participaram da Marcha Global pelo Clima exigindo respeito pela Amaz\\u00f4nia e que os poluidores paguem pela destrui\\u00e7\\u00e3o que causam ao planeta. \\n&quot;,&quot;focus_image&quot;:&quot;50% 50%&quot;,&quot;credits&quot;:&quot;\\u00a9 Filipe Bispo \\\/ Greenpeace&quot;},{&quot;image_src&quot;:&quot;https:\\\/\\\/www.greenpeace.org\\\/static\\\/planet4-brasil-stateless\\\/2025\\\/11\\\/b7cc2072-gp0su7flu_medium-res-1200px.jpg&quot;,&quot;image_srcset&quot;:&quot;https:\\\/\\\/www.greenpeace.org\\\/static\\\/planet4-brasil-stateless\\\/2025\\\/11\\\/b7cc2072-gp0su7flu_medium-res-1200px.jpg 1200w, https:\\\/\\\/www.greenpeace.org\\\/static\\\/planet4-brasil-stateless\\\/2025\\\/11\\\/b7cc2072-gp0su7flu_medium-res-1200px-300x200.jpg 300w, https:\\\/\\\/www.greenpeace.org\\\/static\\\/planet4-brasil-stateless\\\/2025\\\/11\\\/b7cc2072-gp0su7flu_medium-res-1200px-1024x683.jpg 1024w, https:\\\/\\\/www.greenpeace.org\\\/static\\\/planet4-brasil-stateless\\\/2025\\\/11\\\/b7cc2072-gp0su7flu_medium-res-1200px-768x512.jpg 768w, https:\\\/\\\/www.greenpeace.org\\\/static\\\/planet4-brasil-stateless\\\/2025\\\/11\\\/b7cc2072-gp0su7flu_medium-res-1200px-510x340.jpg 510w&quot;,&quot;image_sizes&quot;:false,&quot;alt_text&quot;:&quot;&quot;,&quot;caption&quot;:&quot;&quot;,&quot;focus_image&quot;:&quot;50% 50%&quot;,&quot;credits&quot;:&quot;\\u00a9 Filipe Bispo \\\/ Greenpeace&quot;},{&quot;image_src&quot;:&quot;https:\\\/\\\/www.greenpeace.org\\\/static\\\/planet4-brasil-stateless\\\/2025\\\/11\\\/5e8d14e3-gp0su7fj2_medium-res-1200px.jpg&quot;,&quot;image_srcset&quot;:&quot;https:\\\/\\\/www.greenpeace.org\\\/static\\\/planet4-brasil-stateless\\\/2025\\\/11\\\/5e8d14e3-gp0su7fj2_medium-res-1200px.jpg 1200w, https:\\\/\\\/www.greenpeace.org\\\/static\\\/planet4-brasil-stateless\\\/2025\\\/11\\\/5e8d14e3-gp0su7fj2_medium-res-1200px-300x200.jpg 300w, https:\\\/\\\/www.greenpeace.org\\\/static\\\/planet4-brasil-stateless\\\/2025\\\/11\\\/5e8d14e3-gp0su7fj2_medium-res-1200px-1024x683.jpg 1024w, https:\\\/\\\/www.greenpeace.org\\\/static\\\/planet4-brasil-stateless\\\/2025\\\/11\\\/5e8d14e3-gp0su7fj2_medium-res-1200px-768x512.jpg 768w, https:\\\/\\\/www.greenpeace.org\\\/static\\\/planet4-brasil-stateless\\\/2025\\\/11\\\/5e8d14e3-gp0su7fj2_medium-res-1200px-510x340.jpg 510w&quot;,&quot;image_sizes&quot;:false,&quot;alt_text&quot;:&quot;&quot;,&quot;caption&quot;:&quot;&quot;,&quot;focus_image&quot;:&quot;50% 50%&quot;,&quot;credits&quot;:&quot;\\u00a9 Filipe Bispo \\\/ Greenpeace&quot;},{&quot;image_src&quot;:&quot;https:\\\/\\\/www.greenpeace.org\\\/static\\\/planet4-brasil-stateless\\\/2025\\\/11\\\/b20a5dab-gp0su7fll_medium-res-1200px.jpg&quot;,&quot;image_srcset&quot;:&quot;https:\\\/\\\/www.greenpeace.org\\\/static\\\/planet4-brasil-stateless\\\/2025\\\/11\\\/b20a5dab-gp0su7fll_medium-res-1200px.jpg 1200w, https:\\\/\\\/www.greenpeace.org\\\/static\\\/planet4-brasil-stateless\\\/2025\\\/11\\\/b20a5dab-gp0su7fll_medium-res-1200px-300x200.jpg 300w, https:\\\/\\\/www.greenpeace.org\\\/static\\\/planet4-brasil-stateless\\\/2025\\\/11\\\/b20a5dab-gp0su7fll_medium-res-1200px-1024x683.jpg 1024w, https:\\\/\\\/www.greenpeace.org\\\/static\\\/planet4-brasil-stateless\\\/2025\\\/11\\\/b20a5dab-gp0su7fll_medium-res-1200px-768x512.jpg 768w, https:\\\/\\\/www.greenpeace.org\\\/static\\\/planet4-brasil-stateless\\\/2025\\\/11\\\/b20a5dab-gp0su7fll_medium-res-1200px-510x340.jpg 510w&quot;,&quot;image_sizes&quot;:false,&quot;alt_text&quot;:&quot;&quot;,&quot;caption&quot;:&quot;&quot;,&quot;focus_image&quot;:&quot;50% 50%&quot;,&quot;credits&quot;:&quot;\\u00a9 Filipe Bispo \\\/ Greenpeace&quot;},{&quot;image_src&quot;:&quot;https:\\\/\\\/www.greenpeace.org\\\/static\\\/planet4-brasil-stateless\\\/2025\\\/11\\\/0cd2daef-gp0su7eop_medium-res-1200px.jpg&quot;,&quot;image_srcset&quot;:&quot;https:\\\/\\\/www.greenpeace.org\\\/static\\\/planet4-brasil-stateless\\\/2025\\\/11\\\/0cd2daef-gp0su7eop_medium-res-1200px.jpg 1200w, https:\\\/\\\/www.greenpeace.org\\\/static\\\/planet4-brasil-stateless\\\/2025\\\/11\\\/0cd2daef-gp0su7eop_medium-res-1200px-300x200.jpg 300w, https:\\\/\\\/www.greenpeace.org\\\/static\\\/planet4-brasil-stateless\\\/2025\\\/11\\\/0cd2daef-gp0su7eop_medium-res-1200px-1024x683.jpg 1024w, https:\\\/\\\/www.greenpeace.org\\\/static\\\/planet4-brasil-stateless\\\/2025\\\/11\\\/0cd2daef-gp0su7eop_medium-res-1200px-768x512.jpg 768w, https:\\\/\\\/www.greenpeace.org\\\/static\\\/planet4-brasil-stateless\\\/2025\\\/11\\\/0cd2daef-gp0su7eop_medium-res-1200px-510x340.jpg 510w&quot;,&quot;image_sizes&quot;:false,&quot;alt_text&quot;:&quot;&quot;,&quot;caption&quot;:&quot;&quot;,&quot;focus_image&quot;:&quot;50% 50%&quot;,&quot;credits&quot;:&quot;\\u00a9 Filipe Bispo \\\/ Greenpeace&quot;},{&quot;image_src&quot;:&quot;https:\\\/\\\/www.greenpeace.org\\\/static\\\/planet4-brasil-stateless\\\/2025\\\/11\\\/6fd024d1-gp0su7eoq_medium-res-1200px.jpg&quot;,&quot;image_srcset&quot;:&quot;https:\\\/\\\/www.greenpeace.org\\\/static\\\/planet4-brasil-stateless\\\/2025\\\/11\\\/6fd024d1-gp0su7eoq_medium-res-1200px.jpg 1200w, https:\\\/\\\/www.greenpeace.org\\\/static\\\/planet4-brasil-stateless\\\/2025\\\/11\\\/6fd024d1-gp0su7eoq_medium-res-1200px-300x200.jpg 300w, https:\\\/\\\/www.greenpeace.org\\\/static\\\/planet4-brasil-stateless\\\/2025\\\/11\\\/6fd024d1-gp0su7eoq_medium-res-1200px-1024x683.jpg 1024w, https:\\\/\\\/www.greenpeace.org\\\/static\\\/planet4-brasil-stateless\\\/2025\\\/11\\\/6fd024d1-gp0su7eoq_medium-res-1200px-768x512.jpg 768w, https:\\\/\\\/www.greenpeace.org\\\/static\\\/planet4-brasil-stateless\\\/2025\\\/11\\\/6fd024d1-gp0su7eoq_medium-res-1200px-510x340.jpg 510w&quot;,&quot;image_sizes&quot;:false,&quot;alt_text&quot;:&quot;&quot;,&quot;caption&quot;:&quot;&quot;,&quot;focus_image&quot;:&quot;50% 50%&quot;,&quot;credits&quot;:&quot;\\u00a9 Filipe Bispo \\\/ Greenpeace&quot;},{&quot;image_src&quot;:&quot;https:\\\/\\\/www.greenpeace.org\\\/static\\\/planet4-brasil-stateless\\\/2025\\\/11\\\/a2b063e6-gp0su7eog_medium-res-1200px.jpg&quot;,&quot;image_srcset&quot;:&quot;https:\\\/\\\/www.greenpeace.org\\\/static\\\/planet4-brasil-stateless\\\/2025\\\/11\\\/a2b063e6-gp0su7eog_medium-res-1200px.jpg 1200w, https:\\\/\\\/www.greenpeace.org\\\/static\\\/planet4-brasil-stateless\\\/2025\\\/11\\\/a2b063e6-gp0su7eog_medium-res-1200px-300x200.jpg 300w, https:\\\/\\\/www.greenpeace.org\\\/static\\\/planet4-brasil-stateless\\\/2025\\\/11\\\/a2b063e6-gp0su7eog_medium-res-1200px-1024x683.jpg 1024w, https:\\\/\\\/www.greenpeace.org\\\/static\\\/planet4-brasil-stateless\\\/2025\\\/11\\\/a2b063e6-gp0su7eog_medium-res-1200px-768x512.jpg 768w, https:\\\/\\\/www.greenpeace.org\\\/static\\\/planet4-brasil-stateless\\\/2025\\\/11\\\/a2b063e6-gp0su7eog_medium-res-1200px-510x340.jpg 510w&quot;,&quot;image_sizes&quot;:false,&quot;alt_text&quot;:&quot;&quot;,&quot;caption&quot;:&quot;&quot;,&quot;focus_image&quot;:&quot;50% 50%&quot;,&quot;credits&quot;:&quot;\\u00a9 Filipe Bispo \\\/ Greenpeace&quot;}]}}\"><section class=\"block carousel-wrap \"><\/section><\/div>\n<p><strong>A solu\u00e7\u00e3o est\u00e1 nos territ\u00f3rios<\/strong><\/p>\n\n<p>Essa tamb\u00e9m foi a Confer\u00eancia do Clima com a maior presen\u00e7a ind\u00edgena j\u00e1 registrada. Foram milhares de ind\u00edgenas e lideran\u00e7as que levaram aos governos, em diferentes espa\u00e7os e circunst\u00e2ncias, a demarca\u00e7\u00e3o dos territ\u00f3rios como principal reivindica\u00e7\u00e3o para conter a crise clim\u00e1tica.<\/p>\n\n<p>Na segunda semana da COP30, o governo brasileiro anunciou o avan\u00e7o no processo de demarca\u00e7\u00e3o de 20 Terras Ind\u00edgenas &#8211; 4 foram homologadas, 10 declaradas e 6 delimitadas. Representando milh\u00f5es de hectares protegidos. Uma vit\u00f3ria que reflete anos de mobiliza\u00e7\u00e3o dos povos ind\u00edgenas e refor\u00e7a o pedido que foi feito na Marcha Ind\u00edgena durante a COP: \u201cA Resposta Somos N\u00f3s &#8211; demarcar terras \u00e9 proteger florestas e enfrentar a crise clim\u00e1tica\u201d.<\/p>\n<div data-hydrate=\"planet4-blocks\/gallery\" data-attributes=\"{&quot;attributes&quot;:{&quot;multiple_image&quot;:&quot;61270,61260,61269&quot;,&quot;image_data&quot;:[{&quot;url&quot;:&quot;https:\\\/\\\/www.greenpeace.org\\\/static\\\/planet4-brasil-stateless\\\/2025\\\/11\\\/013a287c-gp0su7gdd_medium-res-1200px.jpg&quot;,&quot;focalPoint&quot;:{&quot;x&quot;:0.5,&quot;y&quot;:0.5},&quot;id&quot;:61270},{&quot;url&quot;:&quot;https:\\\/\\\/www.greenpeace.org\\\/static\\\/planet4-brasil-stateless\\\/2025\\\/11\\\/b938edff-gp0su7gdc_medium-res-1200px.jpg&quot;,&quot;focalPoint&quot;:{&quot;x&quot;:0.5,&quot;y&quot;:0.5},&quot;id&quot;:61260},{&quot;url&quot;:&quot;https:\\\/\\\/www.greenpeace.org\\\/static\\\/planet4-brasil-stateless\\\/2025\\\/11\\\/ebb10333-gp0su7gdh_medium-res-1200px.jpg&quot;,&quot;focalPoint&quot;:{&quot;x&quot;:0.5,&quot;y&quot;:0.5},&quot;id&quot;:61269}],&quot;gallery_block_style&quot;:0,&quot;gallery_block_title&quot;:&quot;&quot;,&quot;gallery_block_description&quot;:&quot;&quot;,&quot;gallery_block_focus_points&quot;:&quot;&quot;,&quot;images&quot;:[{&quot;image_src&quot;:&quot;https:\\\/\\\/www.greenpeace.org\\\/static\\\/planet4-brasil-stateless\\\/2025\\\/11\\\/013a287c-gp0su7gdd_medium-res-1200px.jpg&quot;,&quot;image_srcset&quot;:&quot;https:\\\/\\\/www.greenpeace.org\\\/static\\\/planet4-brasil-stateless\\\/2025\\\/11\\\/013a287c-gp0su7gdd_medium-res-1200px.jpg 1200w, https:\\\/\\\/www.greenpeace.org\\\/static\\\/planet4-brasil-stateless\\\/2025\\\/11\\\/013a287c-gp0su7gdd_medium-res-1200px-300x200.jpg 300w, https:\\\/\\\/www.greenpeace.org\\\/static\\\/planet4-brasil-stateless\\\/2025\\\/11\\\/013a287c-gp0su7gdd_medium-res-1200px-1024x683.jpg 1024w, https:\\\/\\\/www.greenpeace.org\\\/static\\\/planet4-brasil-stateless\\\/2025\\\/11\\\/013a287c-gp0su7gdd_medium-res-1200px-768x512.jpg 768w, https:\\\/\\\/www.greenpeace.org\\\/static\\\/planet4-brasil-stateless\\\/2025\\\/11\\\/013a287c-gp0su7gdd_medium-res-1200px-510x340.jpg 510w&quot;,&quot;image_sizes&quot;:false,&quot;alt_text&quot;:&quot;&quot;,&quot;caption&quot;:&quot;&quot;,&quot;focus_image&quot;:&quot;&quot;,&quot;credits&quot;:&quot;\\u00a9 Tuane Fernandes \\\/ Greenpeace&quot;},{&quot;image_src&quot;:&quot;https:\\\/\\\/www.greenpeace.org\\\/static\\\/planet4-brasil-stateless\\\/2025\\\/11\\\/b938edff-gp0su7gdc_medium-res-1200px.jpg&quot;,&quot;image_srcset&quot;:&quot;https:\\\/\\\/www.greenpeace.org\\\/static\\\/planet4-brasil-stateless\\\/2025\\\/11\\\/b938edff-gp0su7gdc_medium-res-1200px.jpg 1200w, https:\\\/\\\/www.greenpeace.org\\\/static\\\/planet4-brasil-stateless\\\/2025\\\/11\\\/b938edff-gp0su7gdc_medium-res-1200px-300x200.jpg 300w, https:\\\/\\\/www.greenpeace.org\\\/static\\\/planet4-brasil-stateless\\\/2025\\\/11\\\/b938edff-gp0su7gdc_medium-res-1200px-1024x683.jpg 1024w, https:\\\/\\\/www.greenpeace.org\\\/static\\\/planet4-brasil-stateless\\\/2025\\\/11\\\/b938edff-gp0su7gdc_medium-res-1200px-768x512.jpg 768w, https:\\\/\\\/www.greenpeace.org\\\/static\\\/planet4-brasil-stateless\\\/2025\\\/11\\\/b938edff-gp0su7gdc_medium-res-1200px-510x340.jpg 510w&quot;,&quot;image_sizes&quot;:false,&quot;alt_text&quot;:&quot;&quot;,&quot;caption&quot;:&quot;&quot;,&quot;focus_image&quot;:&quot;&quot;,&quot;credits&quot;:&quot;\\u00a9 Tuane Fernandes \\\/ Greenpeace&quot;},{&quot;image_src&quot;:&quot;https:\\\/\\\/www.greenpeace.org\\\/static\\\/planet4-brasil-stateless\\\/2025\\\/11\\\/ebb10333-gp0su7gdh_medium-res-1200px.jpg&quot;,&quot;image_srcset&quot;:&quot;https:\\\/\\\/www.greenpeace.org\\\/static\\\/planet4-brasil-stateless\\\/2025\\\/11\\\/ebb10333-gp0su7gdh_medium-res-1200px.jpg 1200w, https:\\\/\\\/www.greenpeace.org\\\/static\\\/planet4-brasil-stateless\\\/2025\\\/11\\\/ebb10333-gp0su7gdh_medium-res-1200px-300x200.jpg 300w, https:\\\/\\\/www.greenpeace.org\\\/static\\\/planet4-brasil-stateless\\\/2025\\\/11\\\/ebb10333-gp0su7gdh_medium-res-1200px-1024x683.jpg 1024w, https:\\\/\\\/www.greenpeace.org\\\/static\\\/planet4-brasil-stateless\\\/2025\\\/11\\\/ebb10333-gp0su7gdh_medium-res-1200px-768x512.jpg 768w, https:\\\/\\\/www.greenpeace.org\\\/static\\\/planet4-brasil-stateless\\\/2025\\\/11\\\/ebb10333-gp0su7gdh_medium-res-1200px-510x340.jpg 510w&quot;,&quot;image_sizes&quot;:false,&quot;alt_text&quot;:&quot;&quot;,&quot;caption&quot;:&quot;&quot;,&quot;focus_image&quot;:&quot;&quot;,&quot;credits&quot;:&quot;\\u00a9 Tuane Fernandes \\\/ Greenpeace&quot;}]}}\"><section class=\"block carousel-wrap \"><\/section><\/div>\n<p><strong>Essa, sem d\u00favida alguma, foi a COP das pessoas.<\/strong> E isso \u00e9 primordial para qualquer avan\u00e7o da agenda clim\u00e1tica. Afinal, n\u00e3o h\u00e1 debate clim\u00e1tico poss\u00edvel sem a inclus\u00e3o daqueles que realmente sabem como proteger as florestas e o clima.<br><br>E \u00e9 exatamente por isso que a mobiliza\u00e7\u00e3o que deixou Bel\u00e9m ainda mais colorida durante as negocia\u00e7\u00f5es globais segue firme e forte, regando as possibilidades criadas pela COP30 para&nbsp; germinar, criar ra\u00edzes e florescer as mudan\u00e7as e a\u00e7\u00f5es que precisamos.<\/p>\n\n<div class=\"wp-block-buttons is-content-justification-center is-layout-flex wp-container-core-buttons-is-layout-16018d1d wp-block-buttons-is-layout-flex\">\n<div class=\"wp-block-button\"><a class=\"wp-block-button__link has-text-align-center wp-element-button\" href=\"https:\/\/respeitemaamazonia.org.br\/\"><strong>PARTICIPE DO ABAIXO-ASSINADO RESPEITEM A AMAZ\u00d4NIA<\/strong><\/a><\/div>\n<\/div>\n\n<p><\/p>\n","protected":false},"excerpt":{"rendered":"<p>Ainda que os resultados das negocia\u00e7\u00f5es tenham deixado a desejar, a mobiliza\u00e7\u00e3o de diferentes grupos e povos colocaram a participa\u00e7\u00e3o social na COP30 em outro patamar.<\/p>\n","protected":false},"author":98,"featured_media":61260,"comment_status":"open","ping_status":"closed","sticky":false,"template":"","format":"standard","meta":{"ep_exclude_from_search":false,"p4_og_title":"","p4_og_description":"","p4_og_image":"","p4_og_image_id":"","p4_seo_canonical_url":"","p4_campaign_name":"","p4_local_project":"","p4_basket_name":"","p4_department":"","footnotes":""},"categories":[74],"tags":[73,57],"p4-page-type":[16],"class_list":["post-61259","post","type-post","status-publish","format-standard","has-post-thumbnail","hentry","category-cop30","tag-cop30","tag-cop","p4-page-type-blog"],"_links":{"self":[{"href":"https:\/\/www.greenpeace.org\/brasil\/wp-json\/wp\/v2\/posts\/61259","targetHints":{"allow":["GET"]}}],"collection":[{"href":"https:\/\/www.greenpeace.org\/brasil\/wp-json\/wp\/v2\/posts"}],"about":[{"href":"https:\/\/www.greenpeace.org\/brasil\/wp-json\/wp\/v2\/types\/post"}],"author":[{"embeddable":true,"href":"https:\/\/www.greenpeace.org\/brasil\/wp-json\/wp\/v2\/users\/98"}],"replies":[{"embeddable":true,"href":"https:\/\/www.greenpeace.org\/brasil\/wp-json\/wp\/v2\/comments?post=61259"}],"version-history":[{"count":3,"href":"https:\/\/www.greenpeace.org\/brasil\/wp-json\/wp\/v2\/posts\/61259\/revisions"}],"predecessor-version":[{"id":61385,"href":"https:\/\/www.greenpeace.org\/brasil\/wp-json\/wp\/v2\/posts\/61259\/revisions\/61385"}],"wp:featuredmedia":[{"embeddable":true,"href":"https:\/\/www.greenpeace.org\/brasil\/wp-json\/wp\/v2\/media\/61260"}],"wp:attachment":[{"href":"https:\/\/www.greenpeace.org\/brasil\/wp-json\/wp\/v2\/media?parent=61259"}],"wp:term":[{"taxonomy":"category","embeddable":true,"href":"https:\/\/www.greenpeace.org\/brasil\/wp-json\/wp\/v2\/categories?post=61259"},{"taxonomy":"post_tag","embeddable":true,"href":"https:\/\/www.greenpeace.org\/brasil\/wp-json\/wp\/v2\/tags?post=61259"},{"taxonomy":"p4-page-type","embeddable":true,"href":"https:\/\/www.greenpeace.org\/brasil\/wp-json\/wp\/v2\/p4-page-type?post=61259"}],"curies":[{"name":"wp","href":"https:\/\/api.w.org\/{rel}","templated":true}]}}