{"id":6137,"date":"2018-11-14T21:58:58","date_gmt":"2018-11-15T00:58:58","guid":{"rendered":"https:\/\/www.greenpeace.org\/brasil\/?p=6137"},"modified":"2019-11-06T05:20:07","modified_gmt":"2019-11-06T08:20:07","slug":"por-um-modelo-agricola-que-nao-destrua-o-cerrado","status":"publish","type":"post","link":"https:\/\/www.greenpeace.org\/brasil\/blog\/por-um-modelo-agricola-que-nao-destrua-o-cerrado\/","title":{"rendered":"Por um modelo agr\u00edcola que n\u00e3o destrua o Cerrado"},"content":{"rendered":"<h4><strong>Evento de lan\u00e7amento de estudo sobre o Matopiba refor\u00e7a a import\u00e2ncia do bioma para combater as mudan\u00e7as clim\u00e1ticas<\/strong><\/h4>\n<div id=\"attachment_6140\" style=\"width: 1034px\" class=\"wp-caption aligncenter\"><img loading=\"lazy\" decoding=\"async\" aria-describedby=\"caption-attachment-6140\" class=\"size-large wp-image-6140\" src=\"https:\/\/www.greenpeace.org\/static\/planet4-brasil-stateless\/2018\/11\/d0114409-img_7929-1024x683.jpg\" alt=\"Relat\u00f3rio &quot;Segure a Linha&quot;\" width=\"1024\" height=\"683\" srcset=\"https:\/\/www.greenpeace.org\/static\/planet4-brasil-stateless\/2018\/11\/d0114409-img_7929-1024x683.jpg 1024w, https:\/\/www.greenpeace.org\/static\/planet4-brasil-stateless\/2018\/11\/d0114409-img_7929-300x200.jpg 300w, https:\/\/www.greenpeace.org\/static\/planet4-brasil-stateless\/2018\/11\/d0114409-img_7929-768x512.jpg 768w, https:\/\/www.greenpeace.org\/static\/planet4-brasil-stateless\/2018\/11\/d0114409-img_7929-2048x1366.jpg 2048w, https:\/\/www.greenpeace.org\/static\/planet4-brasil-stateless\/2018\/11\/d0114409-img_7929-510x340.jpg 510w\" sizes=\"auto, (max-width: 1024px) 100vw, 1024px\" \/><p id=\"caption-attachment-6140\" class=\"wp-caption-text\">Novo relat\u00f3rio mostra que munic\u00edpios do Matopiba, regi\u00e3o modelo do agroneg\u00f3cio, continuam pobres<\/p><\/div>\n<p><span style=\"font-weight: 400;\">O desmatamento no Cerrado n\u00e3o \u00e9 um \u201ccusto inerente e necess\u00e1rio\u201d ao progresso e a eleva\u00e7\u00e3o da produ\u00e7\u00e3o agr\u00edcola n\u00e3o se traduz em melhorias econ\u00f4micas e sociais para a regi\u00e3o. Essa foi a principal mensagem passada no evento de lan\u00e7amento do relat\u00f3rio <a href=\"https:\/\/www.greenpeace.org\/static\/planet4-brasil-stateless\/2018\/11\/904dd412-relatorio_greenpeace_matopiba.pdf\" target=\"_blank\" rel=\"noopener noreferrer\">\u201cSegure a Linha \u2013 A Expans\u00e3o do Agroneg\u00f3cio e a Disputa pelo Cerrado\u201d<\/a>, nesta segunda-feira, na Livraria da Vila, em S\u00e3o Paulo. O estudo in\u00e9dito, apoiado pelo Greenpeace, analisa as din\u00e2micas socioecon\u00f4micas na regi\u00e3o de Cerrado denominada Matopiba, que re\u00fane munic\u00edpios do Maranh\u00e3o, Tocantins, Piau\u00ed e Bahia. \u00a0<\/span><\/p>\n<p><span style=\"font-weight: 400;\">Os resultados da pesquisa mostram que existe mais pobreza e injusti\u00e7a do que riqueza e bem-estar no Matopiba, e que o crescimento econ\u00f4mico decorrente da expans\u00e3o do agroneg\u00f3cio \u00e9 de curto prazo apenas. Dos 337 munic\u00edpios do Matopiba, somente em 45 os indicadores de produ\u00e7\u00e3o e bem-estar superam a m\u00e9dia dos respectivos estados. Dos 10 maiores munic\u00edpios produtores de soja no Matopiba, apenas tr\u00eas fazem parte do grupo classificado como \u201crico\u201d, com bons indicadores sociais. <\/span><\/p>\n<div id=\"attachment_6143\" style=\"width: 358px\" class=\"wp-caption alignright\"><img loading=\"lazy\" decoding=\"async\" aria-describedby=\"caption-attachment-6143\" class=\" wp-image-6143\" src=\"https:\/\/www.greenpeace.org\/static\/planet4-brasil-stateless\/2018\/11\/46a080b9-img_8005-300x200.jpg\" alt=\"Arilson Favareto, autor do estudo\" width=\"348\" height=\"232\" srcset=\"https:\/\/www.greenpeace.org\/static\/planet4-brasil-stateless\/2018\/11\/46a080b9-img_8005-300x200.jpg 300w, https:\/\/www.greenpeace.org\/static\/planet4-brasil-stateless\/2018\/11\/46a080b9-img_8005-768x512.jpg 768w, https:\/\/www.greenpeace.org\/static\/planet4-brasil-stateless\/2018\/11\/46a080b9-img_8005-1024x683.jpg 1024w, https:\/\/www.greenpeace.org\/static\/planet4-brasil-stateless\/2018\/11\/46a080b9-img_8005-2048x1366.jpg 2048w, https:\/\/www.greenpeace.org\/static\/planet4-brasil-stateless\/2018\/11\/46a080b9-img_8005-510x340.jpg 510w\" sizes=\"auto, (max-width: 348px) 100vw, 348px\" \/><p id=\"caption-attachment-6143\" class=\"wp-caption-text\">Arilson Favareto, autor do estudo<\/p><\/div>\n<p><span style=\"font-weight: 400;\">\u201cTrata-se de um modelo de produ\u00e7\u00e3o que praticamente esteriliza o tecido social da regi\u00e3o\u201d, afirma o Professor Arilson Favareto, autor do estudo, soci\u00f3logo e doutor em Ci\u00eancia Ambiental da Universidade Federal do ABC. Ele explica que o aumento da produ\u00e7\u00e3o e da produtividade gera uma riqueza bastante concentrada, ampliando as desigualdades sociais. <\/span><\/p>\n<p><span style=\"font-weight: 400;\">Esse modelo de expans\u00e3o do agroneg\u00f3cio acaba por limitar ou impedir o desenvolvimento de um projeto para o Cerrado que v\u00e1 al\u00e9m dessa l\u00f3gica, n\u00e3o degrade os recursos naturais, respeite os modos de vida das popula\u00e7\u00f5es tradicionais e amplie as oportunidades para o pa\u00eds n\u00e3o exportar apenas <\/span><i><span style=\"font-weight: 400;\">commodities<\/span><\/i><span style=\"font-weight: 400;\">. Mas h\u00e1 quem vislumbre alternativas.<\/span><\/p>\n<div id=\"attachment_6142\" style=\"width: 354px\" class=\"wp-caption alignleft\"><img loading=\"lazy\" decoding=\"async\" aria-describedby=\"caption-attachment-6142\" class=\" wp-image-6142\" src=\"https:\/\/www.greenpeace.org\/static\/planet4-brasil-stateless\/2018\/11\/f9ae75eb-img_8285-300x200.jpg\" alt=\"F\u00e1tima Barros, da Rede Cerrado\" width=\"344\" height=\"230\" srcset=\"https:\/\/www.greenpeace.org\/static\/planet4-brasil-stateless\/2018\/11\/f9ae75eb-img_8285-300x200.jpg 300w, https:\/\/www.greenpeace.org\/static\/planet4-brasil-stateless\/2018\/11\/f9ae75eb-img_8285-768x512.jpg 768w, https:\/\/www.greenpeace.org\/static\/planet4-brasil-stateless\/2018\/11\/f9ae75eb-img_8285-1024x683.jpg 1024w, https:\/\/www.greenpeace.org\/static\/planet4-brasil-stateless\/2018\/11\/f9ae75eb-img_8285-2048x1366.jpg 2048w, https:\/\/www.greenpeace.org\/static\/planet4-brasil-stateless\/2018\/11\/f9ae75eb-img_8285-510x340.jpg 510w\" sizes=\"auto, (max-width: 344px) 100vw, 344px\" \/><p id=\"caption-attachment-6142\" class=\"wp-caption-text\">F\u00e1tima Barros, da Rede Cerrado<\/p><\/div>\n<p><span style=\"font-weight: 400;\">Para Eduardo Assad, professor e pesquisador da Embrapa, o Cerrado \u00e9 uma janela de oportunidade para nos prepararmos para as mudan\u00e7as clim\u00e1ticas e, por isso, precisamos estud\u00e1-lo. Durante o debate, ele defendeu a necessidade de aprendermos com a extraordin\u00e1ria resili\u00eancia das esp\u00e9cies vegetais do bioma \u2013 que somam mais de 13 mil \u2013 quanto \u00e0 adapta\u00e7\u00e3o \u00e0 varia\u00e7\u00e3o clim\u00e1tica ao longo do tempo. \u201cH\u00e1 uma biodiversidade gigantesca no Cerrado que estamos perdendo. Mas a maior riqueza da regi\u00e3o no futuro n\u00e3o ser\u00e1 a soja e sim a diversidade. N\u00e3o conhe\u00e7o supermercado que venda um produto s\u00f3\u201d.<\/span><\/p>\n<p><span style=\"font-weight: 400;\">Preservar as esp\u00e9cies nativas do segundo maior bioma brasileiro \u00e9 tamb\u00e9m garantir a sobreviv\u00eancia das comunidades que l\u00e1 habitam. &#8220;A defesa da biodiversidade do Cerrado \u00e9 a possibilidade de minha fam\u00edlia continuar existindo&#8221;, pontua com emo\u00e7\u00e3o F\u00e1tima Barros, da Rede Cerrado e remanescente quilombola na Ilha de S\u00e3o Vicente, em Araguatins (TO). A fam\u00edlia de F\u00e1tima, que est\u00e1 na ilha h\u00e1 130 anos, faz uso da agroecologia, em equil\u00edbrio com o ecossistema local. \u201cEstou \u00e0 frente da luta de meu povo porque compreendo a necessidade de continuar existindo. \u00c9 resistir para existir&#8221;, afirma ela, que j\u00e1 sofreu quatro tentativas de despejo de seu territ\u00f3rio por conta do agroneg\u00f3cio.<\/span><\/p>\n<div id=\"attachment_6141\" style=\"width: 349px\" class=\"wp-caption alignright\"><img loading=\"lazy\" decoding=\"async\" aria-describedby=\"caption-attachment-6141\" class=\" wp-image-6141\" src=\"https:\/\/www.greenpeace.org\/static\/planet4-brasil-stateless\/2018\/11\/d4cb9720-img_8190-300x200.jpg\" alt=\"Eduardo Assad, da Embrapa\" width=\"339\" height=\"226\" srcset=\"https:\/\/www.greenpeace.org\/static\/planet4-brasil-stateless\/2018\/11\/d4cb9720-img_8190-300x200.jpg 300w, https:\/\/www.greenpeace.org\/static\/planet4-brasil-stateless\/2018\/11\/d4cb9720-img_8190-768x512.jpg 768w, https:\/\/www.greenpeace.org\/static\/planet4-brasil-stateless\/2018\/11\/d4cb9720-img_8190-1024x683.jpg 1024w, https:\/\/www.greenpeace.org\/static\/planet4-brasil-stateless\/2018\/11\/d4cb9720-img_8190-2048x1366.jpg 2048w, https:\/\/www.greenpeace.org\/static\/planet4-brasil-stateless\/2018\/11\/d4cb9720-img_8190-510x340.jpg 510w\" sizes=\"auto, (max-width: 339px) 100vw, 339px\" \/><p id=\"caption-attachment-6141\" class=\"wp-caption-text\">Eduardo Assad, da Embrapa<\/p><\/div>\n<p><b>\u201cPrecisa desmatar mais? N\u00e3o precisa\u201d<\/b><\/p>\n<p><span style=\"font-weight: 400;\">A import\u00e2ncia de se combater o desmatamento no Cerrado foi um dos pontos levantados no debate durante o lan\u00e7amento do relat\u00f3rio, que contou com a media\u00e7\u00e3o da jornalista Am\u00e1lia Safatle. Adriana Charoux, da campanha de Amaz\u00f4nia do Greenpeace, afirma que a prote\u00e7\u00e3o da vegeta\u00e7\u00e3o nativa \u00e9 essencial para assegurar a manuten\u00e7\u00e3o dos servi\u00e7os ecossist\u00eamicos, incluindo a produ\u00e7\u00e3o agr\u00edcola. \u201cO Cerrado \u00e9 uma grande caixa d&#8217;\u00e1gua. \u00c9 l\u00e1 que nascem diversos rios vitais para as regi\u00f5es por onde passam, como o Paran\u00e1 e o Tapaj\u00f3s\u201d. <\/span><\/p>\n<p><span style=\"font-weight: 400;\">Diferentemente dos produtores rurais na Amaz\u00f4nia, que precisam preservar 80% de suas propriedades como reserva legal, no Cerrado esse percentual \u00e9 de apenas 20%. Assad, no entanto, questiona: \u201cAinda que o C\u00f3digo Florestal permita o desmatamento no Cerrad<\/span>o, a quest\u00e3o \u00e9: precisa desmatar mais? N\u00e3o precisa\u201d.<\/p>\n<div id=\"attachment_6152\" style=\"width: 360px\" class=\"wp-caption alignleft\"><img loading=\"lazy\" decoding=\"async\" aria-describedby=\"caption-attachment-6152\" class=\" wp-image-6152\" src=\"https:\/\/www.greenpeace.org\/static\/planet4-brasil-stateless\/2018\/11\/ba1585f9-img_8410-300x200.jpg\" alt=\"Debate sobre os impactos do agroneg\u00f3cio no Matopiba\" width=\"350\" height=\"233\" srcset=\"https:\/\/www.greenpeace.org\/static\/planet4-brasil-stateless\/2018\/11\/ba1585f9-img_8410-300x200.jpg 300w, https:\/\/www.greenpeace.org\/static\/planet4-brasil-stateless\/2018\/11\/ba1585f9-img_8410-768x512.jpg 768w, https:\/\/www.greenpeace.org\/static\/planet4-brasil-stateless\/2018\/11\/ba1585f9-img_8410-1024x683.jpg 1024w, https:\/\/www.greenpeace.org\/static\/planet4-brasil-stateless\/2018\/11\/ba1585f9-img_8410-2048x1366.jpg 2048w, https:\/\/www.greenpeace.org\/static\/planet4-brasil-stateless\/2018\/11\/ba1585f9-img_8410-510x340.jpg 510w\" sizes=\"auto, (max-width: 350px) 100vw, 350px\" \/><p id=\"caption-attachment-6152\" class=\"wp-caption-text\">Debate sobre os impactos do agroneg\u00f3cio no Matopiba<\/p><\/div>\n<p><span style=\"font-weight: 400;\">Economicamente, o Cerrado de p\u00e9 tamb\u00e9m \u00e9 muito mais interessante. \u201cDiminuir o combate ao desmatamento faz com que o Brasil perca competitividade econ\u00f4mica, o que pode prejudicar a gera\u00e7\u00e3o de empregos\u201d, alerta Charoux, lembrando que o compromisso das empresas de zerar o desmatamento em suas cadeias produtivas \u00e9 essencial e urgente para a sobreviv\u00eancia do bioma. \u201cAs escolhas de agora determinar\u00e3o nossa vida no futuro. N\u00e3o temos tempo a perder\u201d.<\/span><\/p>\n<div id=\"attachment_6144\" style=\"width: 1034px\" class=\"wp-caption aligncenter\"><img loading=\"lazy\" decoding=\"async\" aria-describedby=\"caption-attachment-6144\" class=\"size-large wp-image-6144\" src=\"https:\/\/www.greenpeace.org\/static\/planet4-brasil-stateless\/2018\/11\/dc8fb588-img_7900-1024x683.jpg\" alt=\"Lan\u00e7amento do relat\u00f3rio em S\u00e3o Paulo\" width=\"1024\" height=\"683\" srcset=\"https:\/\/www.greenpeace.org\/static\/planet4-brasil-stateless\/2018\/11\/dc8fb588-img_7900-1024x683.jpg 1024w, https:\/\/www.greenpeace.org\/static\/planet4-brasil-stateless\/2018\/11\/dc8fb588-img_7900-300x200.jpg 300w, https:\/\/www.greenpeace.org\/static\/planet4-brasil-stateless\/2018\/11\/dc8fb588-img_7900-768x512.jpg 768w, https:\/\/www.greenpeace.org\/static\/planet4-brasil-stateless\/2018\/11\/dc8fb588-img_7900-2048x1366.jpg 2048w, https:\/\/www.greenpeace.org\/static\/planet4-brasil-stateless\/2018\/11\/dc8fb588-img_7900-510x340.jpg 510w\" sizes=\"auto, (max-width: 1024px) 100vw, 1024px\" \/><p id=\"caption-attachment-6144\" class=\"wp-caption-text\">Lan\u00e7amento do relat\u00f3rio em S\u00e3o Paulo<\/p><\/div>\n","protected":false},"excerpt":{"rendered":"<p>Evento de lan\u00e7amento de estudo sobre o Matopiba refor\u00e7a a import\u00e2ncia do bioma para combater as mudan\u00e7as clim\u00e1ticas<\/p>\n","protected":false},"author":19,"featured_media":6140,"comment_status":"open","ping_status":"closed","sticky":false,"template":"","format":"standard","meta":{"ep_exclude_from_search":false,"p4_og_title":"","p4_og_description":"","p4_og_image":"","p4_og_image_id":"","p4_seo_canonical_url":"","p4_campaign_name":"","p4_local_project":"","p4_basket_name":"","p4_department":"","footnotes":""},"categories":[3],"tags":[18,22],"p4-page-type":[16],"class_list":["post-6137","post","type-post","status-publish","format-standard","has-post-thumbnail","hentry","category-proteja-a-natureza","tag-agroecologia","tag-florestas","p4-page-type-blog"],"_links":{"self":[{"href":"https:\/\/www.greenpeace.org\/brasil\/wp-json\/wp\/v2\/posts\/6137","targetHints":{"allow":["GET"]}}],"collection":[{"href":"https:\/\/www.greenpeace.org\/brasil\/wp-json\/wp\/v2\/posts"}],"about":[{"href":"https:\/\/www.greenpeace.org\/brasil\/wp-json\/wp\/v2\/types\/post"}],"author":[{"embeddable":true,"href":"https:\/\/www.greenpeace.org\/brasil\/wp-json\/wp\/v2\/users\/19"}],"replies":[{"embeddable":true,"href":"https:\/\/www.greenpeace.org\/brasil\/wp-json\/wp\/v2\/comments?post=6137"}],"version-history":[{"count":11,"href":"https:\/\/www.greenpeace.org\/brasil\/wp-json\/wp\/v2\/posts\/6137\/revisions"}],"predecessor-version":[{"id":12827,"href":"https:\/\/www.greenpeace.org\/brasil\/wp-json\/wp\/v2\/posts\/6137\/revisions\/12827"}],"wp:featuredmedia":[{"embeddable":true,"href":"https:\/\/www.greenpeace.org\/brasil\/wp-json\/wp\/v2\/media\/6140"}],"wp:attachment":[{"href":"https:\/\/www.greenpeace.org\/brasil\/wp-json\/wp\/v2\/media?parent=6137"}],"wp:term":[{"taxonomy":"category","embeddable":true,"href":"https:\/\/www.greenpeace.org\/brasil\/wp-json\/wp\/v2\/categories?post=6137"},{"taxonomy":"post_tag","embeddable":true,"href":"https:\/\/www.greenpeace.org\/brasil\/wp-json\/wp\/v2\/tags?post=6137"},{"taxonomy":"p4-page-type","embeddable":true,"href":"https:\/\/www.greenpeace.org\/brasil\/wp-json\/wp\/v2\/p4-page-type?post=6137"}],"curies":[{"name":"wp","href":"https:\/\/api.w.org\/{rel}","templated":true}]}}