{"id":6208,"date":"2018-11-23T17:45:29","date_gmt":"2018-11-23T20:45:29","guid":{"rendered":"https:\/\/www.greenpeace.org\/brasil\/?p=6208"},"modified":"2022-06-30T17:28:56","modified_gmt":"2022-06-30T20:28:56","slug":"desmatamento-na-amazonia-registra-alta-de-137-segundo-prodes","status":"publish","type":"post","link":"https:\/\/www.greenpeace.org\/brasil\/imprensa\/desmatamento-na-amazonia-registra-alta-de-137-segundo-prodes\/","title":{"rendered":"Desmatamento na Amaz\u00f4nia registra alta de 13,7%, segundo Prodes"},"content":{"rendered":"<p>S\u00e3o Paulo &#8211; O desmatamento na Amaz\u00f4nia Brasileira registrou um aumento de <strong>13,7%<\/strong> entre agosto de 2017 e julho de 2018, de acordo com o Instituto Nacional de Pesquisas Espaciais (INPE), respons\u00e1vel pelo monitoramento da cobertura nativa da maior floresta tropical do planeta. Mesmo com o aumento no n\u00famero de autua\u00e7\u00f5es e apreens\u00f5es no mesmo per\u00edodo, o Brasil perdeu, nesse \u00faltimo ano, uma \u00e1rea total de <strong>7.900 km\u00b2<\/strong>, o equivalente a 1,185 bilh\u00e3o de \u00e1rvores aproximadamente, considerando 1500 \u00e1rvores por hectare. Representa, ainda, <strong>987.500 campos de futebol<\/strong> ou 5,2 vezes o tamanho da cidade de S\u00e3o Paulo.<\/p>\n<p>&#8220;Os n\u00fameros da destrui\u00e7\u00e3o, que j\u00e1 eram altos e inaceit\u00e1veis, ficaram ainda piores. Grande parte das respostas para esse aumento est\u00e3o em Bras\u00edlia. \u00c9 do centro do poder que parte o est\u00edmulo constante ao crime ambiental nos rinc\u00f5es da Amaz\u00f4nia&#8221;, afirma Marcio Astrini, coordenador de pol\u00edticas p\u00fablicas do Greenpeace Brasil.<\/p>\n<p>A bancada ruralista, com apoio de parte do governo, v\u00eam apresentando uma s\u00e9rie de propostas que ter\u00e3o impacto direto na prote\u00e7\u00e3o das florestas, seus povos e do clima do planeta: Lei da Grilagem, flexibiliza\u00e7\u00e3o do licenciamento ambiental no Brasil, ataque aos direitos ind\u00edgenas e quilombolas, adiamentos do Cadastro Ambiental Rural (CAR), tentativas de redu\u00e7\u00e3o de \u00e1reas protegidas e paralisa\u00e7\u00e3o das demarca\u00e7\u00f5es de Terras Ind\u00edgenas, entre outras.<\/p>\n<p>\u201cEsse conjunto de propostas beneficia quem vive de desmatar a floresta, grilar terras e roubar o patrim\u00f4nio natural dos brasileiros. As consequ\u00eancias est\u00e3o traduzidas agora nos n\u00fameros da destrui\u00e7\u00e3o da Amaz\u00f4nia\u201d, afirma Astrini.<\/p>\n<p>Se nada for feito para refrear o desmatamento, coloca em risco, inclusive, a contribui\u00e7\u00e3o do pa\u00eds para o Acordo de Paris. &#8220;A depender do governo Jair Bolsonaro, as previs\u00f5es para a Amaz\u00f4nia (e para o clima) n\u00e3o s\u00e3o boas. Tudo o que funcionou no combate \u00e0 destrui\u00e7\u00e3o florestal est\u00e1 sob amea\u00e7a. Ele pretende liberar a explora\u00e7\u00e3o de Terras Ind\u00edgenas e Unidades de Conserva\u00e7\u00e3o e enfraquecer o poder de fiscaliza\u00e7\u00e3o do Ibama. Se concretizadas, essas propostas levar\u00e3o a uma explos\u00e3o da viol\u00eancia no campo e colocar\u00e3o em risco a esperan\u00e7a clim\u00e1tica do planeta\u201d, declara.<\/p>\n<p><strong>Imagens<\/strong><br \/>\nAcesse <a href=\"https:\/\/media.greenpeace.org\/Share\/07ckcf3386p7k5k5gpe66q120q56r2pb\">aqui<\/a>. As imagens s\u00e3o liberadas para fins editoriais mediante o uso dos cr\u00e9ditos.<\/p>\n<p><strong>Assessoria de Imprensa<\/strong><br \/>\nimprensa.br@greenpeace.org<br \/>\n(11) 3035-1167 e (11) 9-5640-0443<\/p>\n","protected":false},"excerpt":{"rendered":"<p>7.900 km\u00b2 de vegeta\u00e7\u00e3o foram destru\u00eddos ao total, pior resultado dos \u00faltimos 10 anos, cerca de 1,18 bilh\u00e3o de \u00e1rvores<\/p>\n","protected":false},"author":28,"featured_media":6210,"comment_status":"closed","ping_status":"closed","sticky":false,"template":"","format":"standard","meta":{"ep_exclude_from_search":false,"p4_og_title":"","p4_og_description":"","p4_og_image":"","p4_og_image_id":"","p4_seo_canonical_url":"","p4_campaign_name":"","p4_local_project":"","p4_basket_name":"","p4_department":"","footnotes":""},"categories":[3],"tags":[22,55],"p4-page-type":[14],"class_list":["post-6208","post","type-post","status-publish","format-standard","has-post-thumbnail","hentry","category-proteja-a-natureza","tag-florestas","tag-imprensa","p4-page-type-imprensa"],"_links":{"self":[{"href":"https:\/\/www.greenpeace.org\/brasil\/wp-json\/wp\/v2\/posts\/6208","targetHints":{"allow":["GET"]}}],"collection":[{"href":"https:\/\/www.greenpeace.org\/brasil\/wp-json\/wp\/v2\/posts"}],"about":[{"href":"https:\/\/www.greenpeace.org\/brasil\/wp-json\/wp\/v2\/types\/post"}],"author":[{"embeddable":true,"href":"https:\/\/www.greenpeace.org\/brasil\/wp-json\/wp\/v2\/users\/28"}],"replies":[{"embeddable":true,"href":"https:\/\/www.greenpeace.org\/brasil\/wp-json\/wp\/v2\/comments?post=6208"}],"version-history":[{"count":6,"href":"https:\/\/www.greenpeace.org\/brasil\/wp-json\/wp\/v2\/posts\/6208\/revisions"}],"predecessor-version":[{"id":6216,"href":"https:\/\/www.greenpeace.org\/brasil\/wp-json\/wp\/v2\/posts\/6208\/revisions\/6216"}],"wp:featuredmedia":[{"embeddable":true,"href":"https:\/\/www.greenpeace.org\/brasil\/wp-json\/wp\/v2\/media\/6210"}],"wp:attachment":[{"href":"https:\/\/www.greenpeace.org\/brasil\/wp-json\/wp\/v2\/media?parent=6208"}],"wp:term":[{"taxonomy":"category","embeddable":true,"href":"https:\/\/www.greenpeace.org\/brasil\/wp-json\/wp\/v2\/categories?post=6208"},{"taxonomy":"post_tag","embeddable":true,"href":"https:\/\/www.greenpeace.org\/brasil\/wp-json\/wp\/v2\/tags?post=6208"},{"taxonomy":"p4-page-type","embeddable":true,"href":"https:\/\/www.greenpeace.org\/brasil\/wp-json\/wp\/v2\/p4-page-type?post=6208"}],"curies":[{"name":"wp","href":"https:\/\/api.w.org\/{rel}","templated":true}]}}