{"id":6223,"date":"2013-02-28T11:49:32","date_gmt":"2013-02-28T14:49:32","guid":{"rendered":"https:\/\/www.greenpeace.org\/brasil\/?p=6223"},"modified":"2024-05-24T15:00:40","modified_gmt":"2024-05-24T18:00:40","slug":"shell-suspende-perfuracao-no-artico-por-quanto-tempo","status":"publish","type":"post","link":"https:\/\/www.greenpeace.org\/brasil\/blog\/shell-suspende-perfuracao-no-artico-por-quanto-tempo\/","title":{"rendered":"Shell suspende perfura\u00e7\u00e3o no \u00c1rtico. Por quanto tempo?"},"content":{"rendered":"<div id=\"attachment_6227\" style=\"width: 610px\" class=\"wp-caption alignnone\"><img loading=\"lazy\" decoding=\"async\" aria-describedby=\"caption-attachment-6227\" src=\"https:\/\/www.greenpeace.org\/static\/planet4-brasil-stateless\/2013\/02\/fc5fbb95-gp04feu.jpg\" alt=\"\" width=\"600\" height=\"377\" class=\"size-full wp-image-6227\" srcset=\"https:\/\/www.greenpeace.org\/static\/planet4-brasil-stateless\/2013\/02\/fc5fbb95-gp04feu.jpg 600w, https:\/\/www.greenpeace.org\/static\/planet4-brasil-stateless\/2013\/02\/fc5fbb95-gp04feu-300x189.jpg 300w, https:\/\/www.greenpeace.org\/static\/planet4-brasil-stateless\/2013\/02\/fc5fbb95-gp04feu-510x320.jpg 510w\" sizes=\"auto, (max-width: 600px) 100vw, 600px\" \/><p id=\"caption-attachment-6227\" class=\"wp-caption-text\">Plataforma da Shell, Kulluk, encalhou na costa do Alasca em janeiro deste ano. (\u00a9Greenpeace \/Tim Aubry)<\/p><\/div>\n<p>A Shell deu o bra\u00e7o a torcer. Ap\u00f3s uma s\u00e9rie de reveses t\u00e9cnicos com a log\u00edstica de suas plataformas, e de uma boa dose de press\u00e3o p\u00fablica ap\u00f3s a campanha do Greenpeace para tornar o \u00c1rtico um santu\u00e1rio internacional, a gigante anglo-holandesa entendeu que n\u00e3o est\u00e1 preparada para perfurar e explorar petr\u00f3leo no extremo norte do planeta. Pelo menos por enquanto.<\/p>\n<p>A petroleira anunciou ontem que vai suspender seu programa de perfura\u00e7\u00e3o de 2013 para \u201cpreparar equipamentos e planos e retomar as atividades em est\u00e1gio posterior\u201d. Segundo um diretor da Shell, a petroleira fez \u201cprogressos no Alasca, mas se trata de um programa de longo prazo, o qual est\u00e3o perseguindo de modo seguro\u201d.<\/p>\n<p>Seguro? Como no Golfo do M\u00e9xico? Pois \u00e9, a Shell n\u00e3o quer enxergar que n\u00e3o existe explora\u00e7\u00e3o segura de petr\u00f3leo, sobretudo em uma regi\u00e3o com condi\u00e7\u00f5es clim\u00e1ticas extremas. Qualquer vazamento pode ter impactos irrevers\u00edveis.\u00a0Esta decis\u00e3o \u00e9 um al\u00edvio tempor\u00e1rio para o fr\u00e1gil ecossistema do \u00c1rtico, mas n\u00e3o representa uma vit\u00f3ria para o planeta. Nada impede que no ver\u00e3o de 2014, o programa de perfura\u00e7\u00e3o seja retomado.<\/p>\n<p>Por isso que a press\u00e3o p\u00fablica precisa continuar. O \u00c1rtico deve se tornar um santu\u00e1rio internacional, livre da explora\u00e7\u00e3o de petr\u00f3leo e da pesca industrial predat\u00f3ria. Mais de 2,7 milh\u00f5es de pessoas assinaram a peti\u00e7\u00e3o.<\/p>\n<p>E voc\u00ea?\u00a0Assine e divulgue tamb\u00e9m em\u00a0<a class=\"zoom\" href=\"http:\/\/www.salveoartico.org.br\/\" target=\"_blank\" rel=\"noopener noreferrer\">www.salveoartico.org.br<\/a>\u00a0. Junte-se a n\u00f3s.<\/p>\n<p style=\"text-align: center;\"><a href=\"http:\/\/salveoartico.org.br\/?utm_source=blogbrazil&amp;utm_medium=button&amp;utm_campaign=Artico\" target=\"_blank\" rel=\"noopener noreferrer\"><img decoding=\"async\" src=\"https:\/\/www.greenpeace.org\/archive-brasil\/community_images\/6\/606\/48924_86840.jpg\/\" alt=\"Assine a peti\u00e7\u00e3o\" \/><\/a><\/p>\n","protected":false},"excerpt":{"rendered":"<p>A Shell deu o bra\u00e7o a torcer. Ap\u00f3s uma s\u00e9rie de reveses t\u00e9cnicos com a log\u00edstica de suas plataformas, e de uma boa dose de press\u00e3o p\u00fablica ap\u00f3s a campanha&hellip;<\/p>\n","protected":false},"author":28,"featured_media":6227,"comment_status":"open","ping_status":"closed","sticky":false,"template":"","format":"standard","meta":{"ep_exclude_from_search":false,"p4_og_title":"","p4_og_description":"","p4_og_image":"","p4_og_image_id":"","p4_seo_canonical_url":"","p4_campaign_name":"","p4_local_project":"","p4_basket_name":"","p4_department":"","footnotes":""},"categories":[3],"tags":[],"p4-page-type":[16],"class_list":["post-6223","post","type-post","status-publish","format-standard","has-post-thumbnail","hentry","category-proteja-a-natureza","p4-page-type-blog"],"_links":{"self":[{"href":"https:\/\/www.greenpeace.org\/brasil\/wp-json\/wp\/v2\/posts\/6223","targetHints":{"allow":["GET"]}}],"collection":[{"href":"https:\/\/www.greenpeace.org\/brasil\/wp-json\/wp\/v2\/posts"}],"about":[{"href":"https:\/\/www.greenpeace.org\/brasil\/wp-json\/wp\/v2\/types\/post"}],"author":[{"embeddable":true,"href":"https:\/\/www.greenpeace.org\/brasil\/wp-json\/wp\/v2\/users\/28"}],"replies":[{"embeddable":true,"href":"https:\/\/www.greenpeace.org\/brasil\/wp-json\/wp\/v2\/comments?post=6223"}],"version-history":[{"count":6,"href":"https:\/\/www.greenpeace.org\/brasil\/wp-json\/wp\/v2\/posts\/6223\/revisions"}],"predecessor-version":[{"id":52953,"href":"https:\/\/www.greenpeace.org\/brasil\/wp-json\/wp\/v2\/posts\/6223\/revisions\/52953"}],"wp:featuredmedia":[{"embeddable":true,"href":"https:\/\/www.greenpeace.org\/brasil\/wp-json\/wp\/v2\/media\/6227"}],"wp:attachment":[{"href":"https:\/\/www.greenpeace.org\/brasil\/wp-json\/wp\/v2\/media?parent=6223"}],"wp:term":[{"taxonomy":"category","embeddable":true,"href":"https:\/\/www.greenpeace.org\/brasil\/wp-json\/wp\/v2\/categories?post=6223"},{"taxonomy":"post_tag","embeddable":true,"href":"https:\/\/www.greenpeace.org\/brasil\/wp-json\/wp\/v2\/tags?post=6223"},{"taxonomy":"p4-page-type","embeddable":true,"href":"https:\/\/www.greenpeace.org\/brasil\/wp-json\/wp\/v2\/p4-page-type?post=6223"}],"curies":[{"name":"wp","href":"https:\/\/api.w.org\/{rel}","templated":true}]}}