{"id":62399,"date":"2026-02-02T08:44:08","date_gmt":"2026-02-02T11:44:08","guid":{"rendered":"https:\/\/www.greenpeace.org\/brasil\/?p=62399"},"modified":"2026-02-13T09:54:55","modified_gmt":"2026-02-13T12:54:55","slug":"a-moratoria-da-soja-esta-sendo-esvaziada-por-quem-mais-lucrou-com-ela-e-a-amazonia-pagara-a-conta","status":"publish","type":"post","link":"https:\/\/www.greenpeace.org\/brasil\/blog\/a-moratoria-da-soja-esta-sendo-esvaziada-por-quem-mais-lucrou-com-ela-e-a-amazonia-pagara-a-conta\/","title":{"rendered":"A Morat\u00f3ria da Soja est\u00e1 sendo esvaziada por quem mais lucrou com ela e a Amaz\u00f4nia pagar\u00e1 a conta"},"content":{"rendered":"\n<p><em>A Morat\u00f3ria da Soja est\u00e1 sendo esvaziada por decis\u00e3o de grandes traders, e quem fez essa escolha precisa assumir publicamente a responsabilidade pelo que vem depois.<\/em><\/p>\n\n<p>O Greenpeace Brasil, WWF-Brasil e Imaflora, organiza\u00e7\u00f5es da sociedade civil que integram o organismo gestor da Morat\u00f3ria da Soja, divulgaram um comunicado conjunto denunciando o esvaziamento da Morat\u00f3ria da Soja por iniciativa da ABIOVE e de empresas que ela representa. O comunicado completo, assinado conjuntamente pelas organiza\u00e7\u00f5es, est\u00e1 dispon\u00edvel <strong><a href=\"https:\/\/www.greenpeace.org\/brasil\/blog\/a-moratoria-da-soja-esta-sendo-esvaziada-por-quem-mais-lucrou-com-ela-e-a-amazonia-pagara-a-conta#comunicado_conjunto\">ao final deste post<\/a><\/strong>.<\/p>\n\n<p>Por quase 20 anos, a Morat\u00f3ria protegeu a Amaz\u00f4nia do avan\u00e7o do desmatamento associado \u00e0 soja, enquanto o setor crescia e lucrava. Agora, <a href=\"https:\/\/www.greenpeace.org\/brasil\/blog\/retrocesso-associacao-das-gigantes-da-soja-abandona-a-moratoria-da-soja-e-coloca-a-amazonia-em-risco\/?utm_source=p4&amp;utm_medium=organic&amp;utm_campaign=desmatamento&amp;utm_content=link&amp;utm_term=informar\">essas empresas optam por abandonar regras claras e verific\u00e1veis em troca de vantagens econ\u00f4micas de curto prazo<\/a>, reabrindo a porta para a destrui\u00e7\u00e3o da floresta. N\u00e3o se trata de imposi\u00e7\u00e3o legal, mas de uma escolha empresarial consciente. H\u00e1 riscos concretos de o desmatamento associado \u00e0 cadeia da soja voltar a avan\u00e7ar na Amaz\u00f4nia, e ser\u00e1 consequ\u00eancia direta dessa decis\u00e3o.<\/p>\n\n<p class=\"has-text-align-center has-green-400-background-color has-background\"><mark style=\"background-color:#ffffff\" class=\"has-inline-color\"><strong><strong>Empresas associadas \u00e0 ABIOVE que abandonaram <\/strong><\/strong><\/mark><br><mark style=\"background-color:#ffffff\" class=\"has-inline-color\"><strong><strong>a Morat\u00f3ria da Soja&nbsp;<\/strong><\/strong>:<\/mark><br>ADM DO BRASIL \/ AGREX \/ AGR\u00cdCOLA ALVORADA \/ AMAGGI \/ BTG PACTUAL \/ BUNGE \/ CARGILL \/ CHS \/ CJ SELECTA \/ COFCO \/ DUAL \/ FIAGRIL \/ IMCOPA \/ LOUIS DREYFUS COMPANY (LDC) \/ 3TENTOS<\/p>\n\n<p><strong>O que precisa acontecer agora?<\/strong><\/p>\n\n<p>Diante desse retrocesso, \u00e9 fundamental que as traders que abandonaram a Morat\u00f3ria da Soja se posicionem de forma clara, individual e p\u00fablica. \u00c9 preciso dizer, sem ambiguidades, <strong>se continuam ou n\u00e3o comprometidas com o desmatamento zero na Amaz\u00f4nia<\/strong>. Isso significa reafirmar crit\u00e9rios concretos como a manuten\u00e7\u00e3o da data de corte de 2008 e explicar<strong> como pretendem impedir que a soja ligada ao desmatamento entre em suas cadeias,<\/strong> quais sistemas de monitoramento ser\u00e3o usados, quem far\u00e1 a verifica\u00e7\u00e3o independente dessas informa\u00e7\u00f5es e quando esses dados ser\u00e3o tornados p\u00fablicos.&nbsp;<\/p>\n\n<p><strong>Compromissos vazios n\u00e3o protegem a floresta. Se a Morat\u00f3ria est\u00e1 sendo esvaziada, o mercado, os investidores, os consumidores e a sociedade brasileira t\u00eam o direito de saber quem est\u00e1 lucrando com isso e a que custo.<\/strong><\/p>\n\n<div style=\"height:30px\" aria-hidden=\"true\" class=\"wp-block-spacer\"><\/div>\n\n<p><a href=\"https:\/\/www.greenpeace.org\/static\/planet4-brasil-stateless\/2026\/02\/86c88c42-02.02.2026_comunicado_conjunto_moratoria_da_soja.pdf\" target=\"_blank\" rel=\"noreferrer noopener\">COMUNICADO CONJUNTO DE ORGANIZA\u00c7\u00d5ES DA SOCIEDADE CIVIL SOBRE A MORAT\u00d3RIA DA SOJA<\/a><\/p>\n","protected":false},"excerpt":{"rendered":"<p>Ao deixar o mais bem-sucedido acordo de desmatamento zero do mundo, a ABIOVE exp\u00f5e a Amaz\u00f4nia e a credibilidade da soja brasileira.<\/p>\n","protected":false},"author":28,"featured_media":62404,"comment_status":"open","ping_status":"closed","sticky":false,"template":"","format":"standard","meta":{"ep_exclude_from_search":false,"p4_og_title":"","p4_og_description":"","p4_og_image":"","p4_og_image_id":"","p4_seo_canonical_url":"","p4_campaign_name":"","p4_local_project":"","p4_basket_name":"","p4_department":"","footnotes":""},"categories":[49],"tags":[46],"p4-page-type":[16],"class_list":["post-62399","post","type-post","status-publish","format-standard","has-post-thumbnail","hentry","category-amazonia","tag-desmatamento","p4-page-type-blog"],"_links":{"self":[{"href":"https:\/\/www.greenpeace.org\/brasil\/wp-json\/wp\/v2\/posts\/62399","targetHints":{"allow":["GET"]}}],"collection":[{"href":"https:\/\/www.greenpeace.org\/brasil\/wp-json\/wp\/v2\/posts"}],"about":[{"href":"https:\/\/www.greenpeace.org\/brasil\/wp-json\/wp\/v2\/types\/post"}],"author":[{"embeddable":true,"href":"https:\/\/www.greenpeace.org\/brasil\/wp-json\/wp\/v2\/users\/28"}],"replies":[{"embeddable":true,"href":"https:\/\/www.greenpeace.org\/brasil\/wp-json\/wp\/v2\/comments?post=62399"}],"version-history":[{"count":7,"href":"https:\/\/www.greenpeace.org\/brasil\/wp-json\/wp\/v2\/posts\/62399\/revisions"}],"predecessor-version":[{"id":62645,"href":"https:\/\/www.greenpeace.org\/brasil\/wp-json\/wp\/v2\/posts\/62399\/revisions\/62645"}],"wp:featuredmedia":[{"embeddable":true,"href":"https:\/\/www.greenpeace.org\/brasil\/wp-json\/wp\/v2\/media\/62404"}],"wp:attachment":[{"href":"https:\/\/www.greenpeace.org\/brasil\/wp-json\/wp\/v2\/media?parent=62399"}],"wp:term":[{"taxonomy":"category","embeddable":true,"href":"https:\/\/www.greenpeace.org\/brasil\/wp-json\/wp\/v2\/categories?post=62399"},{"taxonomy":"post_tag","embeddable":true,"href":"https:\/\/www.greenpeace.org\/brasil\/wp-json\/wp\/v2\/tags?post=62399"},{"taxonomy":"p4-page-type","embeddable":true,"href":"https:\/\/www.greenpeace.org\/brasil\/wp-json\/wp\/v2\/p4-page-type?post=62399"}],"curies":[{"name":"wp","href":"https:\/\/api.w.org\/{rel}","templated":true}]}}