{"id":62415,"date":"2026-02-02T11:08:17","date_gmt":"2026-02-02T14:08:17","guid":{"rendered":"https:\/\/www.greenpeace.org\/brasil\/?p=62415"},"modified":"2026-02-02T11:11:28","modified_gmt":"2026-02-02T14:11:28","slug":"greenpeace-brasil-e-organizacoes-da-sociedade-civil-classificam-saida-de-empresas-da-moratoria-da-soja-como-grave-retrocesso-ambiental","status":"publish","type":"post","link":"https:\/\/www.greenpeace.org\/brasil\/imprensa\/greenpeace-brasil-e-organizacoes-da-sociedade-civil-classificam-saida-de-empresas-da-moratoria-da-soja-como-grave-retrocesso-ambiental\/","title":{"rendered":"Greenpeace Brasil e organiza\u00e7\u00f5es da sociedade civil classificam sa\u00edda de empresas da Morat\u00f3ria da Soja como grave retrocesso ambiental"},"content":{"rendered":"\n<p class=\"has-text-align-center\"><em>Diante do esvaziamento do acordo, organiza\u00e7\u00f5es pedem que grandes compradores corporativos de soja exijam de seus fornecedores a manuten\u00e7\u00e3o dos crit\u00e9rios ambientais<\/em><\/p>\n\n<figure class=\"wp-block-image size-large\"><img loading=\"lazy\" decoding=\"async\" width=\"1024\" height=\"683\" src=\"https:\/\/www.greenpeace.org\/static\/planet4-brasil-stateless\/2026\/01\/b541ae26-gp0su7fgj_pressmedia-2500px-1024x683.jpg\" alt=\"\" class=\"wp-image-62185\" srcset=\"https:\/\/www.greenpeace.org\/static\/planet4-brasil-stateless\/2026\/01\/b541ae26-gp0su7fgj_pressmedia-2500px-1024x683.jpg 1024w, https:\/\/www.greenpeace.org\/static\/planet4-brasil-stateless\/2026\/01\/b541ae26-gp0su7fgj_pressmedia-2500px-300x200.jpg 300w, https:\/\/www.greenpeace.org\/static\/planet4-brasil-stateless\/2026\/01\/b541ae26-gp0su7fgj_pressmedia-2500px-768x512.jpg 768w, https:\/\/www.greenpeace.org\/static\/planet4-brasil-stateless\/2026\/01\/b541ae26-gp0su7fgj_pressmedia-2500px-1536x1024.jpg 1536w, https:\/\/www.greenpeace.org\/static\/planet4-brasil-stateless\/2026\/01\/b541ae26-gp0su7fgj_pressmedia-2500px-2048x1366.jpg 2048w, https:\/\/www.greenpeace.org\/static\/planet4-brasil-stateless\/2026\/01\/b541ae26-gp0su7fgj_pressmedia-2500px-510x340.jpg 510w\" sizes=\"auto, (max-width: 1024px) 100vw, 1024px\" \/><figcaption class=\"wp-element-caption\"><em>Sobrevoo do Greenpeace documenta desmatamento na Amaz\u00f4nia para plantio de soja em setembro de 2025<\/em><div class=\"credit icon-left\"> \u00a9 Christian Braga \/ Greenpeace<\/div><\/figcaption><\/figure>\n\n<p><strong>S\u00e3o Paulo, 2 de fevereiro de 2026 &#8211;<\/strong> O Greenpeace Brasil, o WWF Brasil e o Imaflora publicaram um comunicado conjunto, nesta segunda-feira, alertando que a sa\u00edda da Morat\u00f3ria da Soja da Associa\u00e7\u00e3o Brasileira das Ind\u00fastrias de \u00d3leos Vegetais (ABIOVE) e das traders de soja que ela representa, como as empresas Cargill e Bunge, \u00e9 um grave retrocesso ambiental, com poss\u00edveis impactos nas taxas de desmatamento da Amaz\u00f4nia, entre outras consequ\u00eancias negativas. Leia o comunicado na<strong> <\/strong><a href=\"https:\/\/www.greenpeace.org\/static\/planet4-brasil-stateless\/2026\/02\/07a8f180-02.02.2026_comunicado_conjunto_moratoria_da_soja-.pdf\"><strong>\u00edntegra aqui<\/strong>.<\/a>\u00a0<\/p>\n\n<p>\u201c\u00c9 escandalosa a decis\u00e3o unilateral das traders de abandonarem a Morat\u00f3ria da Soja. Ao sa\u00edrem do acordo, essas empresas assumem integralmente a responsabilidade pelos impactos ambientais, sociais, clim\u00e1ticos e reputacionais de tal decis\u00e3o, uma vez que, com a Morat\u00f3ria esvaziada, abre-se caminho para a expans\u00e3o descontrolada do cultivo de soja no bioma Amaz\u00f4nia, colocando as popula\u00e7\u00f5es em risco, aumentando o desmatamento e as emiss\u00f5es de gases de efeito estufa no pa\u00eds. Esse cen\u00e1rio resultar\u00e1 em eventos extremos cada vez mais frequentes e severos no Brasil, como secas, ondas de calor e inunda\u00e7\u00f5es\u201d, alerta a porta-voz de Florestas do Greenpeace Brasil, Ana Clis Ferreira.&nbsp;<\/p>\n\n<p><strong>Empresas associadas \u00e0 ABIOVE que abandonaram a Morat\u00f3ria da Soja&nbsp;<\/strong><\/p>\n\n<figure class=\"wp-block-table\"><table class=\"has-fixed-layout\"><tbody><tr><td>ADM DO BRASIL<br>AGREX<br>AGR\u00cdCOLA ALVORADA<br>AMAGGI<br>BTG PACTUAL<br>BUNGE<br>CARGILL<br>CHS<\/td><td>CJ SELECTA<br>COFCO<br>DUAL<br>FIAGRIL<br>IMCOPA<br>LOUIS DREYFUS COMPANY (LDC)<br>3TENTOS<\/td><\/tr><\/tbody><\/table><\/figure>\n\n<p>Diante desse retrocesso, o comunicado faz um chamado direto aos grandes compradores corporativos de soja &#8211; empresas de alimentos, prote\u00edna animal e varejo &#8211; para que exijam de seus fornecedores a manuten\u00e7\u00e3o dos crit\u00e9rios ambientais da Morat\u00f3ria da Soja, uma vez que transpar\u00eancia e responsabilidade socioambiental n\u00e3o s\u00e3o opcionais.<\/p>\n\n<p>\u201cAs traders listadas acima, que abandonaram a Morat\u00f3ria, ter\u00e3o de prestar contas aos seus clientes, investidores, consumidores, ao mercado internacional e ao povo brasileiro. J\u00e1 as empresas que desejam seguir com os crit\u00e9rios da Morat\u00f3ria da Soja enfrentam maior inseguran\u00e7a na rastreabilidade de suas cadeias, justamente porque parte relevante do setor decidiu abandonar regras claras, p\u00fablicas e verific\u00e1veis&#8221;, afirmam as organiza\u00e7\u00f5es no Comunicado publicado nesta segunda-feira.<\/p>\n\n<p>O Greenpeace Brasil, o WWF Brasil e o Imaflora s\u00e3o organiza\u00e7\u00f5es da sociedade civil signat\u00e1rias da Morat\u00f3ria da Soja.&nbsp;<\/p>\n\n<p><strong>Acordo mais bem sucedido no combate ao desmatamento na Amaz\u00f4nia<\/strong><\/p>\n\n<p>Em vigor desde 2006, a Morat\u00f3ria da Soja \u00e9 um acordo entre ind\u00fastria, sociedade civil e governo para preservar a Amaz\u00f4nia, impedindo a compra de soja produzida em \u00e1reas desmatadas ap\u00f3s julho de 2008. Entre 2009 e 2022, munic\u00edpios monitorados pela Morat\u00f3ria reduziram o desmatamento em 69%, enquanto a \u00e1rea plantada de soja na Amaz\u00f4nia cresceu 344%. Apenas 3,4% da soja produzida hoje no bioma est\u00e1 fora das regras do acordo, um dado-chave para acesso a mercados exigentes como a Uni\u00e3o Europeia.<\/p>\n\n<p>\u201cAl\u00e9m de proteger a Amaz\u00f4nia do avan\u00e7o da soja sobre a floresta, a Morat\u00f3ria da soja tamb\u00e9m refor\u00e7a a credibilidade internacional do gr\u00e3o brasileiro, ainda mais em um momento cr\u00edtico como o atual, em que diversas salvaguardas ambientais est\u00e3o sob forte amea\u00e7a, seja na Uni\u00e3o Europeia, com o segundo adiamento da EUDR; seja no Brasil, com o Marco Temporal, a destrui\u00e7\u00e3o do licenciamento ambiental e demais ataques \u00e0 agenda socioambiental\u201d, pontua Ferreira.<\/p>\n\n<p>Entretanto, a Morat\u00f3ria da Soja tem sido alvo de ataques coordenados no Brasil com propostas legislativas, como a Lei 12.709\/2024 do Mato Grosso, al\u00e9m de pedidos de investiga\u00e7\u00e3o visando prejudicar o acordo de Desmatamento Zero mais bem-sucedido do mundo.&nbsp;<\/p>\n\n<p>Um estudo preliminar do IPAM indica que o fim da Morat\u00f3ria pode aumentar o desmatamento no bioma Amaz\u00f4nia em at\u00e9 30% at\u00e9 2045, com impacto direto sobre as metas clim\u00e1ticas brasileiras (NDC) e metas de desmatamento zero.<\/p>\n\n<p><strong><em>Sobre o Greenpeace Brasil<\/em><\/strong><\/p>\n\n<p><em>O Greenpeace Brasil \u00e9 uma organiza\u00e7\u00e3o ativista ambiental sem fins lucrativos, que atua desde 1992 na defesa do meio ambiente.&nbsp;Ao lado de todas as pessoas que buscam um mundo mais verde, justo e pac\u00edfico, a organiza\u00e7\u00e3o atua h\u00e1 mais de 30 anos pela defesa do meio ambiente denunciando e confrontando governos, empresas e projetos que incentivam a destrui\u00e7\u00e3o das florestas.<\/em><\/p>\n\n<p><strong>Informa\u00e7\u00f5es para a imprensa sobre o Greenpeace Brasil<\/strong><br>Ag\u00eancia Galo | <a href=\"mailto:imprensa.br@greenpeace.org\">imprensa.br@greenpeace.org<\/a><\/p>\n\n<p><\/p>\n","protected":false},"excerpt":{"rendered":"<p>Diante do esvaziamento do acordo, organiza\u00e7\u00f5es pedem que grandes compradores corporativos de soja exijam de seus fornecedores a manuten\u00e7\u00e3o dos crit\u00e9rios ambientais<\/p>\n","protected":false},"author":28,"featured_media":62185,"comment_status":"closed","ping_status":"closed","sticky":false,"template":"","format":"standard","meta":{"ep_exclude_from_search":false,"p4_og_title":"","p4_og_description":"","p4_og_image":"","p4_og_image_id":"","p4_seo_canonical_url":"","p4_campaign_name":"","p4_local_project":"","p4_basket_name":"","p4_department":"","footnotes":""},"categories":[49],"tags":[46],"p4-page-type":[14],"class_list":["post-62415","post","type-post","status-publish","format-standard","has-post-thumbnail","hentry","category-amazonia","tag-desmatamento","p4-page-type-imprensa"],"_links":{"self":[{"href":"https:\/\/www.greenpeace.org\/brasil\/wp-json\/wp\/v2\/posts\/62415","targetHints":{"allow":["GET"]}}],"collection":[{"href":"https:\/\/www.greenpeace.org\/brasil\/wp-json\/wp\/v2\/posts"}],"about":[{"href":"https:\/\/www.greenpeace.org\/brasil\/wp-json\/wp\/v2\/types\/post"}],"author":[{"embeddable":true,"href":"https:\/\/www.greenpeace.org\/brasil\/wp-json\/wp\/v2\/users\/28"}],"replies":[{"embeddable":true,"href":"https:\/\/www.greenpeace.org\/brasil\/wp-json\/wp\/v2\/comments?post=62415"}],"version-history":[{"count":1,"href":"https:\/\/www.greenpeace.org\/brasil\/wp-json\/wp\/v2\/posts\/62415\/revisions"}],"predecessor-version":[{"id":62419,"href":"https:\/\/www.greenpeace.org\/brasil\/wp-json\/wp\/v2\/posts\/62415\/revisions\/62419"}],"wp:featuredmedia":[{"embeddable":true,"href":"https:\/\/www.greenpeace.org\/brasil\/wp-json\/wp\/v2\/media\/62185"}],"wp:attachment":[{"href":"https:\/\/www.greenpeace.org\/brasil\/wp-json\/wp\/v2\/media?parent=62415"}],"wp:term":[{"taxonomy":"category","embeddable":true,"href":"https:\/\/www.greenpeace.org\/brasil\/wp-json\/wp\/v2\/categories?post=62415"},{"taxonomy":"post_tag","embeddable":true,"href":"https:\/\/www.greenpeace.org\/brasil\/wp-json\/wp\/v2\/tags?post=62415"},{"taxonomy":"p4-page-type","embeddable":true,"href":"https:\/\/www.greenpeace.org\/brasil\/wp-json\/wp\/v2\/p4-page-type?post=62415"}],"curies":[{"name":"wp","href":"https:\/\/api.w.org\/{rel}","templated":true}]}}