{"id":62490,"date":"2026-02-03T16:54:17","date_gmt":"2026-02-03T19:54:17","guid":{"rendered":"https:\/\/www.greenpeace.org\/brasil\/?p=62490"},"modified":"2026-02-09T13:03:44","modified_gmt":"2026-02-09T16:03:44","slug":"floresta-vive-tudo-respira-greenpeace-brasil-e-flavia-aranha-unem-moda-e-ativismo-pela-vida","status":"publish","type":"post","link":"https:\/\/www.greenpeace.org\/brasil\/blog\/floresta-vive-tudo-respira-greenpeace-brasil-e-flavia-aranha-unem-moda-e-ativismo-pela-vida\/","title":{"rendered":"Floresta vive, tudo respira: Greenpeace Brasil e Flavia Aranha unem moda e ativismo pela vida"},"content":{"rendered":"\n<p class=\"has-text-align-center\"><em>Parceria entre Greenpeace Brasil e Flavia Aranha transforma moda em ativismo e refor\u00e7a a urg\u00eancia de protegermos as florestas<\/em><\/p>\n\n<figure class=\"wp-block-image size-large\"><img decoding=\"async\" src=\"https:\/\/www.greenpeace.org\/static\/planet4-brasil-stateless\/2026\/02\/01731c40-698232210429dblog.zip-6.jpg\" alt=\"\"\/><figcaption class=\"wp-element-caption\">\u00a9 Camilla Loreta<\/figcaption><\/figure>\n\n<p>As florestas sustentam a vida no planeta: regulam o clima, protegem a \u00e1gua, purificam o ar e mant\u00eam o equil\u00edbrio que torna poss\u00edvel a exist\u00eancia humana e de outras esp\u00e9cies. Defend\u00ea-las \u00e9 garantir a sa\u00fade, a dignidade e o futuro das pessoas.&nbsp;<\/p>\n\n<p>A destrui\u00e7\u00e3o da Amaz\u00f4nia, da Mata Atl\u00e2ntica e de outros biomas brasileiros n\u00e3o \u00e9 abstrata. Ela se expressa no avan\u00e7o das queimadas, no desmatamento, na polui\u00e7\u00e3o do ar e dos rios, e das consequ\u00eancias dessa destrui\u00e7\u00e3o que atingem, sobretudo, povos ind\u00edgenas, comunidades tradicionais e popula\u00e7\u00f5es perif\u00e9ricas, aprofundando a desigualdade.<\/p>\n\n<p>Ao mesmo tempo, a floresta viva nos mostra caminhos de regenera\u00e7\u00e3o. Onde ela resiste, h\u00e1 equil\u00edbrio, diversidade e futuro. A ci\u00eancia e os saberes ancestrais s\u00e3o claros: n\u00e3o existe sa\u00fade humana sem sa\u00fade ambiental.<\/p>\n\n<figure class=\"wp-block-image size-large\"><img loading=\"lazy\" decoding=\"async\" width=\"683\" height=\"1024\" src=\"https:\/\/www.greenpeace.org\/static\/planet4-brasil-stateless\/2026\/02\/390566b2-flavia_a_a_kilnk_26-1674-683x1024.jpg\" title=\"Duas pessoas em meio \u00e0 floresta usando camisetas claras; uma delas encara a c\u00e2mera, enquanto a outra est\u00e1 de costas. Na camiseta em destaque, l\u00ea-se \u201cFloresta vive, tudo respira\u201d. Nas costas, as logos de Flavia Aranha e Greenpeace Brasil\" alt=\"Duas pessoas em meio \u00e0 floresta usando camisetas claras; uma delas encara a c\u00e2mera, enquanto a outra est\u00e1 de costas. Na camiseta em destaque, l\u00ea-se \u201cFloresta vive, tudo respira\u201d. Nas costas, as logos de Flavia Aranha e Greenpeace Brasil\" class=\"wp-image-62493\" srcset=\"https:\/\/www.greenpeace.org\/static\/planet4-brasil-stateless\/2026\/02\/390566b2-flavia_a_a_kilnk_26-1674-683x1024.jpg 683w, https:\/\/www.greenpeace.org\/static\/planet4-brasil-stateless\/2026\/02\/390566b2-flavia_a_a_kilnk_26-1674-200x300.jpg 200w, https:\/\/www.greenpeace.org\/static\/planet4-brasil-stateless\/2026\/02\/390566b2-flavia_a_a_kilnk_26-1674-768x1152.jpg 768w, https:\/\/www.greenpeace.org\/static\/planet4-brasil-stateless\/2026\/02\/390566b2-flavia_a_a_kilnk_26-1674-1024x1536.jpg 1024w, https:\/\/www.greenpeace.org\/static\/planet4-brasil-stateless\/2026\/02\/390566b2-flavia_a_a_kilnk_26-1674-1365x2048.jpg 1365w, https:\/\/www.greenpeace.org\/static\/planet4-brasil-stateless\/2026\/02\/390566b2-flavia_a_a_kilnk_26-1674-911x1366.jpg 911w, https:\/\/www.greenpeace.org\/static\/planet4-brasil-stateless\/2026\/02\/390566b2-flavia_a_a_kilnk_26-1674-227x340.jpg 227w, https:\/\/www.greenpeace.org\/static\/planet4-brasil-stateless\/2026\/02\/390566b2-flavia_a_a_kilnk_26-1674-scaled.jpg 1707w\" sizes=\"auto, (max-width: 683px) 100vw, 683px\" \/><figcaption><div class=\"credit icon-left\"> \u00a9 Bruno Le\u00e3o<\/div><\/figcaption><\/figure>\n\n<p>\u00c9 nesse contexto de urg\u00eancia e responsabilidade que <strong>moda e ativismo tamb\u00e9m se encontram<\/strong>. A parceria entre Flavia Aranha e Greenpeace Brasil, com contribui\u00e7\u00e3o criativa de Laura Berbert, \u00e9 marcada pelo &nbsp;lan\u00e7amento da <a href=\"https:\/\/www.flaviaaranha.com\/produto\/camiseta-flavia-aranha-greenpeace-3257?srsltid=AfmBOoogqfSfREZOnAgu1-FNXbhBEbhqzYGiFriYENpkDLsG3yG1jwjF\" data-type=\"link\" data-id=\"https:\/\/www.flaviaaranha.com\/produto\/camiseta-flavia-aranha-greenpeace-3257?srsltid=AfmBOoogqfSfREZOnAgu1-FNXbhBEbhqzYGiFriYENpkDLsG3yG1jwjF\">camiseta <strong>&#8220;Floresta vive, tudo respira\u201d<\/strong><\/a>.<\/p>\n\n<p>A camiseta \u00e9 confeccionada em tecido 100% algod\u00e3o org\u00e2nico cultivado na Para\u00edba, na cidade de Ing\u00e1, fruto da agricultura familiar da regi\u00e3o.<\/p>\n\n<div class=\"wp-block-buttons is-layout-flex wp-block-buttons-is-layout-flex\">\n<div class=\"wp-block-button\"><a class=\"wp-block-button__link has-white-color has-dark-green-800-background-color has-text-color has-background has-link-color has-medium-font-size has-custom-font-size wp-element-button\">Comprando a camiseta, voc\u00ea doa 15% do valor ao Greenpeace Brasil, para que sigamos atuando em defesa do planeta e de todas as formas de vida.<\/a><\/div>\n<\/div>\n\n<p>A <a href=\"https:\/\/www.flaviaaranha.com\/produto\/camiseta-flavia-aranha-greenpeace-3257?srsltid=AfmBOoqyfps5sFu_c7zCs54mDnPSglWiUtqPdVrBfSjqYFgkosI9q7nw\">camiseta <strong>FLORESTA VIVE, TUDO RESPIRA<\/strong><\/a> \u00e9 um lembrete de que tudo est\u00e1 conectado e de que proteger as florestas \u00e9 proteger a vida em todas as suas formas. Um chamado \u00e0 a\u00e7\u00e3o.&nbsp;\u201cDiante da urg\u00eancia clim\u00e1tica que vivemos, n\u00e3o existe neutralidade. Cada ator tem seu papel no nosso futuro e no nosso presente. Por isso, temos muito orgulho de mais essa parceria com a Flavia Aranha, que nos permite atuar em conjunto por um planeta mais sustent\u00e1vel\u201d, afirma <strong>Laura Leal, diretora de Engajamento do Greenpeace Brasil.<\/strong><\/p>\n\n<figure class=\"wp-block-image size-large\"><img loading=\"lazy\" decoding=\"async\" width=\"683\" height=\"1024\" src=\"https:\/\/www.greenpeace.org\/static\/planet4-brasil-stateless\/2026\/02\/61cd488f-flavia_a_a_kilnk_26-1511_edit-1-683x1024.jpg\" title=\"Pessoa em meio \u00e0 floresta, vista de perfil e de costas, usando camiseta clara com as logos das marcas Flavia Aranha e Greenpeace, enquanto observa a vegeta\u00e7\u00e3o ao redor.\" alt=\"Pessoa em meio \u00e0 floresta, vista de perfil e de costas, usando camiseta clara com as logos das marcas Flavia Aranha e Greenpeace, enquanto observa a vegeta\u00e7\u00e3o ao redor.\" class=\"wp-image-62522\" srcset=\"https:\/\/www.greenpeace.org\/static\/planet4-brasil-stateless\/2026\/02\/61cd488f-flavia_a_a_kilnk_26-1511_edit-1-683x1024.jpg 683w, https:\/\/www.greenpeace.org\/static\/planet4-brasil-stateless\/2026\/02\/61cd488f-flavia_a_a_kilnk_26-1511_edit-1-200x300.jpg 200w, https:\/\/www.greenpeace.org\/static\/planet4-brasil-stateless\/2026\/02\/61cd488f-flavia_a_a_kilnk_26-1511_edit-1-768x1152.jpg 768w, https:\/\/www.greenpeace.org\/static\/planet4-brasil-stateless\/2026\/02\/61cd488f-flavia_a_a_kilnk_26-1511_edit-1-1024x1536.jpg 1024w, https:\/\/www.greenpeace.org\/static\/planet4-brasil-stateless\/2026\/02\/61cd488f-flavia_a_a_kilnk_26-1511_edit-1-1365x2048.jpg 1365w, https:\/\/www.greenpeace.org\/static\/planet4-brasil-stateless\/2026\/02\/61cd488f-flavia_a_a_kilnk_26-1511_edit-1-911x1366.jpg 911w, https:\/\/www.greenpeace.org\/static\/planet4-brasil-stateless\/2026\/02\/61cd488f-flavia_a_a_kilnk_26-1511_edit-1-227x340.jpg 227w, https:\/\/www.greenpeace.org\/static\/planet4-brasil-stateless\/2026\/02\/61cd488f-flavia_a_a_kilnk_26-1511_edit-1-scaled.jpg 1707w\" sizes=\"auto, (max-width: 683px) 100vw, 683px\" \/><figcaption><div class=\"credit icon-left\"> \u00a9 Bruno Le\u00e3o<\/div><\/figcaption><\/figure>\n\n<p><strong><em>Sobre a estilista Flavia Aranha<\/em><\/strong><\/p>\n\n<p><em>Flavia Aranha \u00e9 uma estilista brasileira pioneira em moda sustent\u00e1vel. Seu trabalho une ancestralidade e inova\u00e7\u00e3o por meio do uso de tingimentos naturais com plantas, criando pe\u00e7as que se transformam com o tempo e o uso. Sua abordagem prop\u00f5e um ciclo de vida consciente para o produto, conectando moda, natureza e saberes tradicionais.&nbsp; <\/em><a href=\"https:\/\/www.flaviaaranha.com\/\">Saiba mais<\/a>.<\/p>\n\n<p><strong><em>Sobre o Greenpeace Brasil<\/em><\/strong><\/p>\n\n<p>Proteger os ecossistemas e a biodiversidade em todas as suas formas \u00e9 a miss\u00e3o do Greenpeace Brasil, organiza\u00e7\u00e3o ambiental que atua no pa\u00eds h\u00e1 mais de 30 anos em defesa do planeta, por meio de mobiliza\u00e7\u00f5es e campanhas voltadas \u00e0 prote\u00e7\u00e3o das florestas, dos oceanos e dos direitos ind\u00edgenas. <a href=\"https:\/\/doe.greenpeace.org.br\/?utm_source=offline&amp;utm_medium=organic&amp;utm_campaign=institucional&amp;utm_content=qrcode_flavia_aranha_campanha&amp;utm_term=doar&amp;cc=701Pm000018T4RbIAK\">Apoie a nossa causa e fa\u00e7a uma doa\u00e7\u00e3o ao Greenpeace Brasil.<\/a><\/p>\n\n<p>Respeitem as florestas.<br>Tudo vive onde a floresta vive.<\/p>\n\n<p><strong>Greenpeace Brasil + Flavia Aranha<\/strong><\/p>\n","protected":false},"excerpt":{"rendered":"<p>Parceria entre Greenpeace Brasil e Flavia Aranha transforma moda em ativismo e refor\u00e7a a urg\u00eancia de protegermos as florestas<\/p>\n","protected":false},"author":28,"featured_media":62491,"comment_status":"closed","ping_status":"closed","sticky":false,"template":"","format":"standard","meta":{"ep_exclude_from_search":false,"p4_og_title":"","p4_og_description":"","p4_og_image":"","p4_og_image_id":"","p4_seo_canonical_url":"","p4_campaign_name":"","p4_local_project":"","p4_basket_name":"","p4_department":"","footnotes":""},"categories":[5],"tags":[13,50],"p4-page-type":[16],"class_list":["post-62490","post","type-post","status-publish","format-standard","has-post-thumbnail","hentry","category-greenpeace","tag-greenpeace","tag-institucional","p4-page-type-blog"],"_links":{"self":[{"href":"https:\/\/www.greenpeace.org\/brasil\/wp-json\/wp\/v2\/posts\/62490","targetHints":{"allow":["GET"]}}],"collection":[{"href":"https:\/\/www.greenpeace.org\/brasil\/wp-json\/wp\/v2\/posts"}],"about":[{"href":"https:\/\/www.greenpeace.org\/brasil\/wp-json\/wp\/v2\/types\/post"}],"author":[{"embeddable":true,"href":"https:\/\/www.greenpeace.org\/brasil\/wp-json\/wp\/v2\/users\/28"}],"replies":[{"embeddable":true,"href":"https:\/\/www.greenpeace.org\/brasil\/wp-json\/wp\/v2\/comments?post=62490"}],"version-history":[{"count":18,"href":"https:\/\/www.greenpeace.org\/brasil\/wp-json\/wp\/v2\/posts\/62490\/revisions"}],"predecessor-version":[{"id":62580,"href":"https:\/\/www.greenpeace.org\/brasil\/wp-json\/wp\/v2\/posts\/62490\/revisions\/62580"}],"wp:featuredmedia":[{"embeddable":true,"href":"https:\/\/www.greenpeace.org\/brasil\/wp-json\/wp\/v2\/media\/62491"}],"wp:attachment":[{"href":"https:\/\/www.greenpeace.org\/brasil\/wp-json\/wp\/v2\/media?parent=62490"}],"wp:term":[{"taxonomy":"category","embeddable":true,"href":"https:\/\/www.greenpeace.org\/brasil\/wp-json\/wp\/v2\/categories?post=62490"},{"taxonomy":"post_tag","embeddable":true,"href":"https:\/\/www.greenpeace.org\/brasil\/wp-json\/wp\/v2\/tags?post=62490"},{"taxonomy":"p4-page-type","embeddable":true,"href":"https:\/\/www.greenpeace.org\/brasil\/wp-json\/wp\/v2\/p4-page-type?post=62490"}],"curies":[{"name":"wp","href":"https:\/\/api.w.org\/{rel}","templated":true}]}}