{"id":6293,"date":"2018-11-28T10:12:10","date_gmt":"2018-11-28T13:12:10","guid":{"rendered":"https:\/\/www.greenpeace.org\/brasil\/?p=6293"},"modified":"2019-11-06T05:20:06","modified_gmt":"2019-11-06T08:20:06","slug":"brasil-envergonha-a-agenda-climatica","status":"publish","type":"post","link":"https:\/\/www.greenpeace.org\/brasil\/blog\/brasil-envergonha-a-agenda-climatica\/","title":{"rendered":"Brasil envergonha a agenda clim\u00e1tica"},"content":{"rendered":"<h4>Nomea\u00e7\u00e3o do Brasil para sediar a Confer\u00eancia de Clima da ONU (COP) \u00e9 cancelada devido ao novo governo de Jair Bolsonaro<\/h4>\n<div id=\"attachment_5540\" style=\"width: 1034px\" class=\"wp-caption alignnone\"><img loading=\"lazy\" decoding=\"async\" aria-describedby=\"caption-attachment-5540\" class=\"size-large wp-image-5540\" src=\"https:\/\/www.greenpeace.org\/static\/planet4-brasil-stateless\/2018\/10\/e536858c-gp0stsk0a_medium_res_with_credit_line-1024x683.jpg\" alt=\"Floresta sendo queimada por inc\u00eandio\" width=\"1024\" height=\"683\" srcset=\"https:\/\/www.greenpeace.org\/static\/planet4-brasil-stateless\/2018\/10\/e536858c-gp0stsk0a_medium_res_with_credit_line-1024x683.jpg 1024w, https:\/\/www.greenpeace.org\/static\/planet4-brasil-stateless\/2018\/10\/e536858c-gp0stsk0a_medium_res_with_credit_line-300x200.jpg 300w, https:\/\/www.greenpeace.org\/static\/planet4-brasil-stateless\/2018\/10\/e536858c-gp0stsk0a_medium_res_with_credit_line-768x512.jpg 768w, https:\/\/www.greenpeace.org\/static\/planet4-brasil-stateless\/2018\/10\/e536858c-gp0stsk0a_medium_res_with_credit_line-510x340.jpg 510w, https:\/\/www.greenpeace.org\/static\/planet4-brasil-stateless\/2018\/10\/e536858c-gp0stsk0a_medium_res_with_credit_line.jpg 1200w\" sizes=\"auto, (max-width: 1024px) 100vw, 1024px\" \/><p id=\"caption-attachment-5540\" class=\"wp-caption-text\">A perda de florestas, seja por queimadas ou pelo corte ilegal, \u00e9 a\u00a0principal fonte de emiss\u00f5es de gases do efeito estufa do Brasil, que contribui para o aquecimento global<\/p><\/div>\n<p>Em setembro deste ano, o governo brasileiro havia formalizado na ONU (Organiza\u00e7\u00e3o das Na\u00e7\u00f5es Unidas) <strong>a vontade de sediar a COP-25, em 2019, no Brasil<\/strong>, ap\u00f3s entrar em acordo com pa\u00edses da Am\u00e9rica Latina. A Confer\u00eancia das Partes sobre Mudan\u00e7as Clim\u00e1ticas \u00e9 organizada anualmente e re\u00fane diplomatas, l\u00edderes pol\u00edticos e representantes da sociedade civil do mundo inteiro para negociar um enfrentamento pac\u00edfico do aquecimento global e de seus impactos para o planeta e para as pessoas. O passado diplom\u00e1tico do pa\u00eds em defesa do meio ambiente foi ressaltado, e a import\u00e2ncia do Brasil na luta para conter as mudan\u00e7as clim\u00e1ticas foi decisiva para a confer\u00eancia ser confirmada em solo brasileiro.<\/p>\n<p>Por\u00e9m, passados dois meses, o governo brasileiro <strong>retirou a candidatura j\u00e1 formalizada<\/strong>, alegando a transi\u00e7\u00e3o de governo e restri\u00e7\u00f5es or\u00e7ament\u00e1rias como principais raz\u00f5es. Na verdade, o governo de Michel Temer j\u00e1 recepciona as decis\u00f5es desastrosas daquele que se caracteriza como \u201co novo\u201d, mas que de novo carrega apenas o t\u00edtulo de governo.\u00a0O presidente eleito Jair Bolsonaro assumiu em entrevista que recomendou ao futuro ministro das Rela\u00e7\u00f5es Exteriores, Ernesto Ara\u00fajo, <a href=\"http:\/\/g1.globo.com\/globo-news\/jornal-globo-news\/videos\/v\/bolsonaro-diz-que-participou-da-decisao-de-nao-sediar-mais-a-cop-25\/7194412\/\" target=\"_blank\" rel=\"noopener noreferrer\">que o evento n\u00e3o fosse realizado no ano que vem no Brasil<\/a>.<\/p>\n<p>&#8220;Voltar atr\u00e1s na decis\u00e3o de sediar a COP n\u00e3o \u00e9 apenas uma perda de oportunidade de afirmar o Brasil como uma importante lideran\u00e7a na quest\u00e3o do clima. O gesto \u00e9 uma clara demonstra\u00e7\u00e3o da vis\u00e3o de pol\u00edtica ambiental defendida pelo novo presidente, que revela ao mundo o que j\u00e1 havia dito aos brasileiros durante a campanha eleitoral; <strong>em seu governo, o meio ambiente n\u00e3o \u00e9 bem-vindo<\/strong>&#8220;, afirma Fabiana Alves, especialista da campanha de Clima do Greenpeace Brasil.<\/p>\n<p>Durante a corrida eleitoral, Jair Bolsonaro j\u00e1 havia desfilado <a href=\"https:\/\/www.greenpeace.org\/brasil\/blog\/propostas-aumentam-riscos-para-a-amazonia\/\" target=\"_blank\" rel=\"noopener noreferrer\">um vasto menu de amea\u00e7as ambientais<\/a>. Entre eles, afirmou que sairia do Acordo de Paris. Ainda nesta agenda, destaque para a recente escolha de Ernesto Ara\u00fajo como novo chefe do Itamaraty. O anunciado ministro acha que as mudan\u00e7as clim\u00e1ticas n\u00e3o passam de uma esp\u00e9cie de grande conspira\u00e7\u00e3o internacional, algo que serviria como uma agenda de domina\u00e7\u00e3o global.<\/p>\n<p>J\u00e1 os mais de 190 pa\u00edses que assinam o Acordo de Paris e as centenas de cientistas de diversas nacionalidades que comp\u00f5em o Painel Intergovernamental de Mudan\u00e7as Clim\u00e1ticas da ONU (IPCC, na sigla em ingl\u00eas) discordam dos achismos do novo ministro. De acordo com <a href=\"https:\/\/www.greenpeace.org\/brasil\/blog\/ou-agimos-agora-ou-sera-tarde-demais\/\" target=\"_blank\" rel=\"noopener noreferrer\">o \u00faltimo relat\u00f3rio publicado pelas Na\u00e7\u00f5es Unidas<\/a>, que reuniu mais de 6.000 estudos, a<strong>s mudan\u00e7as clim\u00e1ticas s\u00e3o reais, representam um dos maiores desafios da humanidade, e temos muito pouco tempo para agir<\/strong>.<\/p>\n<p>&#8220;As mudan\u00e7as clim\u00e1ticas j\u00e1 atingem milhares de pessoas ao redor do mundo. Virar as costas para este problema \u00e9, antes de tudo, virar as costas para as popula\u00e7\u00f5es mais pobres. S\u00e3o elas que sentir\u00e3o primeiro os efeitos de um planeta mais quente, com consequ\u00eancias graves como a escassez de \u00e1gua e dificuldades para a produ\u00e7\u00e3o de alimentos&#8221;, diz Fabiana.<\/p>\n<p>\u00c9 do Acordo de Clima que saem as metas para conter as emiss\u00f5es de gases de efeito estufa. Na conta do Brasil, isso significa principalmente acabar com o desmatamento e promover energia limpa a fim de assegurar um pa\u00eds e um mundo em que a biodiversidade possa ser conservada, que eventos extremos n\u00e3o destruam vidas e que os direitos das pessoas sejam assegurados. Por\u00e9m, a retirada da candidatura brasileira ocorre no momento em que a Amaz\u00f4nia <a href=\"https:\/\/www.greenpeace.org\/brasil\/blog\/desmatamento-na-amazonia-cresce-137\/\" target=\"_blank\" rel=\"noopener noreferrer\">registra alta de 14% na taxa de desmatamento<\/a>.<\/p>\n<p>No Brasil, o equil\u00edbrio clim\u00e1tico \u00e9 fundamental principalmente para setores como a agricultura, que tem importante participa\u00e7\u00e3o na economia. Assim, fazer mais pelo clima \u00e9 uma quest\u00e3o de l\u00f3gica estrat\u00e9gica para o pa\u00eds. Infelizmente, este campo parece n\u00e3o ser o forte do pr\u00f3ximo governo.<\/p>\n<p><em>*Atualizado em 29\/11<\/em><\/p>\n","protected":false},"excerpt":{"rendered":"<p>Nomea\u00e7\u00e3o do Brasil para sediar a Confer\u00eancia de Clima da ONU (COP) \u00e9 cancelada devido ao novo governo de Jair Bolsonaro<\/p>\n","protected":false},"author":28,"featured_media":5540,"comment_status":"open","ping_status":"closed","sticky":false,"template":"","format":"standard","meta":{"ep_exclude_from_search":false,"p4_og_title":"","p4_og_description":"","p4_og_image":"","p4_og_image_id":"","p4_seo_canonical_url":"","p4_campaign_name":"","p4_local_project":"","p4_basket_name":"","p4_department":"","footnotes":""},"categories":[2],"tags":[6,8],"p4-page-type":[16],"class_list":["post-6293","post","type-post","status-publish","format-standard","has-post-thumbnail","hentry","category-transforme-a-sociedade","tag-clima","tag-resista","p4-page-type-blog"],"_links":{"self":[{"href":"https:\/\/www.greenpeace.org\/brasil\/wp-json\/wp\/v2\/posts\/6293","targetHints":{"allow":["GET"]}}],"collection":[{"href":"https:\/\/www.greenpeace.org\/brasil\/wp-json\/wp\/v2\/posts"}],"about":[{"href":"https:\/\/www.greenpeace.org\/brasil\/wp-json\/wp\/v2\/types\/post"}],"author":[{"embeddable":true,"href":"https:\/\/www.greenpeace.org\/brasil\/wp-json\/wp\/v2\/users\/28"}],"replies":[{"embeddable":true,"href":"https:\/\/www.greenpeace.org\/brasil\/wp-json\/wp\/v2\/comments?post=6293"}],"version-history":[{"count":6,"href":"https:\/\/www.greenpeace.org\/brasil\/wp-json\/wp\/v2\/posts\/6293\/revisions"}],"predecessor-version":[{"id":12823,"href":"https:\/\/www.greenpeace.org\/brasil\/wp-json\/wp\/v2\/posts\/6293\/revisions\/12823"}],"wp:featuredmedia":[{"embeddable":true,"href":"https:\/\/www.greenpeace.org\/brasil\/wp-json\/wp\/v2\/media\/5540"}],"wp:attachment":[{"href":"https:\/\/www.greenpeace.org\/brasil\/wp-json\/wp\/v2\/media?parent=6293"}],"wp:term":[{"taxonomy":"category","embeddable":true,"href":"https:\/\/www.greenpeace.org\/brasil\/wp-json\/wp\/v2\/categories?post=6293"},{"taxonomy":"post_tag","embeddable":true,"href":"https:\/\/www.greenpeace.org\/brasil\/wp-json\/wp\/v2\/tags?post=6293"},{"taxonomy":"p4-page-type","embeddable":true,"href":"https:\/\/www.greenpeace.org\/brasil\/wp-json\/wp\/v2\/p4-page-type?post=6293"}],"curies":[{"name":"wp","href":"https:\/\/api.w.org\/{rel}","templated":true}]}}