{"id":62991,"date":"2026-03-16T11:36:31","date_gmt":"2026-03-16T14:36:31","guid":{"rendered":"https:\/\/www.greenpeace.org\/brasil\/?p=62991"},"modified":"2026-03-16T14:07:26","modified_gmt":"2026-03-16T17:07:26","slug":"para-quem-serve-o-dia-de-conscientizacao-das-mudancas-climaticas","status":"publish","type":"post","link":"https:\/\/www.greenpeace.org\/brasil\/blog\/para-quem-serve-o-dia-de-conscientizacao-das-mudancas-climaticas\/","title":{"rendered":"Para quem serve o Dia de Conscientiza\u00e7\u00e3o das Mudan\u00e7as Clim\u00e1ticas?"},"content":{"rendered":"\n<h4 class=\"wp-block-heading\">Quando parte da popula\u00e7\u00e3o tem menos condi\u00e7\u00f5es de se proteger e se recuperar ap\u00f3s desastres clim\u00e1ticos, isso \u00e9 resultado de escolhas pol\u00edticas<\/h4>\n\n<figure class=\"wp-block-image size-full\"><img loading=\"lazy\" decoding=\"async\" width=\"800\" height=\"533\" src=\"https:\/\/www.greenpeace.org\/static\/planet4-brasil-stateless\/2026\/03\/658cfd55-gp0su0pou_low-res-with-credit-line-800px.jpg\" alt=\"\" class=\"wp-image-62992\" srcset=\"https:\/\/www.greenpeace.org\/static\/planet4-brasil-stateless\/2026\/03\/658cfd55-gp0su0pou_low-res-with-credit-line-800px.jpg 800w, https:\/\/www.greenpeace.org\/static\/planet4-brasil-stateless\/2026\/03\/658cfd55-gp0su0pou_low-res-with-credit-line-800px-300x200.jpg 300w, https:\/\/www.greenpeace.org\/static\/planet4-brasil-stateless\/2026\/03\/658cfd55-gp0su0pou_low-res-with-credit-line-800px-768x512.jpg 768w, https:\/\/www.greenpeace.org\/static\/planet4-brasil-stateless\/2026\/03\/658cfd55-gp0su0pou_low-res-with-credit-line-800px-510x340.jpg 510w\" sizes=\"auto, (max-width: 800px) 100vw, 800px\" \/><figcaption class=\"wp-element-caption\">Canoas, Rio Grande do Sul, completamente tomado pelas \u00e1guas, em 2024.<div class=\"credit icon-left\"> \u00a9 Tuane Fernandes \/ Greenpeace<\/div><\/figcaption><\/figure>\n\n<p>Hoje \u00e9 o <strong>Dia Nacional de Conscientiza\u00e7\u00e3o sobre as Mudan\u00e7as Clim\u00e1ticas,<\/strong> e para falar de crise clim\u00e1tica no Brasil \u00e9 preciso falar de desigualdade.<\/p>\n\n<blockquote class=\"wp-block-quote is-layout-flow wp-block-quote-is-layout-flow\">\n<p>H\u00e1 quem durma ao som da chuva. E h\u00e1 quem sofra com as enchentes.<\/p>\n<\/blockquote>\n\n<p>A frase do jornalista e ativista <strong>Mateus Fernandes<\/strong> resume bem uma das faces mais injustas da crise clim\u00e1tica no pa\u00eds: a chuva n\u00e3o cai da mesma forma para todo mundo. <\/p>\n\n<p>Uma <a href=\"https:\/\/br.techo.org\/blog\/estudo-crise-climatica-comunidades\/\">pesquisa da Teto Brasil<\/a> que revela o cotidiano de territ\u00f3rios que n\u00e3o est\u00e3o no mapa das pol\u00edticas p\u00fablicas, mostra que 86% das favelas e comunidades no pa\u00eds enfrentaram ao menos um evento clim\u00e1tico extremo no \u00faltimo ano. E quando a chuva ou o calor extremo chegam, os danos se ampliam: <strong>70% desses territ\u00f3rios n\u00e3o possuem abrigos de emerg\u00eancia, 60% n\u00e3o contam com obras de conten\u00e7\u00e3o e 70% n\u00e3o t\u00eam sistemas de drenagem.<\/strong><\/p>\n\n<p>E isso n\u00e3o acontece por acaso. A gravidade dos impactos da crise clim\u00e1tica tamb\u00e9m reflete escolhas pol\u00edticas sobre quem tem acesso a infraestrutura, prote\u00e7\u00e3o e pol\u00edticas p\u00fablicas e quem n\u00e3o tem.<\/p>\n\n<p>Nos primeiros meses de 2026, cidades como Juiz de Fora e Ub\u00e1 (MG), Paraty (RJ) e outros munic\u00edpios do estado, e o litoral paulista voltaram a enfrentar chuvas intensas, enchentes e grandes perdas para a popula\u00e7\u00e3o. S\u00f3 em Juiz de Fora e Ub\u00e1, <a href=\"https:\/\/g1.globo.com\/mg\/zona-da-mata\/noticia\/2026\/02\/27\/chuvas-em-mg-buscas-por-desaparecidos-entram-no-4o-dia-em-juiz-de-fora-e-uba.ghtml\">mais de 64 mortes<\/a> j\u00e1 foram confirmadas na regi\u00e3o at\u00e9 o fechamento deste texto.<\/p>\n\n<figure class=\"wp-block-image size-full\"><img loading=\"lazy\" decoding=\"async\" width=\"800\" height=\"534\" src=\"https:\/\/www.greenpeace.org\/static\/planet4-brasil-stateless\/2026\/03\/1004df37-gp0stzww1_low-res-with-credit-line-800px.jpg\" alt=\"\" class=\"wp-image-62993\" srcset=\"https:\/\/www.greenpeace.org\/static\/planet4-brasil-stateless\/2026\/03\/1004df37-gp0stzww1_low-res-with-credit-line-800px.jpg 800w, https:\/\/www.greenpeace.org\/static\/planet4-brasil-stateless\/2026\/03\/1004df37-gp0stzww1_low-res-with-credit-line-800px-300x200.jpg 300w, https:\/\/www.greenpeace.org\/static\/planet4-brasil-stateless\/2026\/03\/1004df37-gp0stzww1_low-res-with-credit-line-800px-768x513.jpg 768w, https:\/\/www.greenpeace.org\/static\/planet4-brasil-stateless\/2026\/03\/1004df37-gp0stzww1_low-res-with-credit-line-800px-510x340.jpg 510w\" sizes=\"auto, (max-width: 800px) 100vw, 800px\" \/><figcaption class=\"wp-element-caption\"><br>Em mar\u00e7o de 2024, o Greenpeace Brasil entregou o abaixo-assinado \u201cBasta de Trag\u00e9dias\u201d \u00e0 Secret\u00e1ria Nacional de Mudan\u00e7as do Clima, Ana Toni, no Minist\u00e9rio do Meio Ambiente (MMA), em Bras\u00edlia. Com cerca de 16 mil assinaturas, o documento levou as vozes de milhares de brasileiros que pedem por a\u00e7\u00f5es que adaptem as cidades e se antecipem \u00e0s trag\u00e9dias clim\u00e1ticas.<div class=\"credit icon-left\"> \u00a9 Matheus Alves \/ Greenpeace<\/div><\/figcaption><\/figure>\n\n<p>Quando gestores p\u00fablicos deixam de investir em preven\u00e7\u00e3o, planejamento urbano e infraestrutura, quem paga a conta mais cara s\u00e3o sempre as mesmas pessoas. Para moradores de periferias, onde falta moradia segura, drenagem adequada e pol\u00edticas p\u00fablicas que garantam uma vida digna, uma chuva forte pode significar perder tudo.<\/p>\n\n<p>As consequ\u00eancias v\u00e3o muito al\u00e9m das ruas alagadas. Dias sem energia, transporte interrompido ou bairros isolados significam renda zerada para milh\u00f5es de trabalhadores informais. M\u00f3veis destru\u00eddos, documentos perdidos e a busca por abrigo tempor\u00e1rio geram endividamento imediato. E, junto com tudo isso, cresce o medo constante de que a pr\u00f3xima chuva traga novas perdas.<\/p>\n\n<figure class=\"wp-block-image size-full\"><img loading=\"lazy\" decoding=\"async\" width=\"800\" height=\"533\" src=\"https:\/\/www.greenpeace.org\/static\/planet4-brasil-stateless\/2026\/03\/6ff6346f-gp0su0o6y_low-res-with-credit-line-800px.jpg\" alt=\"\" class=\"wp-image-62994\" srcset=\"https:\/\/www.greenpeace.org\/static\/planet4-brasil-stateless\/2026\/03\/6ff6346f-gp0su0o6y_low-res-with-credit-line-800px.jpg 800w, https:\/\/www.greenpeace.org\/static\/planet4-brasil-stateless\/2026\/03\/6ff6346f-gp0su0o6y_low-res-with-credit-line-800px-300x200.jpg 300w, https:\/\/www.greenpeace.org\/static\/planet4-brasil-stateless\/2026\/03\/6ff6346f-gp0su0o6y_low-res-with-credit-line-800px-768x512.jpg 768w, https:\/\/www.greenpeace.org\/static\/planet4-brasil-stateless\/2026\/03\/6ff6346f-gp0su0o6y_low-res-with-credit-line-800px-510x340.jpg 510w\" sizes=\"auto, (max-width: 800px) 100vw, 800px\" \/><figcaption class=\"wp-element-caption\"><br>Ruas alagadas no Bairro Ipanema, em Porto Alegre, Rio Grande do Sul. <div class=\"credit icon-left\"> \u00a9 Tuane Fernandes \/ Greenpeace<\/div><\/figcaption><\/figure>\n\n<p>Imagine essa situa\u00e7\u00e3o: a chuva alaga sua rua e voc\u00ea simplesmente n\u00e3o consegue sair de casa para trabalhar. No Brasil, desastres clim\u00e1ticos n\u00e3o aparecem na Consolida\u00e7\u00e3o das Leis do Trabalho (CLT) como justificativa autom\u00e1tica para faltar ao servi\u00e7o. Na pr\u00e1tica, o trabalhador pode ter o sal\u00e1rio descontado justamente quando mais precisa de dinheiro para lidar com os preju\u00edzos.<\/p>\n\n<p data-wp-context---core-fit-text=\"core\/fit-text::{&quot;fontSize&quot;:&quot;&quot;}\" data-wp-init---core-fit-text=\"core\/fit-text::callbacks.init\" data-wp-interactive data-wp-style--font-size=\"core\/fit-text::context.fontSize\" class=\"has-fit-text\"><strong>Isso \u00e9 justo?<\/strong><\/p>\n\n<p>A realidade de quem perde a casa tamb\u00e9m mostra como a recupera\u00e7\u00e3o pode ser lenta e desigual. Mais de 15 anos depois das <a href=\"https:\/\/g1.globo.com\/rj\/regiao-serrana\/noticia\/2022\/02\/15\/em-2011-chuva-na-regiao-serrana-deixou-mais-de-900-mortos.ghtml\">chuvas em 2011<\/a> na Regi\u00e3o Serrana do Rio de Janeiro, quando mais de 900 pessoas morreram, fam\u00edlias que perderam tudo em Petr\u00f3polis ainda recebem <a href=\"https:\/\/correiopetropolitano.com.br\/2026\/01\/23\/vitimas-da-tragedia-de-2011-ainda-vivem-com-aluguel-social-de-r-500\/\"><strong>R$ 500 de aluguel social<\/strong><\/a><strong>(!)<\/strong>, valor que nunca foi reajustado e hoje n\u00e3o cobre nem os alugu\u00e9is mais baratos da cidade.<\/p>\n\n<p>Sem prote\u00e7\u00e3o adequada, a crise clim\u00e1tica vira um ciclo de inseguran\u00e7a, endividamento e recome\u00e7os for\u00e7ados.<\/p>\n\n<p>Por isso, a <strong>adapta\u00e7\u00e3o clim\u00e1tica precisa ser prioridade<\/strong>, n\u00e3o apenas em obras pontuais, mas como uma pol\u00edtica integrada de moradia digna, prote\u00e7\u00e3o social, gera\u00e7\u00e3o de renda e planejamento urbano. Adaptar as cidades \u00e9 proteger vidas.<\/p>\n\n<figure class=\"wp-block-image size-full\"><img loading=\"lazy\" decoding=\"async\" width=\"800\" height=\"533\" src=\"https:\/\/www.greenpeace.org\/static\/planet4-brasil-stateless\/2026\/03\/026e5f18-gp0su6vau_low-res-with-credit-line-800px.jpg\" alt=\"\" class=\"wp-image-62996\" srcset=\"https:\/\/www.greenpeace.org\/static\/planet4-brasil-stateless\/2026\/03\/026e5f18-gp0su6vau_low-res-with-credit-line-800px.jpg 800w, https:\/\/www.greenpeace.org\/static\/planet4-brasil-stateless\/2026\/03\/026e5f18-gp0su6vau_low-res-with-credit-line-800px-300x200.jpg 300w, https:\/\/www.greenpeace.org\/static\/planet4-brasil-stateless\/2026\/03\/026e5f18-gp0su6vau_low-res-with-credit-line-800px-768x512.jpg 768w, https:\/\/www.greenpeace.org\/static\/planet4-brasil-stateless\/2026\/03\/026e5f18-gp0su6vau_low-res-with-credit-line-800px-510x340.jpg 510w\" sizes=\"auto, (max-width: 800px) 100vw, 800px\" \/><figcaption class=\"wp-element-caption\">Evento de lan\u00e7amento do &#8220;Corre de Quebrada&#8221;, projeto do Greenpeace Brasil que valoriza a cultura de rua na luta por justi\u00e7a clim\u00e1tica. As rimas pesadas mostraram que falar de clima, quebrada e da mudan\u00e7a que a gente precisa tem tudo a ver com a cultura de quem que vive, sente, rima e resiste. <\/figcaption><\/figure>\n\n<p>Nesse contexto, iniciativas como o <strong>Corre de Quebrada<\/strong>, projeto do Greenpeace Brasil, ganham ainda mais import\u00e2ncia. Quem vive nas periferias conhece os impactos da crise clim\u00e1tica e tamb\u00e9m <a href=\"https:\/\/www.greenpeace.org\/brasil\/blog\/crise-climatica-heliopolis-transforma-desafios-do-territorio-em-dados-para-conquistar-direitos\/\">constr\u00f3i respostas todos os dias<\/a>. A mobiliza\u00e7\u00e3o por mudan\u00e7a j\u00e1 existe nas diversas formas de organiza\u00e7\u00e3o popular que transformam a viv\u00eancia da quebrada em luta por direitos. O que falta s\u00e3o pol\u00edticas p\u00fablicas que reconhe\u00e7am esse conhecimento, o financiem e o incorporem \u00e0s decis\u00f5es. <strong>Sem essa escuta, nenhuma pol\u00edtica p\u00fablica ser\u00e1 eficaz.<\/strong><\/p>\n\n<p>Se a injusti\u00e7a \u00e9 estrutural, <strong>a resposta precisa ser coletiva<\/strong>. E enfrentar a crise do clima passa, necessariamente, por construir cidades mais justas, preparadas e capazes de proteger quem sempre esteve mais exposto aos riscos.<\/p>\n\n<div class=\"wp-block-buttons is-content-justification-center is-layout-flex wp-container-core-buttons-is-layout-16018d1d wp-block-buttons-is-layout-flex\">\n<div class=\"wp-block-button\"><a class=\"wp-block-button__link has-red-500-color has-grey-900-background-color has-text-color has-background has-link-color wp-element-button\" href=\"https:\/\/www.greenpeace.org\/brasil\/apoie\/corre-de-quebrada\/\">Fa\u00e7a parte do Corre de Quebrada<\/a><\/div>\n<\/div>\n","protected":false},"excerpt":{"rendered":"<p>Quando parte da popula\u00e7\u00e3o tem menos condi\u00e7\u00f5es de se proteger e se recuperar ap\u00f3s desastres clim\u00e1ticos, isso \u00e9 resultado de escolhas pol\u00edticas<\/p>\n","protected":false},"author":67,"featured_media":62992,"comment_status":"open","ping_status":"closed","sticky":false,"template":"","format":"standard","meta":{"ep_exclude_from_search":false,"p4_og_title":"","p4_og_description":"","p4_og_image":"","p4_og_image_id":"","p4_seo_canonical_url":"","p4_campaign_name":"Climate Justice Liability","p4_local_project":"Corre de Quebrada","p4_basket_name":"Climate &amp; Energy","p4_department":"","footnotes":""},"categories":[71,48,2],"tags":[77,62,42],"p4-page-type":[16],"class_list":["post-62991","post","type-post","status-publish","format-standard","has-post-thumbnail","hentry","category-eventos-extremos","category-justica-climatica","category-transforme-a-sociedade","tag-corre-de-quebrada","tag-adaptacao-climatica","tag-justica-climatica","p4-page-type-blog"],"_links":{"self":[{"href":"https:\/\/www.greenpeace.org\/brasil\/wp-json\/wp\/v2\/posts\/62991","targetHints":{"allow":["GET"]}}],"collection":[{"href":"https:\/\/www.greenpeace.org\/brasil\/wp-json\/wp\/v2\/posts"}],"about":[{"href":"https:\/\/www.greenpeace.org\/brasil\/wp-json\/wp\/v2\/types\/post"}],"author":[{"embeddable":true,"href":"https:\/\/www.greenpeace.org\/brasil\/wp-json\/wp\/v2\/users\/67"}],"replies":[{"embeddable":true,"href":"https:\/\/www.greenpeace.org\/brasil\/wp-json\/wp\/v2\/comments?post=62991"}],"version-history":[{"count":7,"href":"https:\/\/www.greenpeace.org\/brasil\/wp-json\/wp\/v2\/posts\/62991\/revisions"}],"predecessor-version":[{"id":63004,"href":"https:\/\/www.greenpeace.org\/brasil\/wp-json\/wp\/v2\/posts\/62991\/revisions\/63004"}],"wp:featuredmedia":[{"embeddable":true,"href":"https:\/\/www.greenpeace.org\/brasil\/wp-json\/wp\/v2\/media\/62992"}],"wp:attachment":[{"href":"https:\/\/www.greenpeace.org\/brasil\/wp-json\/wp\/v2\/media?parent=62991"}],"wp:term":[{"taxonomy":"category","embeddable":true,"href":"https:\/\/www.greenpeace.org\/brasil\/wp-json\/wp\/v2\/categories?post=62991"},{"taxonomy":"post_tag","embeddable":true,"href":"https:\/\/www.greenpeace.org\/brasil\/wp-json\/wp\/v2\/tags?post=62991"},{"taxonomy":"p4-page-type","embeddable":true,"href":"https:\/\/www.greenpeace.org\/brasil\/wp-json\/wp\/v2\/p4-page-type?post=62991"}],"curies":[{"name":"wp","href":"https:\/\/api.w.org\/{rel}","templated":true}]}}