{"id":63021,"date":"2026-03-18T11:12:23","date_gmt":"2026-03-18T14:12:23","guid":{"rendered":"https:\/\/www.greenpeace.org\/brasil\/?p=63021"},"modified":"2026-03-23T14:31:45","modified_gmt":"2026-03-23T17:31:45","slug":"o-brasil-vai-punir-quem-protege-o-meio-ambiente-as-adis-7775-e-7774-e-o-que-esta-em-jogo-no-stf","status":"publish","type":"post","link":"https:\/\/www.greenpeace.org\/brasil\/blog\/o-brasil-vai-punir-quem-protege-o-meio-ambiente-as-adis-7775-e-7774-e-o-que-esta-em-jogo-no-stf\/","title":{"rendered":"O Brasil vai punir quem protege o meio ambiente? As ADIs 7775 e 7774 e o que est\u00e1 em jogo no STF"},"content":{"rendered":"\n<p><strong>Voc\u00ea j\u00e1 imaginou um cen\u00e1rio onde o governo decide retirar incentivos de uma empresa justamente porque ela escolheu ser mais sustent\u00e1vel?<\/strong> Parece um absurdo, mas \u00e9 o que o Supremo Tribunal Federal (STF) vai julgar em 18 de mar\u00e7o, nas ADI 7775 e 7774, a\u00e7\u00f5es que questionam leis de Rond\u00f4nia e Mato Grosso que retiram benef\u00edcios fiscais de empresas que adotam compromissos ambientais mais rigorosos do que a legisla\u00e7\u00e3o exige. Tamb\u00e9m est\u00e3o sob an\u00e1lise da Corte, ainda sem data de julgamento, leis id\u00eanticas dos estados de Maranh\u00e3o (ADI 7823) e Tocantins (ADI 7863).<\/p>\n\n<p>Por tr\u00e1s dessa decis\u00e3o est\u00e1 uma quest\u00e3o maior: <strong>o poder p\u00fablico pode usar a pol\u00edtica fiscal &#8211; <em>os impostos<\/em>&#8211; para punir empresas que fazem mais pelo meio ambiente do que exigido em lei?<\/strong> Embora o debate tenha surgido no contexto de ataques \u00e0 <strong>Morat\u00f3ria da Soja<\/strong>, o que est\u00e1 em jogo vai muito al\u00e9m desse acordo. <strong>A decis\u00e3o do STF pode criar um precedente nacional que gera inseguran\u00e7a para&nbsp; compromissos volunt\u00e1rios adotados por empresas para proteger o meio ambiente,<\/strong> podendo desencorajar acordos em outras cadeias como da carne, minera\u00e7\u00e3o e madeira.<\/p>\n\n<p>\u00c9 um movimento que nivela por baixo a prote\u00e7\u00e3o ambiental no Brasil, e vem na esteira de outras medidas que enfraqueceram salvaguardas, como o  <a href=\"https:\/\/www.greenpeace.org\/brasil\/imprensa\/entra-em-vigor-lei-que-desmonta-o-licenciamento-ambiental-e-cria-grave-inseguranca-juridica-alerta-greenpeace-brasil\/?utm_source=p4&amp;utm_medium=internal&amp;utm_campaign=desmatamento&amp;utm_content=link&amp;utm_term=informar\" target=\"_blank\" rel=\"noreferrer noopener\">PL da Devasta\u00e7\u00e3o<\/a> e a redu\u00e7\u00e3o da responsabilidade do setor agropecu\u00e1rio no Plano Clima.<\/p>\n\n<h3 class=\"wp-block-heading\"><strong>As leis do retrocesso &#8211; Quando fazer mais pelo meio ambiente vira desvantagem<\/strong><\/h3>\n\n<p>No centro da disputa est\u00e3o as leis estaduais de Rond\u00f4nia (Lei 5.837\/2024) e do Mato Grosso (Lei 12.709\/2024) dentre outras, <a href=\"https:\/\/www.greenpeace.org\/brasil\/blog\/retrocesso-maranhao-se-junta-ao-mt-e-ro-e-promulga-lei-que-incentiva-o-desmatamento\/?utm_source=p4&amp;utm_medium=internal&amp;utm_campaign=desmatamento&amp;utm_content=link&amp;utm_term=informar\" target=\"_blank\" rel=\"noreferrer noopener\">criadas para pressionar a derrubada da Morat\u00f3ria da Soja<\/a>. Essas normas retiram benef\u00edcios fiscais de empresas que adotam pr\u00e1ticas ambientais mais rigorosas do que a lei exige.&nbsp;<\/p>\n\n<p>Na pr\u00e1tica, isso cria uma distor\u00e7\u00e3o onde quem faz apenas o m\u00ednimo pelo meio-ambiente, que \u00e9 cumprir a lei, pode receber descontos em seus impostos, e quem faz mais \u00e9 penalizado e tem os benef\u00edcios retirados.<\/p>\n\n<h3 class=\"wp-block-heading\"><strong>O caso da Morat\u00f3ria da Soja mostra o que est\u00e1 em risco<\/strong><\/h3>\n\n<p>Essa ofensiva pol\u00edtica come\u00e7ou justamente contra a Morat\u00f3ria da Soja, acordo criado em 2006 ap\u00f3s den\u00fancias do Greenpeace sobre a rela\u00e7\u00e3o entre a expans\u00e3o da soja e o desmatamento na Amaz\u00f4nia. O pacto firmado entre a sociedade civil, grandes exportadoras de soja e o governo, estabeleceu que n\u00e3o se compraria soja produzida em \u00e1reas desmatadas no bioma amaz\u00f4nico ap\u00f3s 2008.<\/p>\n\n<p><strong>O acordo provou que \u00e9 poss\u00edvel produzir sem desmatar, <\/strong>e a expans\u00e3o da soja na Amaz\u00f4nia passou a ocorrer principalmente sobre pastagens j\u00e1 abertas, e n\u00e3o diretamente sobre \u00e1reas florestais.<strong> <\/strong>Entre 2009 e 2022, os munic\u00edpios monitorados pela morat\u00f3ria tiveram queda de 69% no desmatamento, enquanto a \u00e1rea plantada no bioma Amaz\u00f4nia cresceu 344%.<\/p>\n\n<p>Apesar do sucesso, a Morat\u00f3ria foi alvo de ataques coordenados de setores ruralistas e governadores alinhados, que criaram projetos de lei e press\u00f5es pol\u00edticas, visando prejudicar o acordo.<\/p>\n\n<p>Em 2026, com a vig\u00eancia das leis estaduais, algumas empresas participantes &#8211; <a href=\"https:\/\/www.greenpeace.org\/brasil\/blog\/retrocesso-associacao-das-gigantes-da-soja-abandona-a-moratoria-da-soja-e-coloca-a-amazonia-em-risco\/?utm_source=p4&amp;utm_medium=internal&amp;utm_campaign=desmatamento&amp;utm_content=link&amp;utm_term=informar\" target=\"_blank\" rel=\"noreferrer noopener\">gigantes do setor como Cargill, Bunge e Amaggi &#8211; abandonam o acordo<\/a>. Elas preferiram trocar o desmatamento zero pelos benef\u00edcios fiscais de curto prazo, esvaziando o compromisso.<\/p>\n\n<p><a href=\"https:\/\/www.instagram.com\/reels\/DWBzBLjkZnD\">\/<\/a><\/p>\n\n<figure class=\"wp-block-video\"><video controls src=\"https:\/\/www.greenpeace.org\/static\/planet4-brasil-stateless\/2026\/03\/edf447b2-o-brasil-vai-punir-_3.mp4\"><\/video><\/figure>\n\n<h3 class=\"wp-block-heading\"><strong>Um risco para o clima e para a economia<\/strong><\/h3>\n\n<p>Estudos indicam que o enfraquecimento da Morat\u00f3ria da Soja poderia colocar mais de <a href=\"https:\/\/www.icv.org.br\/noticias\/fim-da-moratoria-da-soja-coloca-em-risco-a-amazonia-e-a-credibilidade-da-sojicultura-brasileira-alertam-ufmg-icv-e-trase\/\" target=\"_blank\" rel=\"noreferrer noopener\">13 milh\u00f5es de hectares de vegeta\u00e7\u00e3o nativa na Amaz\u00f4nia em risco <\/a>de desmatamento. No Brasil, 42% das emiss\u00f5es de gases de efeito estufa v\u00eam da mudan\u00e7a do uso da terra e desmatamento, e 29% da agropecu\u00e1ria.<\/p>\n\n<p>Os cr\u00edticos \u00e0 Morat\u00f3ria e \u00e0s prote\u00e7\u00f5es ambientais parecem ignorar a crise clim\u00e1tica, que j\u00e1 castiga o pa\u00eds com secas hist\u00f3ricas e enchentes devastadoras, e que muitas vezes inclusive penaliza as lavouras e a produ\u00e7\u00e3o.<\/p>\n\n<p>Al\u00e9m do impacto ambiental, o preju\u00edzo tamb\u00e9m \u00e9 econ\u00f4mico. Retaliar empresas sustent\u00e1veis enfraquece a credibilidade do Brasil como fornecedor confi\u00e1vel nos mercados internacionais exigentes.<\/p>\n\n<h3 class=\"wp-block-heading\"><strong>O caso no STF &#8211; O risco de um precedente perigoso<\/strong><\/h3>\n\n<p>O caso chegou ao STF atrav\u00e9s de A\u00e7\u00f5es Diretas de Inconstitucionalidade (ADIs) que contestam a constitucionalidade dessas leis estaduais; <strong>o Greenpeace Brasil participa do processo como amigo da corte (<em>amicus curiae)<\/em>,<\/strong> contribuindo com informa\u00e7\u00f5es t\u00e9cnicas e jur\u00eddicas sobre os impactos ambientais e econ\u00f4micos dessas leis.<\/p>\n\n<p>Ao julgar as ADIs 7775 e 7774, os ministros do STF t\u00eam a oportunidade de reafirmar um princ\u00edpio essencial: Constitui\u00e7\u00e3o n\u00e3o negocia retrocessos ambientais.<strong> O Greenpeace argumenta que essas leis s\u00e3o inconstitucionais<\/strong> porque:<\/p>\n\n<ul class=\"wp-block-list\">\n<li><strong>Violam o dever de proteger o meio ambiente: <\/strong>A Constitui\u00e7\u00e3o determina que os governos e a sociedade, inclu\u00eddas as empresas, devem proteger o meio ambiente e combater as mudan\u00e7as clim\u00e1ticas. O poder p\u00fablico tem o dever de incentivar compromissos ambientais das empresas.<\/li>\n\n\n\n<li><strong>Usam o imposto como puni\u00e7\u00e3o: <\/strong>A Constitui\u00e7\u00e3o estabelece que o sistema de impostos deve respeitar a prote\u00e7\u00e3o ao meio ambiente. N\u00e3o \u00e9 permitido que governos usem incentivos tribut\u00e1rios para penalizar compromissos ambientais.<\/li>\n\n\n\n<li><strong>As empresas podem escolher fazer mais: <\/strong>A lei estabelece o m\u00ednimo de prote\u00e7\u00e3o ambiental, n\u00e3o o m\u00e1ximo. As empresas s\u00e3o livres para assumirem compromissos volunt\u00e1rios pela prote\u00e7\u00e3o do meio ambiente, como o desmatamento zero em suas cadeias.<\/li>\n<\/ul>\n\n<blockquote class=\"wp-block-quote has-text-align-right is-layout-flow wp-block-quote-is-layout-flow\">\n<p class=\"has-text-align-left has-medium-font-size\"><em>A Constitui\u00e7\u00e3o Brasileira \u00e9 categ\u00f3rica ao determinar que o sistema tribut\u00e1rio nacional deve observar o princ\u00edpio da defesa do meio ambiente (art. 145, \u00a73\u00ba). Utilizar leis estaduais para retaliar financeiramente empresas que adotam crit\u00e9rios ambientais de compra rigorosos \u00e9 um claro desvio de finalidade. O Estado n\u00e3o pode transformar a pol\u00edtica fiscal em um instrumento de puni\u00e7\u00e3o contra quem decide fazer mais pela preserva\u00e7\u00e3o do que o m\u00ednimo exigido em lei.<\/em><\/p>\n<cite>Angela Barbarulo. Gerente Jur\u00eddica do Greenpeace Brasil.<\/cite><\/blockquote>\n<div data-hydrate=\"planet4-blocks\/gallery\" data-attributes=\"{&quot;attributes&quot;:{&quot;multiple_image&quot;:&quot;63040,63041,63042,63043&quot;,&quot;gallery_block_focus_points&quot;:&quot;{\\&quot;63037\\&quot;:\\&quot;50% 50%\\&quot;,\\&quot;63038\\&quot;:\\&quot;50% 47%\\&quot;,\\&quot;63039\\&quot;:\\&quot;50% 50%\\&quot;,\\&quot;63040\\&quot;:\\&quot;50% 50%\\&quot;}&quot;,&quot;image_data&quot;:[{&quot;url&quot;:&quot;https:\\\/\\\/www.greenpeace.org\\\/static\\\/planet4-brasil-stateless\\\/2026\\\/03\\\/bb5a1319-54977279842_29f526673a_c.jpg&quot;,&quot;focalPoint&quot;:{&quot;x&quot;:0.5,&quot;y&quot;:0.5},&quot;id&quot;:63040},{&quot;url&quot;:&quot;https:\\\/\\\/www.greenpeace.org\\\/static\\\/planet4-brasil-stateless\\\/2026\\\/03\\\/6188edae-54978345758_33566b92ec_c.jpg&quot;,&quot;focalPoint&quot;:{&quot;x&quot;:0.5,&quot;y&quot;:0.5},&quot;id&quot;:63041},{&quot;url&quot;:&quot;https:\\\/\\\/www.greenpeace.org\\\/static\\\/planet4-brasil-stateless\\\/2026\\\/03\\\/4538e75f-54977279747_8b66cedbe5_c.jpg&quot;,&quot;focalPoint&quot;:{&quot;x&quot;:0.5,&quot;y&quot;:0.5},&quot;id&quot;:63042},{&quot;url&quot;:&quot;https:\\\/\\\/www.greenpeace.org\\\/static\\\/planet4-brasil-stateless\\\/2026\\\/03\\\/0fd3f468-54978413174_f26f5eb2a0_c.jpg&quot;,&quot;focalPoint&quot;:{&quot;x&quot;:0.5,&quot;y&quot;:0.5},&quot;id&quot;:63043}],&quot;className&quot;:&quot;is-style-slider&quot;,&quot;gallery_block_style&quot;:0,&quot;gallery_block_title&quot;:&quot;&quot;,&quot;gallery_block_description&quot;:&quot;&quot;,&quot;images&quot;:[{&quot;image_src&quot;:&quot;https:\\\/\\\/www.greenpeace.org\\\/static\\\/planet4-brasil-stateless\\\/2026\\\/03\\\/bb5a1319-54977279842_29f526673a_c.jpg&quot;,&quot;image_srcset&quot;:&quot;https:\\\/\\\/www.greenpeace.org\\\/static\\\/planet4-brasil-stateless\\\/2026\\\/03\\\/bb5a1319-54977279842_29f526673a_c.jpg 800w, https:\\\/\\\/www.greenpeace.org\\\/static\\\/planet4-brasil-stateless\\\/2026\\\/03\\\/bb5a1319-54977279842_29f526673a_c-300x200.jpg 300w, https:\\\/\\\/www.greenpeace.org\\\/static\\\/planet4-brasil-stateless\\\/2026\\\/03\\\/bb5a1319-54977279842_29f526673a_c-768x513.jpg 768w, https:\\\/\\\/www.greenpeace.org\\\/static\\\/planet4-brasil-stateless\\\/2026\\\/03\\\/bb5a1319-54977279842_29f526673a_c-510x340.jpg 510w&quot;,&quot;image_sizes&quot;:false,&quot;alt_text&quot;:&quot;&quot;,&quot;caption&quot;:&quot;Julgamento do Marco Temporal em plen\\u00e1ria do STF em 11\\\/12\\\/2025, com a participa\\u00e7\\u00e3o do Greenpeace Brasil como amigo da corte.&quot;,&quot;focus_image&quot;:&quot;50% 50%&quot;,&quot;credits&quot;:&quot;\\u00a9 Antonio Augusto\\\/STF&quot;},{&quot;image_src&quot;:&quot;https:\\\/\\\/www.greenpeace.org\\\/static\\\/planet4-brasil-stateless\\\/2026\\\/03\\\/6188edae-54978345758_33566b92ec_c.jpg&quot;,&quot;image_srcset&quot;:&quot;https:\\\/\\\/www.greenpeace.org\\\/static\\\/planet4-brasil-stateless\\\/2026\\\/03\\\/6188edae-54978345758_33566b92ec_c.jpg 800w, https:\\\/\\\/www.greenpeace.org\\\/static\\\/planet4-brasil-stateless\\\/2026\\\/03\\\/6188edae-54978345758_33566b92ec_c-300x200.jpg 300w, https:\\\/\\\/www.greenpeace.org\\\/static\\\/planet4-brasil-stateless\\\/2026\\\/03\\\/6188edae-54978345758_33566b92ec_c-768x513.jpg 768w, https:\\\/\\\/www.greenpeace.org\\\/static\\\/planet4-brasil-stateless\\\/2026\\\/03\\\/6188edae-54978345758_33566b92ec_c-510x340.jpg 510w&quot;,&quot;image_sizes&quot;:false,&quot;alt_text&quot;:&quot;&quot;,&quot;caption&quot;:&quot;Julgamento do Marco Temporal em plen\\u00e1ria do STF em 11\\\/12\\\/2025, com a participa\\u00e7\\u00e3o do Greenpeace Brasil como amigo da corte.&quot;,&quot;focus_image&quot;:&quot;&quot;,&quot;credits&quot;:&quot;\\u00a9 Antonio Augusto\\\/STF&quot;},{&quot;image_src&quot;:&quot;https:\\\/\\\/www.greenpeace.org\\\/static\\\/planet4-brasil-stateless\\\/2026\\\/03\\\/4538e75f-54977279747_8b66cedbe5_c.jpg&quot;,&quot;image_srcset&quot;:&quot;https:\\\/\\\/www.greenpeace.org\\\/static\\\/planet4-brasil-stateless\\\/2026\\\/03\\\/4538e75f-54977279747_8b66cedbe5_c.jpg 800w, https:\\\/\\\/www.greenpeace.org\\\/static\\\/planet4-brasil-stateless\\\/2026\\\/03\\\/4538e75f-54977279747_8b66cedbe5_c-300x200.jpg 300w, https:\\\/\\\/www.greenpeace.org\\\/static\\\/planet4-brasil-stateless\\\/2026\\\/03\\\/4538e75f-54977279747_8b66cedbe5_c-768x513.jpg 768w, https:\\\/\\\/www.greenpeace.org\\\/static\\\/planet4-brasil-stateless\\\/2026\\\/03\\\/4538e75f-54977279747_8b66cedbe5_c-510x340.jpg 510w&quot;,&quot;image_sizes&quot;:false,&quot;alt_text&quot;:&quot;&quot;,&quot;caption&quot;:&quot;Julgamento do Marco Temporal em plen\\u00e1ria do STF em 11\\\/12\\\/2025, com a participa\\u00e7\\u00e3o do Greenpeace Brasil como amigo da corte.&quot;,&quot;focus_image&quot;:&quot;&quot;,&quot;credits&quot;:&quot;\\u00a9 Antonio Augusto\\\/STF&quot;},{&quot;image_src&quot;:&quot;https:\\\/\\\/www.greenpeace.org\\\/static\\\/planet4-brasil-stateless\\\/2026\\\/03\\\/0fd3f468-54978413174_f26f5eb2a0_c.jpg&quot;,&quot;image_srcset&quot;:&quot;https:\\\/\\\/www.greenpeace.org\\\/static\\\/planet4-brasil-stateless\\\/2026\\\/03\\\/0fd3f468-54978413174_f26f5eb2a0_c.jpg 800w, https:\\\/\\\/www.greenpeace.org\\\/static\\\/planet4-brasil-stateless\\\/2026\\\/03\\\/0fd3f468-54978413174_f26f5eb2a0_c-300x200.jpg 300w, https:\\\/\\\/www.greenpeace.org\\\/static\\\/planet4-brasil-stateless\\\/2026\\\/03\\\/0fd3f468-54978413174_f26f5eb2a0_c-768x513.jpg 768w, https:\\\/\\\/www.greenpeace.org\\\/static\\\/planet4-brasil-stateless\\\/2026\\\/03\\\/0fd3f468-54978413174_f26f5eb2a0_c-510x340.jpg 510w&quot;,&quot;image_sizes&quot;:false,&quot;alt_text&quot;:&quot;&quot;,&quot;caption&quot;:&quot;Julgamento do Marco Temporal em plen\\u00e1ria do STF em 11\\\/12\\\/2025, com a participa\\u00e7\\u00e3o do Greenpeace Brasil como amigo da corte.&quot;,&quot;focus_image&quot;:&quot;&quot;,&quot;credits&quot;:&quot;\\u00a9 Antonio Augusto\\\/STF&quot;}]}}\">\n<\/div>\n<p>O Brasil precisa agora decidir se quer ser um l\u00edder da economia verde ou ref\u00e9m de interesses de curto prazo que lucram com a destrui\u00e7\u00e3o. O Greenpeace segue vigilante no STF para garantir que fazer mais pelo meio ambiente nunca seja motivo de puni\u00e7\u00e3o.<\/p>\n\n<p class=\"has-text-align-center has-action-yellow-500-background-color has-background\"><mark style=\"background-color:var(--p4-action-yellow-500)\" class=\"has-inline-color\">Se voc\u00ea acredita que proteger a Amaz\u00f4nia \u00e9 essencial para o futuro do Brasil, <\/mark><strong><a href=\"https:\/\/doe.greenpeace.org.br\/a?cc=701Pm000018T4RYIA0&amp;entrypoint=blog_donate\" target=\"_blank\" rel=\"noreferrer noopener\"><mark style=\"background-color:var(--gp-green-800)\" class=\"has-inline-color has-beige-100-color\">apoie o trabalho do Greenpeace<\/mark><\/a><mark style=\"background-color:var(--gp-green-800)\" class=\"has-inline-color\">. <\/mark><\/strong><mark style=\"background-color:var(--p4-action-yellow-500)\" class=\"has-inline-color\">Sua doa\u00e7\u00e3o ajuda a fortalecer atua\u00e7\u00e3o jur\u00eddica, campanhas e a\u00e7\u00f5es que defendem a floresta e o clima.<\/mark><\/p>\n","protected":false},"excerpt":{"rendered":"<p>Voc\u00ea j\u00e1 imaginou um cen\u00e1rio onde o governo decide retirar incentivos de uma empresa justamente porque ela escolheu ser mais sustent\u00e1vel? Parece um absurdo, mas \u00e9 o que o Supremo&hellip;<\/p>\n","protected":false},"author":142,"featured_media":63030,"comment_status":"open","ping_status":"closed","sticky":false,"template":"","format":"standard","meta":{"ep_exclude_from_search":false,"p4_og_title":"","p4_og_description":"","p4_og_image":"","p4_og_image_id":"","p4_seo_canonical_url":"","p4_campaign_name":"","p4_local_project":"","p4_basket_name":"","p4_department":"","footnotes":""},"categories":[49,5],"tags":[46],"p4-page-type":[16],"class_list":["post-63021","post","type-post","status-publish","format-standard","has-post-thumbnail","hentry","category-amazonia","category-greenpeace","tag-desmatamento","p4-page-type-blog"],"_links":{"self":[{"href":"https:\/\/www.greenpeace.org\/brasil\/wp-json\/wp\/v2\/posts\/63021","targetHints":{"allow":["GET"]}}],"collection":[{"href":"https:\/\/www.greenpeace.org\/brasil\/wp-json\/wp\/v2\/posts"}],"about":[{"href":"https:\/\/www.greenpeace.org\/brasil\/wp-json\/wp\/v2\/types\/post"}],"author":[{"embeddable":true,"href":"https:\/\/www.greenpeace.org\/brasil\/wp-json\/wp\/v2\/users\/142"}],"replies":[{"embeddable":true,"href":"https:\/\/www.greenpeace.org\/brasil\/wp-json\/wp\/v2\/comments?post=63021"}],"version-history":[{"count":7,"href":"https:\/\/www.greenpeace.org\/brasil\/wp-json\/wp\/v2\/posts\/63021\/revisions"}],"predecessor-version":[{"id":63054,"href":"https:\/\/www.greenpeace.org\/brasil\/wp-json\/wp\/v2\/posts\/63021\/revisions\/63054"}],"wp:featuredmedia":[{"embeddable":true,"href":"https:\/\/www.greenpeace.org\/brasil\/wp-json\/wp\/v2\/media\/63030"}],"wp:attachment":[{"href":"https:\/\/www.greenpeace.org\/brasil\/wp-json\/wp\/v2\/media?parent=63021"}],"wp:term":[{"taxonomy":"category","embeddable":true,"href":"https:\/\/www.greenpeace.org\/brasil\/wp-json\/wp\/v2\/categories?post=63021"},{"taxonomy":"post_tag","embeddable":true,"href":"https:\/\/www.greenpeace.org\/brasil\/wp-json\/wp\/v2\/tags?post=63021"},{"taxonomy":"p4-page-type","embeddable":true,"href":"https:\/\/www.greenpeace.org\/brasil\/wp-json\/wp\/v2\/p4-page-type?post=63021"}],"curies":[{"name":"wp","href":"https:\/\/api.w.org\/{rel}","templated":true}]}}