{"id":63201,"date":"2026-04-01T11:24:14","date_gmt":"2026-04-01T14:24:14","guid":{"rendered":"https:\/\/www.greenpeace.org\/brasil\/?p=63201"},"modified":"2026-04-01T11:24:17","modified_gmt":"2026-04-01T14:24:17","slug":"especies-migratorias-por-que-sao-essenciais-para-a-protecao-do-oceano-sem-froteiras","status":"publish","type":"post","link":"https:\/\/www.greenpeace.org\/brasil\/blog\/especies-migratorias-por-que-sao-essenciais-para-a-protecao-do-oceano-sem-froteiras\/","title":{"rendered":"Esp\u00e9cies migrat\u00f3rias: por que s\u00e3o essenciais para a prote\u00e7\u00e3o do oceano sem froteiras"},"content":{"rendered":"\n<p><em>A <\/em><strong><em>COP15 da Conven\u00e7\u00e3o sobre Esp\u00e9cies Migrat\u00f3rias (CMS) <\/em><\/strong><em>terminou no domingo (29\/03) com importantes avan\u00e7os para a prote\u00e7\u00e3o da biodiversidade marinha e de esp\u00e9cies que cruzam fronteiras ao longo de seu ciclo de vida.<\/em><\/p>\n\n<figure class=\"wp-block-image size-full\"><img loading=\"lazy\" decoding=\"async\" width=\"800\" height=\"533\" src=\"https:\/\/www.greenpeace.org\/static\/planet4-brasil-stateless\/2026\/04\/922cc0b8-gp0su3vmk_low-res-800px.jpg\" alt=\"\" class=\"wp-image-63207\" srcset=\"https:\/\/www.greenpeace.org\/static\/planet4-brasil-stateless\/2026\/04\/922cc0b8-gp0su3vmk_low-res-800px.jpg 800w, https:\/\/www.greenpeace.org\/static\/planet4-brasil-stateless\/2026\/04\/922cc0b8-gp0su3vmk_low-res-800px-300x200.jpg 300w, https:\/\/www.greenpeace.org\/static\/planet4-brasil-stateless\/2026\/04\/922cc0b8-gp0su3vmk_low-res-800px-768x512.jpg 768w, https:\/\/www.greenpeace.org\/static\/planet4-brasil-stateless\/2026\/04\/922cc0b8-gp0su3vmk_low-res-800px-510x340.jpg 510w\" sizes=\"auto, (max-width: 800px) 100vw, 800px\" \/><figcaption class=\"wp-element-caption\">Golfinho-nariz-de-garrafa\u00a0(<em>Tursiops truncatus<\/em>)\u00a0<div class=\"credit icon-left\"> \u00a9 Greenpeace \/ BRIDGET FERGUSON<\/div><\/figcaption><\/figure>\n\n<p>Esp\u00e9cies migrat\u00f3rias como<strong> baleias, tubar\u00f5es e tartarugas marinhas<\/strong> percorrem milhares de quil\u00f4metros todos os anos. As baleias podem viajar entre <strong>8.000 e 10.000 km<\/strong> entre \u00e1reas de alimenta\u00e7\u00e3o e reprodu\u00e7\u00e3o. H\u00e1 registros de tubar\u00f5es que ultrapassam <strong>20.000 km<\/strong>, enquanto tartarugas podem atravessar oceanos inteiros.\u00a0<\/p>\n\n<p>Essas esp\u00e9cies n\u00e3o reconhecem fronteiras: passam por \u00e1guas nacionais e internacionais, conectando ecossistemas. Essa conectividade faz parte do ciclo de vida desses animais e altera\u00e7\u00f5es nessas rotas podem levar ao decl\u00ednio na popula\u00e7\u00e3o. Segundo a CMS, quase metade das esp\u00e9cies migrat\u00f3rias est\u00e3o sobre press\u00e3o.&nbsp;<\/p>\n\n<p>Entre as principais amea\u00e7as, est\u00e3o:<\/p>\n\n<ul class=\"wp-block-list\">\n<li>Expans\u00e3o de atividades industriais no oceano, como <a href=\"https:\/\/www.greenpeace.org\/brasil\/apoie\/petroleo-na-amazonia-nao\/\">explora\u00e7\u00e3o de petr\u00f3leo e g\u00e1s<\/a> e a <a href=\"https:\/\/www.youtube.com\/watch?v=ncyia9faIcY\">minera\u00e7\u00e3o em \u00e1guas profundas<\/a>;<br><\/li>\n\n\n\n<li>Degrada\u00e7\u00e3o de habitat;<br><\/li>\n\n\n\n<li>Polui\u00e7\u00e3o marinha;<\/li>\n<\/ul>\n\n<figure class=\"wp-block-image size-large\"><img loading=\"lazy\" decoding=\"async\" width=\"1024\" height=\"578\" src=\"https:\/\/www.greenpeace.org\/static\/planet4-brasil-stateless\/2026\/04\/07342533-view-of-the-room-cms-cop15-29mar2026_0-1024x578.jpg\" alt=\"\" class=\"wp-image-63204\" srcset=\"https:\/\/www.greenpeace.org\/static\/planet4-brasil-stateless\/2026\/04\/07342533-view-of-the-room-cms-cop15-29mar2026_0-1024x578.jpg 1024w, https:\/\/www.greenpeace.org\/static\/planet4-brasil-stateless\/2026\/04\/07342533-view-of-the-room-cms-cop15-29mar2026_0-300x169.jpg 300w, https:\/\/www.greenpeace.org\/static\/planet4-brasil-stateless\/2026\/04\/07342533-view-of-the-room-cms-cop15-29mar2026_0-768x433.jpg 768w, https:\/\/www.greenpeace.org\/static\/planet4-brasil-stateless\/2026\/04\/07342533-view-of-the-room-cms-cop15-29mar2026_0-510x288.jpg 510w, https:\/\/www.greenpeace.org\/static\/planet4-brasil-stateless\/2026\/04\/07342533-view-of-the-room-cms-cop15-29mar2026_0.jpg 1400w\" sizes=\"auto, (max-width: 1024px) 100vw, 1024px\" \/><figcaption class=\"wp-element-caption\">Reuni\u00e3o de encerramento da <em>COP15 da Conven\u00e7\u00e3o sobre Esp\u00e9cies Migrat\u00f3rias (CMS)<\/em>. @IISDO<\/figcaption><\/figure>\n\n<div class=\"wp-block-group is-layout-constrained wp-block-group-is-layout-constrained\">\n<h2 class=\"wp-block-heading\" style=\"font-size:27px\"><strong>Proteger rotas migrat\u00f3rias \u00e9 essencial para conservar o oceano<\/strong><br><\/h2>\n<\/div>\n\n<p>\u00c9 nesse contexto que o Brasil sediou a COP15 da CMS, que terminou no domingo (29\/03) com importantes avan\u00e7os para a prote\u00e7\u00e3o de esp\u00e9cies que cruzam fronteiras ao longo de seu ciclo de vida.<\/p>\n\n<p>Entre os principais resultados da confer\u00eancia, est\u00e1 a <a href=\"https:\/\/enb.iisd.org\/conference-parties-convention-migratory-species-wild-animals-cms-cop15-29mar2026\">inclus\u00e3o de mais de 40 novas esp\u00e9cies nos anexos da Conven\u00e7\u00e3o<\/a>, ampliando o n\u00edvel de prote\u00e7\u00e3o internacional desses animais. Entre elas, esp\u00e9cies marinhas altamente migrat\u00f3rias, como tubar\u00f5es oce\u00e2nicos e raias-manta, que dependem de m\u00faltiplas \u00e1reas ao longo de suas rotas.<\/p>\n\n<p>Tamb\u00e9m avan\u00e7aram os planos de a\u00e7\u00e3o para:<\/p>\n\n<ul class=\"wp-block-list\">\n<li>baleias e golfinhos;<\/li>\n\n\n\n<li>tartarugas marinhas;<\/li>\n\n\n\n<li>aves marinhas.<\/li>\n<\/ul>\n\n<p>O foco \u00e9 reduzir amea\u00e7as ao longo de todo o ciclo de vida dessas esp\u00e9cies.<\/p>\n\n<p>No caso das tartarugas, destaca-se a necessidade de proteger n\u00e3o apenas \u00e1reas de desova, mas tamb\u00e9m <strong>corredores migrat\u00f3rios<\/strong>. Para baleias e golfinhos, ganhou relev\u00e2ncia o impacto da <strong>polui\u00e7\u00e3o sonora<\/strong>, que afeta a comunica\u00e7\u00e3o, orienta\u00e7\u00e3o e sobreviv\u00eancia dos animais.<\/p>\n\n<figure class=\"wp-block-image size-full\"><img loading=\"lazy\" decoding=\"async\" width=\"800\" height=\"533\" src=\"https:\/\/www.greenpeace.org\/static\/planet4-brasil-stateless\/2026\/04\/27f54dad-gp0sttufm_low-res-800px.jpg\" alt=\"\" class=\"wp-image-63205\" srcset=\"https:\/\/www.greenpeace.org\/static\/planet4-brasil-stateless\/2026\/04\/27f54dad-gp0sttufm_low-res-800px.jpg 800w, https:\/\/www.greenpeace.org\/static\/planet4-brasil-stateless\/2026\/04\/27f54dad-gp0sttufm_low-res-800px-300x200.jpg 300w, https:\/\/www.greenpeace.org\/static\/planet4-brasil-stateless\/2026\/04\/27f54dad-gp0sttufm_low-res-800px-768x512.jpg 768w, https:\/\/www.greenpeace.org\/static\/planet4-brasil-stateless\/2026\/04\/27f54dad-gp0sttufm_low-res-800px-510x340.jpg 510w\" sizes=\"auto, (max-width: 800px) 100vw, 800px\" \/><figcaption class=\"wp-element-caption\">golfinho-cabe\u00e7a-de-mel\u00e3o (<em>Peponocephala electra<\/em>)<div class=\"credit icon-left\"> \u00a9 Pierre Baelen \/ Greenpeace<\/div><\/figcaption><\/figure>\n\n<h2 class=\"wp-block-heading\" style=\"font-size:27px\"><strong>Tratado Global dos Oceanos: chave para proteger o alto-mar<\/strong><\/h2>\n\n<p>Os avan\u00e7os da COP15 refor\u00e7am a import\u00e2ncia do <a href=\"https:\/\/www.youtube.com\/watch?v=nOT8NEpvzZU\">Tratado Global dos Oceanos<\/a> (tamb\u00e9m chamado de Acordo BBNJ), que cria mecanismos para:<\/p>\n\n<ul class=\"wp-block-list\">\n<li>estabelecer \u00e1reas marinhas protegidas em alto-mar;<\/li>\n\n\n\n<li>avaliar impactos ambientais de atividades industriais;<\/li>\n\n\n\n<li>fortalecer a coopera\u00e7\u00e3o internacional.<\/li>\n<\/ul>\n\n<p>Hoje, cerca de <strong>64% do oceano est\u00e1 em \u00e1guas profundas<\/strong>, mas <strong>menos de 1% dessas \u00e1reas est\u00e1 efetivamente protegido.<\/strong><\/p>\n\n<p>Sem uma abordagem integrada, as rotas migrat\u00f3rias permanecem fragmentadas. O tratado abre caminho para proteger n\u00e3o apenas \u00e1reas isoladas, mas sistemas ecol\u00f3gicos conectados.<\/p>\n\n<figure class=\"wp-block-image size-full\"><img loading=\"lazy\" decoding=\"async\" width=\"800\" height=\"531\" src=\"https:\/\/www.greenpeace.org\/static\/planet4-brasil-stateless\/2026\/04\/9ec6928d-gp0stpbov_low-res-800px.jpg\" alt=\"\" class=\"wp-image-63206\" srcset=\"https:\/\/www.greenpeace.org\/static\/planet4-brasil-stateless\/2026\/04\/9ec6928d-gp0stpbov_low-res-800px.jpg 800w, https:\/\/www.greenpeace.org\/static\/planet4-brasil-stateless\/2026\/04\/9ec6928d-gp0stpbov_low-res-800px-300x199.jpg 300w, https:\/\/www.greenpeace.org\/static\/planet4-brasil-stateless\/2026\/04\/9ec6928d-gp0stpbov_low-res-800px-768x510.jpg 768w, https:\/\/www.greenpeace.org\/static\/planet4-brasil-stateless\/2026\/04\/9ec6928d-gp0stpbov_low-res-800px-510x340.jpg 510w\" sizes=\"auto, (max-width: 800px) 100vw, 800px\" \/><figcaption class=\"wp-element-caption\">Tubar\u00e3o-seda<em>\u00a0(<\/em>Carcharhinus falciformis<em>)<\/em><div class=\"credit icon-left\"> \u00a9 Paul Hilton \/ Greenpeace<\/div><\/figcaption><\/figure>\n\n<h2 class=\"wp-block-heading\" style=\"font-size:27px\"><strong>Agora, o foco est\u00e1 na implementa\u00e7\u00e3o<\/strong><\/h2>\n\n<p>Os compromissos firmados na COP15 e no Tratado Global dos Oceanos s\u00f3 ganham sentido se forem traduzidos em pol\u00edticas concretas.<\/p>\n\n<p>Isso inclui:<\/p>\n\n<ul class=\"wp-block-list\">\n<li>cria\u00e7\u00e3o e gest\u00e3o efetiva de \u00e1reas marinhas protegidas;<\/li>\n\n\n\n<li>uso de dados cient\u00edficos sobre rotas migrat\u00f3rias;<\/li>\n\n\n\n<li>planejamento espacial marinho participativo e transparente;<\/li>\n\n\n\n<li>licenciamento adequado de atividades industriais no mar.\u00a0<\/li>\n<\/ul>\n\n<p>\u00c9 essencial a escuta e participa\u00e7\u00e3o ativa de povos e comunidades costeiras, incluindo comunidades tradicionais, quilombolas e povos ind\u00edgenas, que historicamente mant\u00eam uma rela\u00e7\u00e3o direta com esses territ\u00f3rios e det\u00eam conhecimentos fundamentais para a conserva\u00e7\u00e3o.&nbsp;<\/p>\n\n<p>Integrar <strong>ci\u00eancia, pol\u00edtica p\u00fablica e saberes tradicionais<\/strong> ser\u00e1 essencial para garantir que a prote\u00e7\u00e3o do oceano seja, de fato, efetiva e justa. O Brasil precisa se alinhar a uma l\u00f3gica de prote\u00e7\u00e3o da biodiversidade baseada na <strong>conectividade de ecossistemas<\/strong>, reconhecendo que a vida no oceano n\u00e3o acontece de forma isolada. Assim como as esp\u00e9cies migrat\u00f3rias atravessam \u00e1guas costeiras, profundas e territ\u00f3rios de diferentes povos, a governan\u00e7a tamb\u00e9m precisa estar integrada, articulando conserva\u00e7\u00e3o, pol\u00edticas p\u00fablicas e o conhecimento de quem vive nesses territ\u00f3rios.<\/p>\n\n<p>\u00c9 essa articula\u00e7\u00e3o que vai determinar se os compromissos assumidos no papel ser\u00e3o capazes de sustentar a vida, em movimento, no oceano.<\/p>\n\n<p>Assine a peti\u00e7\u00e3o\u00a0<a href=\"https:\/\/www.greenpeace.org\/brasil\/apoie\/parem-a-mineracao-em-aguas-profundas\/\"><strong>Parem a Minera\u00e7\u00e3o em \u00c1guas Profundas<\/strong><\/a>\u00a0e ajude a pressionar por um futuro saud\u00e1vel da biodiversidade marinha no alto-mar.<\/p>\n\n<p><\/p>\n","protected":false},"excerpt":{"rendered":"<p>A COP15 da Conven\u00e7\u00e3o sobre Esp\u00e9cies Migrat\u00f3rias (CMS) terminou no domingo (29\/03) com importantes avan\u00e7os para a prote\u00e7\u00e3o da biodiversidade marinha e de esp\u00e9cies que cruzam fronteiras ao longo de seu ciclo de vida.<\/p>\n","protected":false},"author":139,"featured_media":63203,"comment_status":"open","ping_status":"closed","sticky":false,"template":"","format":"standard","meta":{"ep_exclude_from_search":false,"p4_og_title":"","p4_og_description":"","p4_og_image":"","p4_og_image_id":"","p4_seo_canonical_url":"","p4_campaign_name":"Oceans Are Life","p4_local_project":"Parem a minera\u00e7\u00e3o em \u00e1guas profundas","p4_basket_name":"Oceans","p4_department":"","footnotes":""},"categories":[64,3],"tags":[],"p4-page-type":[16],"class_list":["post-63201","post","type-post","status-publish","format-standard","has-post-thumbnail","hentry","category-oceanos","category-proteja-a-natureza","p4-page-type-blog"],"_links":{"self":[{"href":"https:\/\/www.greenpeace.org\/brasil\/wp-json\/wp\/v2\/posts\/63201","targetHints":{"allow":["GET"]}}],"collection":[{"href":"https:\/\/www.greenpeace.org\/brasil\/wp-json\/wp\/v2\/posts"}],"about":[{"href":"https:\/\/www.greenpeace.org\/brasil\/wp-json\/wp\/v2\/types\/post"}],"author":[{"embeddable":true,"href":"https:\/\/www.greenpeace.org\/brasil\/wp-json\/wp\/v2\/users\/139"}],"replies":[{"embeddable":true,"href":"https:\/\/www.greenpeace.org\/brasil\/wp-json\/wp\/v2\/comments?post=63201"}],"version-history":[{"count":2,"href":"https:\/\/www.greenpeace.org\/brasil\/wp-json\/wp\/v2\/posts\/63201\/revisions"}],"predecessor-version":[{"id":63209,"href":"https:\/\/www.greenpeace.org\/brasil\/wp-json\/wp\/v2\/posts\/63201\/revisions\/63209"}],"wp:featuredmedia":[{"embeddable":true,"href":"https:\/\/www.greenpeace.org\/brasil\/wp-json\/wp\/v2\/media\/63203"}],"wp:attachment":[{"href":"https:\/\/www.greenpeace.org\/brasil\/wp-json\/wp\/v2\/media?parent=63201"}],"wp:term":[{"taxonomy":"category","embeddable":true,"href":"https:\/\/www.greenpeace.org\/brasil\/wp-json\/wp\/v2\/categories?post=63201"},{"taxonomy":"post_tag","embeddable":true,"href":"https:\/\/www.greenpeace.org\/brasil\/wp-json\/wp\/v2\/tags?post=63201"},{"taxonomy":"p4-page-type","embeddable":true,"href":"https:\/\/www.greenpeace.org\/brasil\/wp-json\/wp\/v2\/p4-page-type?post=63201"}],"curies":[{"name":"wp","href":"https:\/\/api.w.org\/{rel}","templated":true}]}}