{"id":63458,"date":"2026-04-26T12:00:00","date_gmt":"2026-04-26T15:00:00","guid":{"rendered":"https:\/\/www.greenpeace.org\/brasil\/?p=63458"},"modified":"2026-04-24T15:08:28","modified_gmt":"2026-04-24T18:08:28","slug":"34-anos-do-greenpeace-brasil-historias-e-conquistas-que-marcaram-a-defesa-do-meio-ambiente","status":"publish","type":"post","link":"https:\/\/www.greenpeace.org\/brasil\/blog\/34-anos-do-greenpeace-brasil-historias-e-conquistas-que-marcaram-a-defesa-do-meio-ambiente\/","title":{"rendered":"34 anos do Greenpeace Brasil: hist\u00f3rias e conquistas que marcaram a defesa do meio ambiente"},"content":{"rendered":"\n<p><em>Em 2026, o Greenpeace Brasil completa 34 anos de atua\u00e7\u00e3o na defesa do meio ambiente, com uma trajet\u00f3ria marcada por mobiliza\u00e7\u00e3o, den\u00fancias e conquistas importantes para florestas, oceanos, clima e biodiversidade.<\/em><\/p>\n\n<p><strong>Trajet\u00f3ria de mobiliza\u00e7\u00e3o ambiental no Brasil<\/strong><\/p>\n\n<p>Desde o in\u00edcio de sua atua\u00e7\u00e3o no pa\u00eds, o Greenpeace Brasil trabalha para expor crimes ambientais, pressionar governos e empresas por responsabilidade e mobilizar a sociedade em defesa do planeta. Ao longo dessas mais de tr\u00eas d\u00e9cadas, a organiza\u00e7\u00e3o contribui para colocar temas como desmatamento, crise clim\u00e1tica e prote\u00e7\u00e3o da Amaz\u00f4nia no centro do debate p\u00fablico, fortalecendo a defesa do planeta.<\/p>\n\n<p>Para celebrar essa trajet\u00f3ria, acabamos de lan\u00e7ar uma nova p\u00e1gina que re\u00fane algumas das principais conquistas do Greenpeace Brasil. O conte\u00fado apresenta marcos hist\u00f3ricos da atua\u00e7\u00e3o da organiza\u00e7\u00e3o e mostra como a mobiliza\u00e7\u00e3o coletiva tem sido fundamental para impulsionar mudan\u00e7as reais na prote\u00e7\u00e3o ambiental.<\/p>\n\n<p><strong>Import\u00e2ncia da a\u00e7\u00e3o coletiva para o meio ambiente<\/strong><\/p>\n\n<p>As conquistas destacadas na nova p\u00e1gina refor\u00e7am um ponto essencial: a a\u00e7\u00e3o coletiva funciona. Cada avan\u00e7o foi resultado da uni\u00e3o de ativistas, volunt\u00e1rios, apoiadores e comunidades que se mobilizaram para defender o meio ambiente e exigir transforma\u00e7\u00f5es.<\/p>\n\n<p>Mais do que revisitar o passado, este \u00e9 um convite \u00e0 reflex\u00e3o sobre o presente e o futuro. As vit\u00f3rias ambientais s\u00e3o fruto de press\u00e3o p\u00fablica, participa\u00e7\u00e3o social e engajamento cont\u00ednuo. E ainda h\u00e1 muito a ser feito!<\/p>\n\n<p><strong>Desafios ambientais do presente e do futuro<\/strong><\/p>\n\n<p>Assista ao v\u00eddeo abaixo e relembre alguns dos momentos mais marcantes dessa hist\u00f3ria:<\/p>\n\n<figure class=\"wp-block-embed is-type-video is-provider-youtube wp-block-embed-youtube wp-embed-aspect-9-16 wp-has-aspect-ratio\"><div class=\"wp-block-embed__wrapper\">\n<iframe loading=\"lazy\" title=\"34 anos de Greenpeace Brasil\" width=\"422\" height=\"750\" src=\"https:\/\/www.youtube.com\/embed\/cdXoTj6TUSA?feature=oembed\" frameborder=\"0\" allow=\"accelerometer; autoplay; clipboard-write; encrypted-media; gyroscope; picture-in-picture; web-share\" referrerpolicy=\"strict-origin-when-cross-origin\" allowfullscreen><\/iframe>\n<\/div><\/figure>\n\n<p>Celebrar os 34 anos do Greenpeace Brasil \u00e9 tamb\u00e9m olhar para frente. O mundo enfrenta desafios cada vez mais urgentes, como a crise clim\u00e1tica, a perda acelerada da biodiversidade e as amea\u00e7as a territ\u00f3rios e comunidades tradicionais.<\/p>\n\n<p>Relembre alguns dos momentos que marcaram essa trajet\u00f3ria visitando a nossa <a href=\"https:\/\/www.greenpeace.org\/brasil\/nossas-conquistas\/\">p\u00e1gina de Conquistas<\/a>.<\/p>\n\n<p>Agradecemos o apoio de todos que fizeram parte da nossa hist\u00f3ria at\u00e9 aqui e deixamos o convite para quem queira se juntar ao nosso ativismo!<\/p>\n\n<p><\/p>\n","protected":false},"excerpt":{"rendered":"<p>Em 2026, o Greenpeace Brasil completa 34 anos de atua\u00e7\u00e3o na defesa do meio ambiente, com uma trajet\u00f3ria marcada por mobiliza\u00e7\u00e3o, den\u00fancias e conquistas importantes para florestas, oceanos, clima e&hellip;<\/p>\n","protected":false},"author":28,"featured_media":63459,"comment_status":"open","ping_status":"closed","sticky":false,"template":"","format":"standard","meta":{"ep_exclude_from_search":false,"p4_og_title":"","p4_og_description":"","p4_og_image":"","p4_og_image_id":"","p4_seo_canonical_url":"","p4_campaign_name":"","p4_local_project":"","p4_basket_name":"","p4_department":"","footnotes":""},"categories":[1],"tags":[50],"p4-page-type":[16],"class_list":["post-63458","post","type-post","status-publish","format-standard","has-post-thumbnail","hentry","category-sem-categoria","tag-institucional","p4-page-type-blog"],"_links":{"self":[{"href":"https:\/\/www.greenpeace.org\/brasil\/wp-json\/wp\/v2\/posts\/63458","targetHints":{"allow":["GET"]}}],"collection":[{"href":"https:\/\/www.greenpeace.org\/brasil\/wp-json\/wp\/v2\/posts"}],"about":[{"href":"https:\/\/www.greenpeace.org\/brasil\/wp-json\/wp\/v2\/types\/post"}],"author":[{"embeddable":true,"href":"https:\/\/www.greenpeace.org\/brasil\/wp-json\/wp\/v2\/users\/28"}],"replies":[{"embeddable":true,"href":"https:\/\/www.greenpeace.org\/brasil\/wp-json\/wp\/v2\/comments?post=63458"}],"version-history":[{"count":1,"href":"https:\/\/www.greenpeace.org\/brasil\/wp-json\/wp\/v2\/posts\/63458\/revisions"}],"predecessor-version":[{"id":63461,"href":"https:\/\/www.greenpeace.org\/brasil\/wp-json\/wp\/v2\/posts\/63458\/revisions\/63461"}],"wp:featuredmedia":[{"embeddable":true,"href":"https:\/\/www.greenpeace.org\/brasil\/wp-json\/wp\/v2\/media\/63459"}],"wp:attachment":[{"href":"https:\/\/www.greenpeace.org\/brasil\/wp-json\/wp\/v2\/media?parent=63458"}],"wp:term":[{"taxonomy":"category","embeddable":true,"href":"https:\/\/www.greenpeace.org\/brasil\/wp-json\/wp\/v2\/categories?post=63458"},{"taxonomy":"post_tag","embeddable":true,"href":"https:\/\/www.greenpeace.org\/brasil\/wp-json\/wp\/v2\/tags?post=63458"},{"taxonomy":"p4-page-type","embeddable":true,"href":"https:\/\/www.greenpeace.org\/brasil\/wp-json\/wp\/v2\/p4-page-type?post=63458"}],"curies":[{"name":"wp","href":"https:\/\/api.w.org\/{rel}","templated":true}]}}