{"id":63477,"date":"2026-04-27T17:27:24","date_gmt":"2026-04-27T20:27:24","guid":{"rendered":"https:\/\/www.greenpeace.org\/brasil\/?p=63477"},"modified":"2026-04-27T17:27:31","modified_gmt":"2026-04-27T20:27:31","slug":"energias-renovaveis-alimentam-a-paz-global-alerta-acao-do-greenpeace-na-conferencia-de-santa-marta","status":"publish","type":"post","link":"https:\/\/www.greenpeace.org\/brasil\/imprensa\/energias-renovaveis-alimentam-a-paz-global-alerta-acao-do-greenpeace-na-conferencia-de-santa-marta\/","title":{"rendered":"\u201cEnergias Renov\u00e1veis alimentam a paz global\u201d, alerta a\u00e7\u00e3o do Greenpeace na Confer\u00eancia de Santa Marta"},"content":{"rendered":"\n<p class=\"has-text-align-center\"><em>Ativistas do Greenpeace formaram mensagens gigantes em uma das principais praias da cidade pedindo que os pa\u00edses acelerem a transi\u00e7\u00e3o energ\u00e9tica para longe dos combust\u00edveis f\u00f3sseis de forma justa e equitativa<\/em><\/p>\n\n<p class=\"has-text-align-center\"><em>A\u00e7\u00e3o tamb\u00e9m foi uma resposta \u00e0s guerras e conflitos motivadas por combust\u00edveis f\u00f3sseis<\/em><\/p>\n\n<figure class=\"wp-block-image size-large\"><img loading=\"lazy\" decoding=\"async\" width=\"1024\" height=\"576\" src=\"https:\/\/www.greenpeace.org\/static\/planet4-brasil-stateless\/2026\/04\/08ccd774-gp0su8ria_medium-res-1200px-1024x576.jpg\" alt=\"\" class=\"wp-image-63478\" srcset=\"https:\/\/www.greenpeace.org\/static\/planet4-brasil-stateless\/2026\/04\/08ccd774-gp0su8ria_medium-res-1200px-1024x576.jpg 1024w, https:\/\/www.greenpeace.org\/static\/planet4-brasil-stateless\/2026\/04\/08ccd774-gp0su8ria_medium-res-1200px-300x169.jpg 300w, https:\/\/www.greenpeace.org\/static\/planet4-brasil-stateless\/2026\/04\/08ccd774-gp0su8ria_medium-res-1200px-768x432.jpg 768w, https:\/\/www.greenpeace.org\/static\/planet4-brasil-stateless\/2026\/04\/08ccd774-gp0su8ria_medium-res-1200px-510x287.jpg 510w, https:\/\/www.greenpeace.org\/static\/planet4-brasil-stateless\/2026\/04\/08ccd774-gp0su8ria_medium-res-1200px.jpg 1200w\" sizes=\"auto, (max-width: 1024px) 100vw, 1024px\" \/><figcaption class=\"wp-element-caption\"><em>Interven\u00e7\u00e3o na praia de Santa Marta durante a Confer\u00eancia sobre Transi\u00e7\u00e3o Energ\u00e9tica<\/em><div class=\"credit icon-left\"> \u00a9 Sergio Calder\u00f3n Cort\u00e9s \/ Gr<\/div><\/figcaption><\/figure>\n\n<p><strong>Santa Marta, Col\u00f4mbia, 27 de abril &#8211; <\/strong>Para chamar a aten\u00e7\u00e3o dos cerca de 60 pa\u00edses que se reunir\u00e3o em Santa Marta nos pr\u00f3ximos dias 28 e 29 para a 1\u00aa <em>Confer\u00eancia Internacional sobre Transi\u00e7\u00e3o para Longe dos Combust\u00edveis F\u00f3sseis, a<\/em>tivistas do Greenpeace formaram frases gigantes em uma das praias da cidade com as mensagens: \u201cRenewables Power Peace\u201d (Energias Renov\u00e1veis impulsionam a Paz, em tradu\u00e7\u00e3o literal), se referindo aos atuais conflitos globais, e \u201cEnd Fossil Fuel\u201d (fim dos combust\u00edveis f\u00f3sseis)<\/p>\n\n<p>Em meio ao cen\u00e1rio de crise energ\u00e9tica global causada pela guerra entre os Estados Unidos e Israel contra o Ir\u00e3, a manifesta\u00e7\u00e3o do Greenpeace em Santa Marta serve como um lembrete de que o &#8220;porto seguro&#8221; e estabilidade global devem ser constru\u00eddos sobre bases sustent\u00e1veis, energias renov\u00e1veis e o fim dos combust\u00edveis f\u00f3sseis.&nbsp;<\/p>\n\n<p>O porta-voz do Greenpeace Austr\u00e1lia Pac\u00edfico, Shiva Gounden, destaca: \u201cEnquanto guerras ilegais e jogos de poder pol\u00edtico sufocam o fornecimento mundial de energia, a Confer\u00eancia de Santa Marta surge como um momento hist\u00f3rico e um ponto de virada nas discuss\u00f5es sobre transi\u00e7\u00e3o. \u00c9, tamb\u00e9m, uma oportunidade para tra\u00e7armos um caminho para nos libertarmos do dom\u00ednio dos combust\u00edveis f\u00f3sseis e fazer a transi\u00e7\u00e3o para energias renov\u00e1veis e produzidas localmente.&nbsp;<\/p>\n\n<p>O atual momento de crises e conflitos globais nos mostra que a transi\u00e7\u00e3o n\u00e3o \u00e9 mais uma necessidade clim\u00e1tica apenas, \u00e9 tamb\u00e9m o caminho para a paz e a seguran\u00e7a energ\u00e9tica, e para um futuro seguro para as comunidades em todo o mundo\u201d.<\/p>\n\n<figure class=\"wp-block-image size-large\"><img loading=\"lazy\" decoding=\"async\" width=\"1024\" height=\"768\" src=\"https:\/\/www.greenpeace.org\/static\/planet4-brasil-stateless\/2026\/04\/51a6c57e-gp0su8riq_medium-res-1200px-1024x768.jpg\" alt=\"\" class=\"wp-image-63479\" srcset=\"https:\/\/www.greenpeace.org\/static\/planet4-brasil-stateless\/2026\/04\/51a6c57e-gp0su8riq_medium-res-1200px-1024x768.jpg 1024w, https:\/\/www.greenpeace.org\/static\/planet4-brasil-stateless\/2026\/04\/51a6c57e-gp0su8riq_medium-res-1200px-300x225.jpg 300w, https:\/\/www.greenpeace.org\/static\/planet4-brasil-stateless\/2026\/04\/51a6c57e-gp0su8riq_medium-res-1200px-768x576.jpg 768w, https:\/\/www.greenpeace.org\/static\/planet4-brasil-stateless\/2026\/04\/51a6c57e-gp0su8riq_medium-res-1200px-453x340.jpg 453w, https:\/\/www.greenpeace.org\/static\/planet4-brasil-stateless\/2026\/04\/51a6c57e-gp0su8riq_medium-res-1200px.jpg 1200w\" sizes=\"auto, (max-width: 1024px) 100vw, 1024px\" \/><figcaption class=\"wp-element-caption\"><em>A\u00e7\u00e3o do Greenpeace na praia de Santa Marta durante a 1\u00aa Confer\u00eancia sobre Transi\u00e7\u00e3o Energ\u00e9tica<\/em><div class=\"credit icon-left\"> \u00a9 Sergio Calder\u00f3n Cort\u00e9s \/ Gr<\/div><\/figcaption><\/figure>\n\n<p>A a\u00e7\u00e3o tamb\u00e9m alertou que a Amaz\u00f4nia n\u00e3o pode se tornar a nova fronteira global de explora\u00e7\u00e3o de g\u00e1s e petr\u00f3leo. Uma transi\u00e7\u00e3o justa para longe dos combust\u00edveis f\u00f3sseis deve ser constru\u00edda com, por e para as pessoas dessa regi\u00e3o.<\/p>\n\n<p>A especialista em pol\u00edticas clim\u00e1ticas do Greenpeace Brasil, Anna C\u00e1rcamo, afirma: \u201cAs discuss\u00f5es em Santa Marta devem fornecer insumos para a elabora\u00e7\u00e3o do \u2018Mapa do Caminho para a Transi\u00e7\u00e3o para Longe dos Combust\u00edveis F\u00f3sseis\u2019, liderado pela Presid\u00eancia da COP30. Este documento ser\u00e1 de suma import\u00e2ncia para oferecer um roteiro aos pa\u00edses sobre como impulsionar a transi\u00e7\u00e3o para um novo sistema que, em vez de reproduzir os atuais modelos extrativistas coloniais, proteja as pessoas e o meio ambiente e beneficie as comunidades e territ\u00f3rios locais, principalmente no Sul Global, onde est\u00e3o os mais impactados pela crise clim\u00e1tica\u201d.&nbsp;<\/p>\n\n<ul class=\"wp-block-list\">\n<li><strong>Fotos e v\u00eddeos da a\u00e7\u00e3o<\/strong> est\u00e3o dispon\u00edveis para uso da imprensa no<a href=\"https:\/\/media.greenpeace.org\/Detail\/27MZIFJHOIL6X\"><strong> banco de imagens <\/strong><\/a>do Greenpeace.\u00a0<\/li>\n<\/ul>\n\n<p><strong>Nota t\u00e9cnica sobre transi\u00e7\u00e3o justa&nbsp;<\/strong><\/p>\n\n<p>O Greenpeace apresentou aos governos que estar\u00e3o presentes em Santa Marta, assim como \u00e0 Presid\u00eancia da COP30, uma nota t\u00e9cnica elaborada pela organiza\u00e7\u00e3o com recomenda\u00e7\u00f5es sobre como acelerar a transi\u00e7\u00e3o energ\u00e9tica, com a\u00e7\u00f5es priorit\u00e1rias para 2026 e para a COP31, que ser\u00e1 realizada em novembro, na Turquia.&nbsp;&nbsp;<\/p>\n\n<p>\u201cPara todos os pa\u00edses, a suspens\u00e3o imediata da expans\u00e3o da produ\u00e7\u00e3o de combust\u00edveis f\u00f3sseis \u00e9 um passo priorit\u00e1rio para colocar a transi\u00e7\u00e3o em pr\u00e1tica. Al\u00e9m de urgente, a transi\u00e7\u00e3o tamb\u00e9m precisa ser justa, com medidas que garantam o respeito aos direitos humanos, a manuten\u00e7\u00e3o dos empregos, a resili\u00eancia, o acesso equitativo \u00e0 energia e a participa\u00e7\u00e3o das pessoas. A forma como financiaremos a transi\u00e7\u00e3o para longe dos combust\u00edveis f\u00f3sseis determinar\u00e1 se esta ser\u00e1 r\u00e1pida, justa e equitativa. Para isso acontecer, ser\u00e1 necess\u00e1rio que os pa\u00edses desenvolvidos forne\u00e7am financiamento de qualidade e adequado aos pa\u00edses em desenvolvimento\u201d, explica C\u00e1rcamo.<\/p>\n\n<p>A nota t\u00e9cnica na \u00edntegra pode ser lida <a href=\"https:\/\/www.greenpeace.org\/static\/planet4-brasil-stateless\/2026\/04\/839fbb4d-nota-tecnica-a-just-transition-away-from-fossil-fuels-.docx.pdf\">aqui<\/a>.<\/p>\n\n<p>Especialistas e porta-vozes do Greenpeace acompanham o evento e est\u00e3o dispon\u00edveis para entrevistas.&nbsp;<\/p>\n\n<p><strong>Confer\u00eancia em Santa Marta<\/strong><\/p>\n\n<p>Anunciada pelos governos da Col\u00f4mbia e da Holanda durante a COP30, a <em>1\u00aa Confer\u00eancia Internacional sobre Transi\u00e7\u00e3o para Longe dos Combust\u00edveis F\u00f3sseis <\/em>\u00e9 um desdobramento da COP28, em que os pa\u00edses concordaram em promover uma \u201ctransi\u00e7\u00e3o para longe dos combust\u00edveis f\u00f3sseis justa, equitativa e ordenada\u201d, mas que, at\u00e9 o momento, n\u00e3o avan\u00e7aram nas discuss\u00f5es. A Confer\u00eancia busca ser um espa\u00e7o complementar \u00e0s COPs do clima, para fortalecer a colabora\u00e7\u00e3o entre os pa\u00edses que j\u00e1 est\u00e3o engajados com a transi\u00e7\u00e3o energ\u00e9tica justa.&nbsp;<\/p>\n\n<p>Cerca de 60 governos da Am\u00e9rica Latina, incluindo o Brasil, a Uni\u00e3o Europeia, \u00c1frica e Pac\u00edfico, estar\u00e3o na Confer\u00eancia.&nbsp;<\/p>\n\n<p><strong>Sobre o Greenpeace Brasil<\/strong><\/p>\n\n<p>O Greenpeace Brasil \u00e9 uma organiza\u00e7\u00e3o ativista ambiental sem fins lucrativos, que atua desde 1992 na defesa do meio ambiente.&nbsp;Ao lado de todas as pessoas que buscam um mundo mais verde, justo e pac\u00edfico, a organiza\u00e7\u00e3o atua h\u00e1 mais de 30 anos pela defesa do meio ambiente denunciando e confrontando governos, empresas e projetos que incentivam a destrui\u00e7\u00e3o das florestas.<\/p>\n\n<p><strong>Informa\u00e7\u00f5es para a imprensa&nbsp;<\/strong><\/p>\n\n<p><strong>Ag\u00eancia Galo |&nbsp;<\/strong><a href=\"mailto:imprensa.br@greenpeace.org\">imprensa.br@greenpeace.org<\/a><\/p>\n\n<p>Milka Ver\u00edssimo | 11 95761 2703<\/p>\n\n<p>Thiago Rebou\u00e7as | 11 98562 3094<\/p>\n","protected":false},"excerpt":{"rendered":"<p>Ativistas do Greenpeace formaram mensagens gigantes em uma das principais praias da cidade pedindo que os pa\u00edses acelerem a transi\u00e7\u00e3o energ\u00e9tica para longe dos combust\u00edveis f\u00f3sseis de forma justa e&hellip;<\/p>\n","protected":false},"author":121,"featured_media":63478,"comment_status":"closed","ping_status":"closed","sticky":false,"template":"","format":"standard","meta":{"ep_exclude_from_search":false,"p4_og_title":"","p4_og_description":"","p4_og_image":"","p4_og_image_id":"","p4_seo_canonical_url":"","p4_campaign_name":"","p4_local_project":"","p4_basket_name":"","p4_department":"","footnotes":""},"categories":[74,5],"tags":[7,13],"p4-page-type":[14],"class_list":["post-63477","post","type-post","status-publish","format-standard","has-post-thumbnail","hentry","category-cop30","category-greenpeace","tag-energia","tag-greenpeace","p4-page-type-imprensa"],"_links":{"self":[{"href":"https:\/\/www.greenpeace.org\/brasil\/wp-json\/wp\/v2\/posts\/63477","targetHints":{"allow":["GET"]}}],"collection":[{"href":"https:\/\/www.greenpeace.org\/brasil\/wp-json\/wp\/v2\/posts"}],"about":[{"href":"https:\/\/www.greenpeace.org\/brasil\/wp-json\/wp\/v2\/types\/post"}],"author":[{"embeddable":true,"href":"https:\/\/www.greenpeace.org\/brasil\/wp-json\/wp\/v2\/users\/121"}],"replies":[{"embeddable":true,"href":"https:\/\/www.greenpeace.org\/brasil\/wp-json\/wp\/v2\/comments?post=63477"}],"version-history":[{"count":1,"href":"https:\/\/www.greenpeace.org\/brasil\/wp-json\/wp\/v2\/posts\/63477\/revisions"}],"predecessor-version":[{"id":63480,"href":"https:\/\/www.greenpeace.org\/brasil\/wp-json\/wp\/v2\/posts\/63477\/revisions\/63480"}],"wp:featuredmedia":[{"embeddable":true,"href":"https:\/\/www.greenpeace.org\/brasil\/wp-json\/wp\/v2\/media\/63478"}],"wp:attachment":[{"href":"https:\/\/www.greenpeace.org\/brasil\/wp-json\/wp\/v2\/media?parent=63477"}],"wp:term":[{"taxonomy":"category","embeddable":true,"href":"https:\/\/www.greenpeace.org\/brasil\/wp-json\/wp\/v2\/categories?post=63477"},{"taxonomy":"post_tag","embeddable":true,"href":"https:\/\/www.greenpeace.org\/brasil\/wp-json\/wp\/v2\/tags?post=63477"},{"taxonomy":"p4-page-type","embeddable":true,"href":"https:\/\/www.greenpeace.org\/brasil\/wp-json\/wp\/v2\/p4-page-type?post=63477"}],"curies":[{"name":"wp","href":"https:\/\/api.w.org\/{rel}","templated":true}]}}