{"id":63481,"date":"2026-04-28T09:24:07","date_gmt":"2026-04-28T12:24:07","guid":{"rendered":"https:\/\/www.greenpeace.org\/brasil\/?p=63481"},"modified":"2026-04-28T09:24:10","modified_gmt":"2026-04-28T12:24:10","slug":"juventude-que-vota-transforma-como-tirar-o-titulo-de-eleitor-para-as-eleicoes-2026","status":"publish","type":"post","link":"https:\/\/www.greenpeace.org\/brasil\/blog\/juventude-que-vota-transforma-como-tirar-o-titulo-de-eleitor-para-as-eleicoes-2026\/","title":{"rendered":"Juventude que vota transforma: como tirar o t\u00edtulo de eleitor para as elei\u00e7\u00f5es 2026"},"content":{"rendered":"\n<p><em>Seu voto pode ajudar a decidir o futuro do Brasil e das pr\u00f3ximas gera\u00e7\u00f5es<\/em><br><\/p>\n\n<figure class=\"wp-block-image size-large\"><img loading=\"lazy\" decoding=\"async\" width=\"1024\" height=\"683\" src=\"https:\/\/www.greenpeace.org\/static\/planet4-brasil-stateless\/2026\/04\/b56ced02-gp0stty16-1024x683.jpg\" alt=\"\" class=\"wp-image-63482\" srcset=\"https:\/\/www.greenpeace.org\/static\/planet4-brasil-stateless\/2026\/04\/b56ced02-gp0stty16-1024x683.jpg 1024w, https:\/\/www.greenpeace.org\/static\/planet4-brasil-stateless\/2026\/04\/b56ced02-gp0stty16-300x200.jpg 300w, https:\/\/www.greenpeace.org\/static\/planet4-brasil-stateless\/2026\/04\/b56ced02-gp0stty16-768x512.jpg 768w, https:\/\/www.greenpeace.org\/static\/planet4-brasil-stateless\/2026\/04\/b56ced02-gp0stty16-1536x1024.jpg 1536w, https:\/\/www.greenpeace.org\/static\/planet4-brasil-stateless\/2026\/04\/b56ced02-gp0stty16-2048x1366.jpg 2048w, https:\/\/www.greenpeace.org\/static\/planet4-brasil-stateless\/2026\/04\/b56ced02-gp0stty16-510x340.jpg 510w\" sizes=\"auto, (max-width: 1024px) 100vw, 1024px\" \/><figcaption><div class=\"credit icon-left\"> \u00a9 Barbara Veiga \/ Greenpeace<\/div><\/figcaption><\/figure>\n\n<p>O voto \u00e9 uma das ferramentas mais poderosas que temos para transformar a nossa realidade. \u00c9 por meio dele que escolhemos quem tomar\u00e1 decis\u00f5es que impactam diretamente nossas vidas, nossas cidades e o futuro do planeta.&nbsp;<\/p>\n\n<p>As decis\u00f5es tomadas por nossos representantes, como presidente, governadores, senadores e deputados, influenciam diretamente a sua escola, o seu bairro, o pre\u00e7o dos alimentos, as oportunidades de emprego, o acesso \u00e0 cultura e ao lazer e o direito a um meio ambiente equilibrado. Quando a juventude participa das elei\u00e7\u00f5es, a democracia se torna ainda mais forte e as pautas que importam para o presente e para o futuro ganham mais espa\u00e7o.<\/p>\n\n<p>Emprego, comida na mesa, dinheiro no bolso e oportunidades de estudo est\u00e3o conectados \u00e0s decis\u00f5es pol\u00edticas que moldam o nosso pa\u00eds. J\u00e1 parou pra pensar que o pre\u00e7o dos alimentos, do \u00f4nibus, da conta de luz e at\u00e9 do aluguel passam pelas escolhas de quem a gente elege? Tudo isso influencia diretamente os nossos custos e a nossa qualidade de vida.&nbsp;<\/p>\n\n<p>Se voc\u00ea quer um pa\u00eds com mais oportunidades, servi\u00e7os p\u00fablicos melhores e um futuro mais justo para todos, o primeiro passo \u00e9 participar das elei\u00e7\u00f5es. Por isso, tirar o t\u00edtulo de eleitor \u00e9 fundamental.&nbsp;<\/p>\n\n<p>Se voc\u00ea tem entre 16 e 18 anos ou ainda n\u00e3o tirou seu t\u00edtulo, este \u00e9 o momento de participar. Ter o t\u00edtulo de eleitor \u00e9 o primeiro passo para fazer sua voz contar nas decis\u00f5es que v\u00e3o moldar o futuro do Brasil. O processo \u00e9 simples, pode ser feito totalmente online e pode ser feito at\u00e9 o dia 6 de maio de 2026.<\/p>\n\n<p><strong>Aqui est\u00e1 o passo a passo para voc\u00ea resolver tudo de casa, pelo celular, sem precisar ir a um cart\u00f3rio eleitoral:<\/strong><\/p>\n\n<h3 class=\"wp-block-heading\"><strong>1. Onde fazer?<\/strong><\/h3>\n\n<p>O portal oficial para todas essas opera\u00e7\u00f5es (alistamento, revis\u00e3o ou regulariza\u00e7\u00e3o) \u00e9 o <a href=\"https:\/\/www.tse.jus.br\/servicos-eleitorais\/titulo-eleitoral\/autoatendimento-eleitoral\"><strong>Autoatendimento Eleitoral \u2013 T\u00edtulo Net<\/strong><\/a>, dispon\u00edvel no site do <a href=\"https:\/\/www.tse.jus.br\/\">Tribunal Superior Eleitoral (TSE)<\/a>.<\/p>\n\n<h3 class=\"wp-block-heading\"><strong>2. Passo a passo para o Primeiro T\u00edtulo (Alistamento)<\/strong><\/h3>\n\n<p><strong>Prepare os documentos:<\/strong> Digitalize ou tire fotos n\u00edtidas de:<\/p>\n\n<ul class=\"wp-block-list\">\n<li>Documento oficial de identidade (RG, CNH, Passaporte, Carteira de Trabalho, etc.).<\/li>\n\n\n\n<li>Comprovante de resid\u00eancia atualizado (emitido nos \u00faltimos 3 meses).<\/li>\n\n\n\n<li>Para homens entre 18 e 45 anos: Certificado de quita\u00e7\u00e3o militar.<\/li>\n\n\n\n<li>Uma selfie segurando o seu documento de identidade ao lado do rosto.<\/li>\n<\/ul>\n\n<p><strong>Acesse o T\u00edtulo Net:<\/strong><strong><br><\/strong>No site do TSE, selecione a op\u00e7\u00e3o <strong>\u201cTirar o primeiro t\u00edtulo\u201d<\/strong> (ou a op\u00e7\u00e3o correspondente).<\/p>\n\n<p><strong>Preencha os dados:<\/strong><strong><br><\/strong>Insira todas as informa\u00e7\u00f5es solicitadas, como nome completo, e-mail e demais dados pessoais.<\/p>\n\n<p><strong>Envie os arquivos:<\/strong><strong><br><\/strong>Fa\u00e7a o upload das fotos ou scans dos documentos. Aten\u00e7\u00e3o: as imagens precisam estar leg\u00edveis; caso contr\u00e1rio, o pedido pode ser negado.<\/p>\n\n<p><strong>Acompanhe o pedido:<\/strong><strong><br><\/strong>Guarde o n\u00famero do protocolo gerado para consultar o andamento da solicita\u00e7\u00e3o no pr\u00f3prio site.<\/p>\n\n<h3 class=\"wp-block-heading\"><strong>3. Passo a passo para a regulariza\u00e7\u00e3o<\/strong><\/h3>\n\n<p>Se o seu t\u00edtulo est\u00e1 cancelado ou suspenso (por exemplo, por n\u00e3o ter votado ou justificado em elei\u00e7\u00f5es anteriores):<\/p>\n\n<p><strong>Verifique d\u00e9bitos:<\/strong><strong><br><\/strong>Antes de iniciar a regulariza\u00e7\u00e3o, acesse a op\u00e7\u00e3o <strong>\u201cConsultas &gt; D\u00e9bitos Eleitorais\u201d<\/strong> no site do TSE. Caso existam multas por aus\u00eancia \u00e0s urnas, ser\u00e1 necess\u00e1rio emitir e pagar esses d\u00e9bitos.<\/p>\n\n<p><strong>Solicite a regulariza\u00e7\u00e3o:<\/strong><strong><br><\/strong>Ap\u00f3s quitar eventuais multas, acesse o <a href=\"https:\/\/www.tse.jus.br\/servicos-eleitorais\/titulo-eleitoral\/autoatendimento-eleitoral\"><strong>T\u00edtulo Net<\/strong><\/a> e selecione a op\u00e7\u00e3o de <strong>revis\u00e3o ou regulariza\u00e7\u00e3o<\/strong>.<\/p>\n\n<p><strong>Envie a documenta\u00e7\u00e3o:<\/strong><strong><br><\/strong>Siga o mesmo procedimento de envio de fotos dos documentos exigidos para o seu caso.<\/p>\n\n<p><strong>Aguarde a an\u00e1lise:<\/strong><strong><br><\/strong>Depois da aprova\u00e7\u00e3o do cart\u00f3rio eleitoral, voc\u00ea poder\u00e1 emitir a certid\u00e3o de quita\u00e7\u00e3o eleitoral ou baixar o documento no celular.<\/p>\n\n<h3 class=\"wp-block-heading\"><strong>*Dicas importantes<\/strong><\/h3>\n\n<p><strong>E-T\u00edtulo:<\/strong><strong><br><\/strong>Depois de regularizado ou criado, n\u00e3o \u00e9 necess\u00e1rio ter o t\u00edtulo em papel. Basta baixar o aplicativo <strong>e-T\u00edtulo<\/strong> (dispon\u00edvel na Google Play e na App Store) no seu celular, que serve como documento oficial.<\/p>\n\n<p><strong>Qualidade das fotos:<\/strong><strong><br><\/strong>O motivo mais comum para pedidos serem negados \u00e9 a baixa qualidade das fotos dos documentos. Garanta que todas as informa\u00e7\u00f5es estejam perfeitamente leg\u00edveis.<\/p>\n\n<p><strong>Prazo:<\/strong><strong><br><\/strong>O tempo de resposta pode variar conforme o movimento do cart\u00f3rio eleitoral da sua regi\u00e3o; por isso, acompanhe o andamento pelo site, usando o n\u00famero de protocolo.<\/p>\n\n<p>Participar das elei\u00e7\u00f5es \u00e9 um ato de responsabilidade coletiva. A mudan\u00e7a que queremos ver no Brasil tamb\u00e9m passa pelas urnas, e voc\u00ea, jovem cidad\u00e3o, tem um papel central nessa transforma\u00e7\u00e3o!<\/p>\n","protected":false},"excerpt":{"rendered":"<p>Seu voto pode ajudar a decidir o futuro do Brasil e das pr\u00f3ximas gera\u00e7\u00f5es<\/p>\n","protected":false},"author":28,"featured_media":63482,"comment_status":"open","ping_status":"closed","sticky":false,"template":"","format":"standard","meta":{"ep_exclude_from_search":false,"p4_og_title":"","p4_og_description":"","p4_og_image":"","p4_og_image_id":"","p4_seo_canonical_url":"","p4_campaign_name":"","p4_local_project":"","p4_basket_name":"","p4_department":"","footnotes":""},"categories":[1],"tags":[50],"p4-page-type":[16],"class_list":["post-63481","post","type-post","status-publish","format-standard","has-post-thumbnail","hentry","category-sem-categoria","tag-institucional","p4-page-type-blog"],"_links":{"self":[{"href":"https:\/\/www.greenpeace.org\/brasil\/wp-json\/wp\/v2\/posts\/63481","targetHints":{"allow":["GET"]}}],"collection":[{"href":"https:\/\/www.greenpeace.org\/brasil\/wp-json\/wp\/v2\/posts"}],"about":[{"href":"https:\/\/www.greenpeace.org\/brasil\/wp-json\/wp\/v2\/types\/post"}],"author":[{"embeddable":true,"href":"https:\/\/www.greenpeace.org\/brasil\/wp-json\/wp\/v2\/users\/28"}],"replies":[{"embeddable":true,"href":"https:\/\/www.greenpeace.org\/brasil\/wp-json\/wp\/v2\/comments?post=63481"}],"version-history":[{"count":1,"href":"https:\/\/www.greenpeace.org\/brasil\/wp-json\/wp\/v2\/posts\/63481\/revisions"}],"predecessor-version":[{"id":63483,"href":"https:\/\/www.greenpeace.org\/brasil\/wp-json\/wp\/v2\/posts\/63481\/revisions\/63483"}],"wp:featuredmedia":[{"embeddable":true,"href":"https:\/\/www.greenpeace.org\/brasil\/wp-json\/wp\/v2\/media\/63482"}],"wp:attachment":[{"href":"https:\/\/www.greenpeace.org\/brasil\/wp-json\/wp\/v2\/media?parent=63481"}],"wp:term":[{"taxonomy":"category","embeddable":true,"href":"https:\/\/www.greenpeace.org\/brasil\/wp-json\/wp\/v2\/categories?post=63481"},{"taxonomy":"post_tag","embeddable":true,"href":"https:\/\/www.greenpeace.org\/brasil\/wp-json\/wp\/v2\/tags?post=63481"},{"taxonomy":"p4-page-type","embeddable":true,"href":"https:\/\/www.greenpeace.org\/brasil\/wp-json\/wp\/v2\/p4-page-type?post=63481"}],"curies":[{"name":"wp","href":"https:\/\/api.w.org\/{rel}","templated":true}]}}