{"id":63492,"date":"2026-04-28T16:45:35","date_gmt":"2026-04-28T19:45:35","guid":{"rendered":"https:\/\/www.greenpeace.org\/brasil\/?p=63492"},"modified":"2026-04-28T16:49:33","modified_gmt":"2026-04-28T19:49:33","slug":"greenpeace-reage-a-plenaria-de-abertura-do-segmento-de-alto-nivel-da-1a-conferencia-da-transicao-para-longe-dos-combustiveis-fosseis","status":"publish","type":"post","link":"https:\/\/www.greenpeace.org\/brasil\/imprensa\/greenpeace-reage-a-plenaria-de-abertura-do-segmento-de-alto-nivel-da-1a-conferencia-da-transicao-para-longe-dos-combustiveis-fosseis\/","title":{"rendered":"Greenpeace reage \u00e0 plen\u00e1ria de abertura do segmento de alto n\u00edvel da 1\u00aa Confer\u00eancia da Transi\u00e7\u00e3o Para Longe dos Combust\u00edveis F\u00f3sseis"},"content":{"rendered":"\n<figure class=\"wp-block-image size-large\"><img loading=\"lazy\" decoding=\"async\" width=\"1024\" height=\"768\" src=\"https:\/\/www.greenpeace.org\/static\/planet4-brasil-stateless\/2026\/04\/51a6c57e-gp0su8riq_medium-res-1200px-1024x768.jpg\" alt=\"\" class=\"wp-image-63479\" srcset=\"https:\/\/www.greenpeace.org\/static\/planet4-brasil-stateless\/2026\/04\/51a6c57e-gp0su8riq_medium-res-1200px-1024x768.jpg 1024w, https:\/\/www.greenpeace.org\/static\/planet4-brasil-stateless\/2026\/04\/51a6c57e-gp0su8riq_medium-res-1200px-300x225.jpg 300w, https:\/\/www.greenpeace.org\/static\/planet4-brasil-stateless\/2026\/04\/51a6c57e-gp0su8riq_medium-res-1200px-768x576.jpg 768w, https:\/\/www.greenpeace.org\/static\/planet4-brasil-stateless\/2026\/04\/51a6c57e-gp0su8riq_medium-res-1200px-453x340.jpg 453w, https:\/\/www.greenpeace.org\/static\/planet4-brasil-stateless\/2026\/04\/51a6c57e-gp0su8riq_medium-res-1200px.jpg 1200w\" sizes=\"auto, (max-width: 1024px) 100vw, 1024px\" \/><figcaption class=\"wp-element-caption\">A\u00e7\u00e3o do Greenpeace na praia de Santa Marta durante a 1\u00aa Confer\u00eancia sobre Transi\u00e7\u00e3o Energ\u00e9tica<div class=\"credit icon-left\"> \u00a9 Sergio Calder\u00f3n Cort\u00e9s \/ Gr<\/div><\/figcaption><\/figure>\n\n<p><strong>Santa Marta, Col\u00f4mbia, 28 de abril &#8211; <\/strong>Governos de cerca de 56 pa\u00edses se reuniram hoje na sess\u00e3o de abertura de alto n\u00edvel da Primeira Confer\u00eancia da Transi\u00e7\u00e3o Para Longe dos Combust\u00edveis F\u00f3sseis, em Santa Marta. O Greenpeace est\u00e1 com uma delega\u00e7\u00e3o de especialistas em energia e pol\u00edticas clim\u00e1ticas acompanhando o evento.&nbsp;<\/p>\n\n<p>Em resposta \u00e0 fala da CEO da COP30, Ana Toni, a especialista em pol\u00edtica clim\u00e1tica do Greenpeace Brasil, Anna C\u00e1rcamo, afirma:<\/p>\n\n<p>\u201cA Presid\u00eancia da COP30 fez um discurso comprometido com a transi\u00e7\u00e3o para longe dos combust\u00edveis f\u00f3sseis, destacando que esta precisa ser justa, planejada e acelerada. A fala \u00e9 acertada, mas ainda falta maior alinhamento no cen\u00e1rio dom\u00e9stico. O Brasil j\u00e1 iniciou o seu processo de Mapa do Caminho, mas este precisa ser finalizado e precisa garantir a participa\u00e7\u00e3o da sociedade civil. Para avan\u00e7ar com a transi\u00e7\u00e3o de forma coerente, todos os pa\u00edses devem desenvolver seus pr\u00f3prios Mapas do Caminho com metas e prazos concretos e n\u00e3o deveriam abrir novas \u00e1reas de extra\u00e7\u00e3o, especialmente em \u00e1reas de import\u00e2ncia socioambiental como a Foz do Amazonas\u201d.<\/p>\n\n<p>Em resposta \u00e0s v\u00e1rias declara\u00e7\u00f5es de ministros e outros representantes governamentais de alto n\u00edvel sobre a liga\u00e7\u00e3o entre combust\u00edveis f\u00f3sseis e conflitos, Rodrigo Estrada, Consultor S\u00eanior sobre Clima do Greenpeace Internacional, comenta:<\/p>\n\n<p>\u201cOs riscos de seguran\u00e7a associados \u00e0 energia f\u00f3ssil s\u00e3o ineg\u00e1veis; a implementa\u00e7\u00e3o gradual de energias renov\u00e1veis \u200b\u200bsignifica estabilidade e um futuro vi\u00e1vel em um mundo cada vez mais inst\u00e1vel. Ouvimos isso com clareza esta manh\u00e3 de representantes do Pac\u00edfico, da Am\u00e9rica Latina, da \u00c1frica e de outras regi\u00f5es. Agora, nossos governos, principalmente os pa\u00edses desenvolvidos, precisam ir al\u00e9m das palavras e implementar a\u00e7\u00f5es para deixar para tr\u00e1s o carv\u00e3o, o petr\u00f3leo e o g\u00e1s, para que todos possamos prosperar em um mundo mais justo e pac\u00edfico\u201d.<\/p>\n\n<p><strong>Sobre o Greenpeace Brasil<\/strong><\/p>\n\n<p><em>O Greenpeace Brasil \u00e9 uma organiza\u00e7\u00e3o ativista ambiental sem fins lucrativos, que atua desde 1992 na defesa do meio ambiente.&nbsp;Ao lado de todas as pessoas que buscam um mundo mais verde, justo e pac\u00edfico, a organiza\u00e7\u00e3o atua h\u00e1 mais de 30 anos pela defesa do meio ambiente denunciando e confrontando governos, empresas e projetos que incentivam a destrui\u00e7\u00e3o das florestas.<\/em><\/p>\n\n<p><strong>Informa\u00e7\u00f5es para a imprensa&nbsp;<\/strong><\/p>\n\n<p><strong>Ag\u00eancia Galo |&nbsp;<\/strong><a href=\"mailto:imprensa.br@greenpeace.org\">imprensa.br@greenpeace.org<\/a><\/p>\n\n<p>Milka Ver\u00edssimo | 11 95761 2703<\/p>\n\n<p>Thiago Rebou\u00e7as | 11 98562 3094<\/p>\n","protected":false},"excerpt":{"rendered":"<p>Santa Marta, Col\u00f4mbia, 28 de abril &#8211; Governos de cerca de 56 pa\u00edses se reuniram hoje na sess\u00e3o de abertura de alto n\u00edvel da Primeira Confer\u00eancia da Transi\u00e7\u00e3o Para Longe&hellip;<\/p>\n","protected":false},"author":121,"featured_media":63479,"comment_status":"closed","ping_status":"closed","sticky":false,"template":"","format":"standard","meta":{"ep_exclude_from_search":false,"p4_og_title":"","p4_og_description":"","p4_og_image":"","p4_og_image_id":"","p4_seo_canonical_url":"","p4_campaign_name":"","p4_local_project":"","p4_basket_name":"","p4_department":"","footnotes":""},"categories":[74],"tags":[7,13],"p4-page-type":[14],"class_list":["post-63492","post","type-post","status-publish","format-standard","has-post-thumbnail","hentry","category-cop30","tag-energia","tag-greenpeace","p4-page-type-imprensa"],"_links":{"self":[{"href":"https:\/\/www.greenpeace.org\/brasil\/wp-json\/wp\/v2\/posts\/63492","targetHints":{"allow":["GET"]}}],"collection":[{"href":"https:\/\/www.greenpeace.org\/brasil\/wp-json\/wp\/v2\/posts"}],"about":[{"href":"https:\/\/www.greenpeace.org\/brasil\/wp-json\/wp\/v2\/types\/post"}],"author":[{"embeddable":true,"href":"https:\/\/www.greenpeace.org\/brasil\/wp-json\/wp\/v2\/users\/121"}],"replies":[{"embeddable":true,"href":"https:\/\/www.greenpeace.org\/brasil\/wp-json\/wp\/v2\/comments?post=63492"}],"version-history":[{"count":1,"href":"https:\/\/www.greenpeace.org\/brasil\/wp-json\/wp\/v2\/posts\/63492\/revisions"}],"predecessor-version":[{"id":63493,"href":"https:\/\/www.greenpeace.org\/brasil\/wp-json\/wp\/v2\/posts\/63492\/revisions\/63493"}],"wp:featuredmedia":[{"embeddable":true,"href":"https:\/\/www.greenpeace.org\/brasil\/wp-json\/wp\/v2\/media\/63479"}],"wp:attachment":[{"href":"https:\/\/www.greenpeace.org\/brasil\/wp-json\/wp\/v2\/media?parent=63492"}],"wp:term":[{"taxonomy":"category","embeddable":true,"href":"https:\/\/www.greenpeace.org\/brasil\/wp-json\/wp\/v2\/categories?post=63492"},{"taxonomy":"post_tag","embeddable":true,"href":"https:\/\/www.greenpeace.org\/brasil\/wp-json\/wp\/v2\/tags?post=63492"},{"taxonomy":"p4-page-type","embeddable":true,"href":"https:\/\/www.greenpeace.org\/brasil\/wp-json\/wp\/v2\/p4-page-type?post=63492"}],"curies":[{"name":"wp","href":"https:\/\/api.w.org\/{rel}","templated":true}]}}